{"id":122796,"date":"2025-12-27T13:24:21","date_gmt":"2025-12-27T13:24:21","guid":{"rendered":"https:\/\/www.europesays.com\/no\/122796\/"},"modified":"2025-12-27T13:24:21","modified_gmt":"2025-12-27T13:24:21","slug":"stromstans-for-bergensbanen","status":"publish","type":"post","link":"https:\/\/www.europesays.com\/no\/122796\/","title":{"rendered":"Str\u00f8mstans for Bergensbanen"},"content":{"rendered":"\n<p class=\"_lead_o9xde_2 _lead_xtcu6_50 layout-component text-serif-m layout-normal text-serif-l layout-component layout-wide layout-padded _wide_17hqh_1 layout-padded\">Str\u00f8mproblemene kan vare til i kveld, if\u00f8lge Bane NOR.<\/p>\n<p><img alt=\" Foto: Vy \/ Bane NOR \/ Handout \/ NTB\" class=\"_image_qp4xg_65 layout-component layout-wide\" data-fullscreen- data-track-element-type=\"Article image fullscreen\" data-track-name=\"ImageFullscreen\" fetchpriority=\"high\" decoding=\"sync\" loading=\"eager\" height=\"3558\" itemprop=\"image\"  src=\"https:\/\/www.europesays.com\/no\/wp-content\/uploads\/2025\/12\/e2f94e93-bd71-48d4-bd93-83789174ad47\"  style=\"object-position:0% 0%\" width=\"3018\"\/> Foto: Vy \/ Bane NOR \/ Handout \/ NTB<\/p>\n<ul aria-hidden=\"true\" class=\"_images_ntbth_112\">\n<li><a class=\"_link_ntbth_117\" href=\"https:\/\/www.vg.no\/forfatter\/silje-kathrine-sviggum\" style=\"z-index:1\" title=\"Silje Kathrine Sviggum\" rel=\"nofollow noopener\" target=\"_blank\"><img alt=\"Bilde av Silje Kathrine Sviggum\" class=\"_image_ntbth_93\" fetchpriority=\"low\" loading=\"lazy\" decoding=\"async\" itemprop=\"image\"  src=\"https:\/\/www.europesays.com\/no\/wp-content\/uploads\/2025\/12\/1766841859_74_e676a608-6bb3-4134-98e2-0f7e4dee1ab7\"  width=\"480\"\/><\/a><\/li>\n<\/ul>\n<p> Oppdatert l\u00f8rdag 27. desember kl. 14:08     <\/p>\n<p class=\"_paragraph_o9xde_4 _paragraph_xtcu6_10 layout-component text-serif-m layout-normal text-serif-m layout-padded\">Togstansen mellom Geilo og \u00c5l skyldes feil p\u00e5 kj\u00f8restr\u00f8mmen.<\/p>\n<p class=\"_paragraph_o9xde_4 _paragraph_xtcu6_10 layout-component text-serif-m layout-normal text-serif-m layout-padded\">\u2013 Det er kontaktledningen som delvis ble revet ned av en gren, sier pressevakt Olav Nordli i <a href=\"https:\/\/www.vg.no\/tag\/bane-nor?utm_source=vg-article&amp;utm_medium=auto-tagger&amp;utm_campaign=oEp1OV\" class=\"_link_o9xde_39\" rel=\"nofollow noopener\" target=\"_blank\">Bane Nor<\/a> til VG.<\/p>\n<p class=\"_paragraph_o9xde_4 _paragraph_xtcu6_10 layout-component text-serif-m layout-normal text-serif-m layout-padded\">Str\u00f8mstansen inntraff i 9.30-tiden med det tidligste morgentoget fra Bergen til Oslo. <\/p>\n<p class=\"_paragraph_o9xde_4 _paragraph_xtcu6_10 layout-component text-serif-m layout-normal text-serif-m layout-padded\">\u2013 Det blir nok buss for tog forbi stedet, opplyser Nordli. <\/p>\n<p class=\"_paragraph_o9xde_4 _paragraph_xtcu6_10 layout-component text-serif-m layout-normal text-serif-m layout-padded\">\u2013 Vi har et h\u00e5p om at det kan bli fikset i l\u00f8pet av ettermiddagen eller tidlig kveld. I f\u00f8rste omgang blir det \u00e5 berge togsettet som st\u00e5r der hvor passasjerene er i ferd med \u00e5 bli tatt ut.<\/p>\n<p><img alt=\"Foto: Vy \/ Bane NOR \/ Handout \/ NTB\" class=\"_image_qp4xg_65 layout-component layout-normal\" data-fullscreen- data-track-element-type=\"Article image fullscreen\" data-track-name=\"ImageFullscreen\" decoding=\"async\" loading=\"lazy\" height=\"3885\" itemprop=\"image\"  src=\"https:\/\/www.europesays.com\/no\/wp-content\/uploads\/2025\/12\/47660bf3-7196-44b2-882f-b92e71cd561a\"  style=\"object-position:0% 0%\" width=\"3003\"\/>Foto: Vy \/ Bane NOR \/ Handout \/ NTB<\/p>\n<p class=\"_paragraph_o9xde_4 _paragraph_xtcu6_10 layout-component text-serif-m layout-normal text-serif-m layout-padded\">Reisende m\u00e5 regne med forsinkelser og toginnstillinger, melder <a href=\"https:\/\/www.vy.no\/trafikk-og-ruter\/trafikkinfo-for-tog-og-buss\" class=\"_link_o9xde_39\" rel=\"nofollow noopener\" target=\"_blank\">Vy <\/a>p\u00e5 sine hjemmesider.<\/p>\n<p class=\"_paragraph_o9xde_4 _paragraph_xtcu6_10 layout-component text-serif-m layout-normal text-serif-m layout-padded\">Ny oppdatering for reisnede kommer klokken 16.30, if\u00f8lge selskapet. <\/p>\n<p class=\"_paragraph_o9xde_4 _paragraph_xtcu6_10 layout-component text-serif-m layout-normal text-serif-m layout-padded\">I alt er det fire togavganger som er innstilt mellom \u00c5l og Geilo, men kommunikasjonssjef \u00c5ge-Christoffer Lundeby sier til <a href=\"https:\/\/www.ba.no\/bergensbanen-stengt-tog-kjorte-inn-i-tre-som-veltet-over-stromledningen\/s\/5-8-3267138\" class=\"_link_o9xde_39\" rel=\"nofollow noopener\" target=\"_blank\">Bergensavisen<\/a> det kan bli flere.<\/p>\n<p>    <img decoding=\"async\" alt=\"Tips oss illustrasjon\" src=\"https:\/\/www.europesays.com\/no\/wp-content\/uploads\/2025\/10\/pssst-small.webp.webp\"\/>    <\/p>\n<p class=\"title-serif-s\">Har du tips?<\/p>\n<p class=\"text-sans-m\">Send oss informasjon, bilder eller video.<\/p>\n<p>  <a href=\"https:\/\/www.vg.no\/tips-oss\" rel=\"nofollow noopener\" target=\"_blank\"> Tips oss <\/a>      <\/p>\n","protected":false},"excerpt":{"rendered":"Str\u00f8mproblemene kan vare til i kveld, if\u00f8lge Bane NOR. Foto: Vy \/ Bane NOR \/ Handout \/ NTB&hellip;\n","protected":false},"author":2,"featured_media":122797,"comment_status":"","ping_status":"","sticky":false,"template":"","format":"standard","meta":{"footnotes":""},"categories":[10],"tags":[934,2532,1954,31,20,21,24,25,10287,15,22,23,13,30,28,29,14,16,26,27],"class_list":{"0":"post-122796","1":"post","2":"type-post","3":"status-publish","4":"format-standard","5":"has-post-thumbnail","7":"category-norge","8":"tag-al","9":"tag-bane-nor","10":"tag-bergensbanen","11":"tag-breaking","12":"tag-breaking-news","13":"tag-breakingnews","14":"tag-featured-news","15":"tag-featurednews","16":"tag-geilo","17":"tag-headlines","18":"tag-latest-news","19":"tag-latestnews","20":"tag-news","21":"tag-no","22":"tag-norge","23":"tag-norway","24":"tag-nyheter","25":"tag-overskrifter","26":"tag-top-stories","27":"tag-topstories"},"share_on_mastodon":{"url":"https:\/\/pubeurope.com\/@no\/115791755303235698","error":""},"_links":{"self":[{"href":"https:\/\/www.europesays.com\/no\/wp-json\/wp\/v2\/posts\/122796","targetHints":{"allow":["GET"]}}],"collection":[{"href":"https:\/\/www.europesays.com\/no\/wp-json\/wp\/v2\/posts"}],"about":[{"href":"https:\/\/www.europesays.com\/no\/wp-json\/wp\/v2\/types\/post"}],"author":[{"embeddable":true,"href":"https:\/\/www.europesays.com\/no\/wp-json\/wp\/v2\/users\/2"}],"replies":[{"embeddable":true,"href":"https:\/\/www.europesays.com\/no\/wp-json\/wp\/v2\/comments?post=122796"}],"version-history":[{"count":0,"href":"https:\/\/www.europesays.com\/no\/wp-json\/wp\/v2\/posts\/122796\/revisions"}],"wp:featuredmedia":[{"embeddable":true,"href":"https:\/\/www.europesays.com\/no\/wp-json\/wp\/v2\/media\/122797"}],"wp:attachment":[{"href":"https:\/\/www.europesays.com\/no\/wp-json\/wp\/v2\/media?parent=122796"}],"wp:term":[{"taxonomy":"category","embeddable":true,"href":"https:\/\/www.europesays.com\/no\/wp-json\/wp\/v2\/categories?post=122796"},{"taxonomy":"post_tag","embeddable":true,"href":"https:\/\/www.europesays.com\/no\/wp-json\/wp\/v2\/tags?post=122796"}],"curies":[{"name":"wp","href":"https:\/\/api.w.org\/{rel}","templated":true}]}}