{"id":122800,"date":"2025-12-27T13:32:10","date_gmt":"2025-12-27T13:32:10","guid":{"rendered":"https:\/\/www.europesays.com\/no\/122800\/"},"modified":"2025-12-27T13:32:10","modified_gmt":"2025-12-27T13:32:10","slug":"bombe-legger-opp-pa-dagen","status":"publish","type":"post","link":"https:\/\/www.europesays.com\/no\/122800\/","title":{"rendered":"Bombe: Legger opp p\u00e5 dagen"},"content":{"rendered":"<p> Nyheten bekrefter hun selv p\u00e5 <a href=\"https:\/\/www.instagram.com\/p\/DSurCjKiNMp\/?hl=nb&amp;img_index=1\" rel=\"nofollow noopener\" target=\"_blank\">Instagram<\/a>. Beskjeden sl\u00e5r ned som en bombe i OL-sesongen.<\/p>\n<p>Den slovenske sprinteren har hatt noen tunge \u00e5r, og har slitt med \u00e5 vise gammel klasse. Tidlig i karrieren var hun kjent som en lynrask prologl\u00f8per, og hun tok ogs\u00e5 bronse p\u00e5 lagsprinten i Oberstdorf i 2021.<\/p>\n<p>Urevc fikk ogs\u00e5 mye oppmerksomhet for friske meldinger utenfor sporet:<\/p>\n<p>    <a class=\"article__link\" data-ga-active-label=\"\" data-ga-active-label-animation=\"\" href=\"https:\/\/www.tv2.no\/sport\/vintersport\/langrenn\/jeg-er-stolt-over-kroppen-min-hvorfor-ikke-vise-det\/10423575\/\" rel=\"nofollow noopener\" target=\"_blank\"><\/p>\n<p>    <img class=\"image__img lazyload\" itemprop=\"image\" title=\"\" alt=\"\" width=\"607\" height=\"407\" bad-src=\"https:\/\/www.europesays.com\/no\/wp-content\/uploads\/2025\/12\/18414419.webp\" fetchpriority=\"auto\" \/><\/p>\n<p>\n            \u2013 Jeg er stolt over kroppen min, hvorfor ikke vise det?\n        <\/p>\n<p>    <\/a><\/p>\n<p>P\u00e5 Instagram forklarer Urevc valget, og \u00e5pner opp om at hun har hatt problemer:<\/p>\n<p>\u2013 De siste \u00e5ret har hodet og kroppen min skreket h\u00f8yere enn ambisjonene mine. Jeg har slitt med helseutfordringer, som stadig dro meg ned i s\u00f8la da jeg var p\u00e5 vei tilbake. Det t\u00f8mte meg mer enn forventet. Ikke bare fysisk. Jeg ble ogs\u00e5 mentalt utslitt.<\/p>\n<p>Det siste rennet hun gikk i karrieren var under den svenske \u00e5pningen i G\u00e4llivare 23. november. Der ble hun nummer 44 p\u00e5 10 kilometer fristil.<\/p>\n<p>        <img class=\"image__img lazyload\" itemprop=\"image\" title=\"Foto: MAXIM THORE \/ BILDBYR\u00c5N\" alt=\"EN SISTE DANS: Som s\u00e5 mange andre har opplevd p\u00e5 dansegulvet i de sene nattetimer: Urevcs siste opptreden ble ingen h\u00f8ydare. Foto: MAXIM THORE \/ BILDBYR\u00c5N\" width=\"978\" height=\"551\" bad-src=\"https:\/\/www.europesays.com\/no\/wp-content\/uploads\/2025\/12\/18414413.webp\" fetchpriority=\"auto\" \/><\/p>\n<p>      EN SISTE DANS: Som s\u00e5 mange andre har opplevd p\u00e5 dansegulvet i de sene nattetimer: Urevcs siste opptreden ble ingen h\u00f8ydare.<br \/>\n         Foto: MAXIM THORE \/ BILDBYR\u00c5N<\/p>\n<p>Den slovenske l\u00f8peren forteller at \u00e5 konstant kjempe med de samme problemene har tappet henne s\u00e5 mye at motivasjonen har falmet:\u00a0<\/p>\n<p>\u2013 Jeg v\u00e5knet ikke med samme glede. Jeg var sliten og lei av \u00e5 kjempe og tvinge meg selv videre. Lei av \u00e5 late som alt var bra n\u00e5r det ikke var det, skriver hun.<\/p>\n<p>Og legger til:<\/p>\n<p>\u2013 Dette betyr ikke at jeg har feilet. Det betyr at jeg var modig nok til \u00e5 slutte med en kamp som gjorde meg vondt. N\u00e5 kan jeg endelig puste fritt igjen.<\/p>\n<p>Ole Vigen Hattestad er landslagstrener for Slovenia, og hadde ansvaret for Urevc.\u00a0<\/p>\n<p>Han forteller at det har v\u00e6rt t\u00f8ft:\u00a0<\/p>\n<p> \u2013 Hun har slitt enormt de siste to \u00e5ra, og har v\u00e6rt i tett dialog med det medisinske teamet. Men hun har ikke f\u00e5tt de svarene hun \u00f8nsker. Hun har stanget hodet i veggen lenge nok n\u00e5, sier den norske treneren.<\/p>\n<p>Tour de Ski starter med sprint l\u00f8rdag 28. desember. Totalt g\u00e5r touren over seks etapper. Siste etappe er s\u00f8ndag 4. januar.\u00a0<\/p>\n<p><script async src=\"\/\/www.instagram.com\/embed.js\"><\/script><\/p>\n","protected":false},"excerpt":{"rendered":"Nyheten bekrefter hun selv p\u00e5 Instagram. Beskjeden sl\u00e5r ned som en bombe i OL-sesongen. Den slovenske sprinteren har&hellip;\n","protected":false},"author":2,"featured_media":122801,"comment_status":"","ping_status":"","sticky":false,"template":"","format":"standard","meta":{"footnotes":""},"categories":[5],"tags":[20,21,24,25,15,19,22,23,17,18,13,30,28,29,14,16,26,27],"class_list":{"0":"post-122800","1":"post","2":"type-post","3":"status-publish","4":"format-standard","5":"has-post-thumbnail","7":"category-overskrifter","8":"tag-breaking-news","9":"tag-breakingnews","10":"tag-featured-news","11":"tag-featurednews","12":"tag-headlines","13":"tag-hovedoppslag","14":"tag-latest-news","15":"tag-latestnews","16":"tag-main-news","17":"tag-mainnews","18":"tag-news","19":"tag-no","20":"tag-norge","21":"tag-norway","22":"tag-nyheter","23":"tag-overskrifter","24":"tag-top-stories","25":"tag-topstories"},"share_on_mastodon":{"url":"https:\/\/pubeurope.com\/@no\/115791786467280925","error":""},"_links":{"self":[{"href":"https:\/\/www.europesays.com\/no\/wp-json\/wp\/v2\/posts\/122800","targetHints":{"allow":["GET"]}}],"collection":[{"href":"https:\/\/www.europesays.com\/no\/wp-json\/wp\/v2\/posts"}],"about":[{"href":"https:\/\/www.europesays.com\/no\/wp-json\/wp\/v2\/types\/post"}],"author":[{"embeddable":true,"href":"https:\/\/www.europesays.com\/no\/wp-json\/wp\/v2\/users\/2"}],"replies":[{"embeddable":true,"href":"https:\/\/www.europesays.com\/no\/wp-json\/wp\/v2\/comments?post=122800"}],"version-history":[{"count":0,"href":"https:\/\/www.europesays.com\/no\/wp-json\/wp\/v2\/posts\/122800\/revisions"}],"wp:featuredmedia":[{"embeddable":true,"href":"https:\/\/www.europesays.com\/no\/wp-json\/wp\/v2\/media\/122801"}],"wp:attachment":[{"href":"https:\/\/www.europesays.com\/no\/wp-json\/wp\/v2\/media?parent=122800"}],"wp:term":[{"taxonomy":"category","embeddable":true,"href":"https:\/\/www.europesays.com\/no\/wp-json\/wp\/v2\/categories?post=122800"},{"taxonomy":"post_tag","embeddable":true,"href":"https:\/\/www.europesays.com\/no\/wp-json\/wp\/v2\/tags?post=122800"}],"curies":[{"name":"wp","href":"https:\/\/api.w.org\/{rel}","templated":true}]}}