{"id":122805,"date":"2025-12-27T13:46:14","date_gmt":"2025-12-27T13:46:14","guid":{"rendered":"https:\/\/www.europesays.com\/no\/122805\/"},"modified":"2025-12-27T13:46:14","modified_gmt":"2025-12-27T13:46:14","slug":"uvaer-nyheter-store-skader-pa-sameie-i-bodo-en-svaert-alvorlig-situasjon-avisa-nordland","status":"publish","type":"post","link":"https:\/\/www.europesays.com\/no\/122805\/","title":{"rendered":"Uv\u00e6r, Nyheter | Store skader p\u00e5 sameie i Bod\u00f8: \u2013 En sv\u00e6rt alvorlig situasjon &#8211; Avisa Nordland"},"content":{"rendered":"<ol>\n<li><a href=\"https:\/\/news.google.com\/rss\/articles\/CBMikwFBVV95cUxQamxUVV9rOGxwanh0cGczcDRXRGdYRjdDUWJRbzBZWkVTakFkTVljbktWU2E2eEU5VFlTaTk0QlpVal9HREFvZmI4c3M5bUhYdDFSeWowUW9VVjhNb1NvemdzQXJocDNRRVRJNUMzWTZpNEU2RkVUYzRmdkVNcFdwYWdYMmE2MWc5SmNHRDJERWhpZms?oc=5\" target=\"_blank\" rel=\"nofollow noopener\">Uv\u00e6r, Nyheter | Store skader p\u00e5 sameie i Bod\u00f8: \u2013 En sv\u00e6rt alvorlig situasjon<\/a>&nbsp;&nbsp;Avisa Nordland<\/li>\n<li><a href=\"https:\/\/news.google.com\/rss\/articles\/CBMiZkFVX3lxTFB4c3ZtSzBtLThIUUJQa1hqaFhPSFNBN2ExZmhULUtEQ2FfMGQzd3JvNEh4TTRMZG1kVXBaeEFHOGk0SWdQUDl4QmNjTTVSZ0dvTlR5NWxzbEVZVXRYOThWMy1fRldtQQ?oc=5\" target=\"_blank\" rel=\"nofollow noopener\">V\u00e6r, St\u00f8ver | Evakuerer sameie i Bod\u00f8<\/a>&nbsp;&nbsp;Avisa Nordland<\/li>\n<li><a href=\"https:\/\/news.google.com\/rss\/articles\/CBMivwFBVV95cUxNb0tJc2E4dG05emFzMUNqbVZpNjVIaHV2Q08wRXRyVHgzNE1aRi1adXhnN0xpRldhTmdjbFZvNm1Ta2NuVXduSU44aGYwc0VOVjdRQkFoczQ3RUIwWHItVk9pODZsVHJabXNmT3NJQXNwOHBIZzhWckhlZUFZdmxpYV9Qd01JeW9MejFDTkp0QWNPZko3cFJFN3d6ZzZVTkJOZzRvWUlnNjRmZUxfbENwWl9TNjgxZW5HRjNvdE55dw?oc=5\" target=\"_blank\" rel=\"nofollow noopener\">Uv\u00e6r, Beisfjord | Johnny har bodd samme sted i 50 \u00e5r: \u2013 Jeg har aldri opplevd lignende. Det er livsfarlig<\/a>&nbsp;&nbsp;Fremover<\/li>\n<li><a href=\"https:\/\/news.google.com\/rss\/articles\/CBMiaEFVX3lxTE5NWHJQUWd6YVU4Z2dWSFJyTmRJY1JxSkVxS2paM3lyQmVOTjRsOEtCYlZRSjJCaU5kblhtMF9adURaekh3YTVlS0k2aEtuVGstSE11YWRHRkx4MXBrbHZOWTJETDNTY05s?oc=5\" target=\"_blank\" rel=\"nofollow noopener\">&#8211; Sjokk og vantro<\/a>&nbsp;&nbsp;Dagbladet<\/li>\n<li><a href=\"https:\/\/news.google.com\/rss\/articles\/CBMif0FVX3lxTFBkR1BaWWxXQ3gxWElOX2xKWWo1TFczZjcxeVE1dTkyOVE4dUpSZExlVE82a2tqYU9fS0MyMk5GVVNnRUdrRGJqVXN1WjFuTUliai15cXR1VkRoalFGUjVnbWhtZlVoM0g2dHJxcDVFaWE1a0QxSTBNY00yUUs4eG8?oc=5\" target=\"_blank\" rel=\"nofollow noopener\">(+) \u2013 Han har v\u00e6rt trollsterk, rett og slett<\/a>&nbsp;&nbsp;vol.no<\/li>\n<\/ol>\n","protected":false},"excerpt":{"rendered":"Uv\u00e6r, Nyheter | Store skader p\u00e5 sameie i Bod\u00f8: \u2013 En sv\u00e6rt alvorlig situasjon&nbsp;&nbsp;Avisa Nordland V\u00e6r, St\u00f8ver |&hellip;\n","protected":false},"author":2,"featured_media":122806,"comment_status":"","ping_status":"","sticky":false,"template":"","format":"standard","meta":{"footnotes":""},"categories":[10],"tags":[20,21,24,25,15,22,23,13,30,28,29,14,16,26,27],"class_list":{"0":"post-122805","1":"post","2":"type-post","3":"status-publish","4":"format-standard","5":"has-post-thumbnail","7":"category-norge","8":"tag-breaking-news","9":"tag-breakingnews","10":"tag-featured-news","11":"tag-featurednews","12":"tag-headlines","13":"tag-latest-news","14":"tag-latestnews","15":"tag-news","16":"tag-no","17":"tag-norge","18":"tag-norway","19":"tag-nyheter","20":"tag-overskrifter","21":"tag-top-stories","22":"tag-topstories"},"share_on_mastodon":{"url":"https:\/\/pubeurope.com\/@no\/115791841527135635","error":""},"_links":{"self":[{"href":"https:\/\/www.europesays.com\/no\/wp-json\/wp\/v2\/posts\/122805","targetHints":{"allow":["GET"]}}],"collection":[{"href":"https:\/\/www.europesays.com\/no\/wp-json\/wp\/v2\/posts"}],"about":[{"href":"https:\/\/www.europesays.com\/no\/wp-json\/wp\/v2\/types\/post"}],"author":[{"embeddable":true,"href":"https:\/\/www.europesays.com\/no\/wp-json\/wp\/v2\/users\/2"}],"replies":[{"embeddable":true,"href":"https:\/\/www.europesays.com\/no\/wp-json\/wp\/v2\/comments?post=122805"}],"version-history":[{"count":0,"href":"https:\/\/www.europesays.com\/no\/wp-json\/wp\/v2\/posts\/122805\/revisions"}],"wp:featuredmedia":[{"embeddable":true,"href":"https:\/\/www.europesays.com\/no\/wp-json\/wp\/v2\/media\/122806"}],"wp:attachment":[{"href":"https:\/\/www.europesays.com\/no\/wp-json\/wp\/v2\/media?parent=122805"}],"wp:term":[{"taxonomy":"category","embeddable":true,"href":"https:\/\/www.europesays.com\/no\/wp-json\/wp\/v2\/categories?post=122805"},{"taxonomy":"post_tag","embeddable":true,"href":"https:\/\/www.europesays.com\/no\/wp-json\/wp\/v2\/tags?post=122805"}],"curies":[{"name":"wp","href":"https:\/\/api.w.org\/{rel}","templated":true}]}}