{"id":122809,"date":"2025-12-27T13:53:31","date_gmt":"2025-12-27T13:53:31","guid":{"rendered":"https:\/\/www.europesays.com\/no\/122809\/"},"modified":"2025-12-27T13:53:31","modified_gmt":"2025-12-27T13:53:31","slug":"norwegian-nyheter-fikk-ikke-til-a-lande-i-bodo-avisa-nordland","status":"publish","type":"post","link":"https:\/\/www.europesays.com\/no\/122809\/","title":{"rendered":"Norwegian, Nyheter | Fikk ikke til \u00e5 lande i Bod\u00f8 &#8211; Avisa Nordland"},"content":{"rendered":"<ol>\n<li><a href=\"https:\/\/news.google.com\/rss\/articles\/CBMibEFVX3lxTFBFTjBicHAtbzFQdWQ0azBuMy1YMkRkLUlfNDJWVE05UFExZ0YxdHRuRVctZm9Sa3pRRU9IczJkd3ZTaXQ0SXl3MlZxWkxmRFZrcFB2SGlreTNhdnV6NHhYOXNsLWF0MGJTV0RSSw?oc=5\" target=\"_blank\" rel=\"nofollow noopener\">Norwegian, Nyheter | Fikk ikke til \u00e5 lande i Bod\u00f8<\/a>&nbsp;&nbsp;Avisa Nordland<\/li>\n<li><a href=\"https:\/\/news.google.com\/rss\/articles\/CBMiiwFBVV95cUxOM3lnMW5hRENDVU52QXVNWWpJSmV4LUljeEdScHAxb0NCeGN4WUZVWkstWGl2a0hlcUJCR3RueXZ2MWE3d1lDektMZ3RDRVd6ODB6ZWpqRkFXVXlzendtUHRlMndHTDE3Y1V3amlEQVBGY3IzRG9XUnkyWmVBWVVKR2s5ME1XcnI4djNZ?oc=5\" target=\"_blank\" rel=\"nofollow noopener\">Nyheter, Fly | Passasjerene fra Bod\u00f8 endte i Oslo \u2013 dette er grunnen<\/a>&nbsp;&nbsp;Avisa Nordland<\/li>\n<li><a href=\"https:\/\/news.google.com\/rss\/articles\/CBMibEFVX3lxTE1LeWNvWVVtazVIX2w0UUczU1lBbXlSQm9LSzZoVlN4bFI1d2R1V1R4UHdaRTg0Vk1DYm1iUlRZeFpoOXFBeVNQY29WYnhSWUdjbk9mb2lySFlYNkg5SlpUOHE3bmpaRVpqbXhySw?oc=5\" target=\"_blank\" rel=\"nofollow noopener\">&#8211; Ikke mulig \u00e5 lande<\/a>&nbsp;&nbsp;Dagbladet<\/li>\n<li><a href=\"https:\/\/news.google.com\/rss\/articles\/CBMijgFBVV95cUxQX013LUdFNXZPZWJORURZTmNSb0NFZWw5c0d0SjNDdWx0SkJYckI5WjZrQVBDWExNRGRkN0JiWDRuZ0w0ZUo2NVF4YldLTThCTXJYYWtLeU1tb002T1A5eWk4VUtZREItUFlZdm5ZUE85UWpTbW1QMVlFLUtYa19jamVGNmhJTTQwMEZRdW5B?oc=5\" target=\"_blank\" rel=\"nofollow noopener\">Fra Gran Canaria: Fikk ikke til \u00e5 lande i Bod\u00f8<\/a>&nbsp;&nbsp;NRK<\/li>\n<li><a href=\"https:\/\/news.google.com\/rss\/articles\/CBMilgFBVV95cUxNc0NoaHRMMXFoWHVkem9xYTVXQTlOM2dmT1FPaTRWYXNOMS1YOHhFLXN0SGtUcGI2SnUzcFVUWFJXRXNEUVFpWTdVaW1HZFBNRnpTLURFOWxLN0N1Y0t0TTdDWTliXzhfY1oySnd0OGF4Z1REMkllQ2RXdDlPczRjNEpDRlNCMGVJVDk5a2tTTDJ4TmJzVEE?oc=5\" target=\"_blank\" rel=\"nofollow noopener\">Nyheter, V\u00e6r | Trond er p\u00e5virket av kraftige forsinkelser fra syden: \u2013 Typisk<\/a>&nbsp;&nbsp;Avisa Nordland<\/li>\n<\/ol>\n","protected":false},"excerpt":{"rendered":"Norwegian, Nyheter | Fikk ikke til \u00e5 lande i Bod\u00f8&nbsp;&nbsp;Avisa Nordland Nyheter, Fly | Passasjerene fra Bod\u00f8 endte&hellip;\n","protected":false},"author":2,"featured_media":122810,"comment_status":"","ping_status":"","sticky":false,"template":"","format":"standard","meta":{"footnotes":""},"categories":[10],"tags":[20,21,24,25,15,22,23,13,30,28,29,14,16,26,27],"class_list":{"0":"post-122809","1":"post","2":"type-post","3":"status-publish","4":"format-standard","5":"has-post-thumbnail","7":"category-norge","8":"tag-breaking-news","9":"tag-breakingnews","10":"tag-featured-news","11":"tag-featurednews","12":"tag-headlines","13":"tag-latest-news","14":"tag-latestnews","15":"tag-news","16":"tag-no","17":"tag-norge","18":"tag-norway","19":"tag-nyheter","20":"tag-overskrifter","21":"tag-top-stories","22":"tag-topstories"},"share_on_mastodon":{"url":"https:\/\/pubeurope.com\/@no\/115791868990221589","error":""},"_links":{"self":[{"href":"https:\/\/www.europesays.com\/no\/wp-json\/wp\/v2\/posts\/122809","targetHints":{"allow":["GET"]}}],"collection":[{"href":"https:\/\/www.europesays.com\/no\/wp-json\/wp\/v2\/posts"}],"about":[{"href":"https:\/\/www.europesays.com\/no\/wp-json\/wp\/v2\/types\/post"}],"author":[{"embeddable":true,"href":"https:\/\/www.europesays.com\/no\/wp-json\/wp\/v2\/users\/2"}],"replies":[{"embeddable":true,"href":"https:\/\/www.europesays.com\/no\/wp-json\/wp\/v2\/comments?post=122809"}],"version-history":[{"count":0,"href":"https:\/\/www.europesays.com\/no\/wp-json\/wp\/v2\/posts\/122809\/revisions"}],"wp:featuredmedia":[{"embeddable":true,"href":"https:\/\/www.europesays.com\/no\/wp-json\/wp\/v2\/media\/122810"}],"wp:attachment":[{"href":"https:\/\/www.europesays.com\/no\/wp-json\/wp\/v2\/media?parent=122809"}],"wp:term":[{"taxonomy":"category","embeddable":true,"href":"https:\/\/www.europesays.com\/no\/wp-json\/wp\/v2\/categories?post=122809"},{"taxonomy":"post_tag","embeddable":true,"href":"https:\/\/www.europesays.com\/no\/wp-json\/wp\/v2\/tags?post=122809"}],"curies":[{"name":"wp","href":"https:\/\/api.w.org\/{rel}","templated":true}]}}