{"id":122815,"date":"2025-12-27T14:00:24","date_gmt":"2025-12-27T14:00:24","guid":{"rendered":"https:\/\/www.europesays.com\/no\/122815\/"},"modified":"2025-12-27T14:00:24","modified_gmt":"2025-12-27T14:00:24","slug":"holder-stengt-det-er-heftig-vind-her-oppe-adressa-no","status":"publish","type":"post","link":"https:\/\/www.europesays.com\/no\/122815\/","title":{"rendered":"Holder stengt: \u2013 Det er heftig vind her oppe &#8211; adressa.no"},"content":{"rendered":"<ol>\n<li><a href=\"https:\/\/news.google.com\/rss\/articles\/CBMijwFBVV95cUxPYWJtUDhoV1Z4X25uQnJMeF9jXzltU3lMUTBzQndNUVRqcDVrb3Z5WUpEVXJOaHRxa1BuVDhsQl95UjBLRWZxNWZVSDhkS21wRmVvR1M4ak9idlI3bDFHdjVXbWNnLXdSenFJcWdsSUdTRkhJejNkUmhCeE9CdzdKWjYzbTkybHlJcFUyU3BNQQ?oc=5\" target=\"_blank\" rel=\"nofollow noopener\">Holder stengt: \u2013 Det er heftig vind her oppe<\/a>&nbsp;&nbsp;adressa.no<\/li>\n<li><a href=\"https:\/\/news.google.com\/rss\/articles\/CBMidkFVX3lxTE9UV1dTOWhkMjNKRTVQbUlyb3VkYy1PTG4zWHFxUXpUS0lIVFlweU9nYV9fdU12SjRITV9xaVFPQzIxcXVERnF3ZGFCdVFCV0hRUEh6SkRLdV8zeVdLcGdaLWJCRTF6R2hfUEtXX2hrQ1NsZEhxRlE?oc=5\" target=\"_blank\" rel=\"nofollow noopener\">Kraftig vind stenger veier<\/a>&nbsp;&nbsp;adressa.no<\/li>\n<li><a href=\"https:\/\/news.google.com\/rss\/articles\/CBMitwFBVV95cUxOWm1FZnhaUElDY054R2NDcndqT3BNV2h5TW1YWUQySzFNTko2V2hyQVJuYjZ6UHpRWUtTV3BBRXp5b2VLOEV1bkdYVUtVSlgxMW1qVGp2LUFSWVBsQ3Znakh4cWx1c2c3bWhXbVRDUWg5OVpLWm91bE9Nc2t4VF9UVFIyQU1jT05Hc3JJazRETTZkZ1M4SFEzc1FKaHk5N2VJMkZrX25xOEFlWlJhRUVqZGJSaGduNHc?oc=5\" target=\"_blank\" rel=\"nofollow noopener\">Tre landa p\u00e5 E39: \u2013 Tredje juledag ligger an til \u00e5 v\u00e6re en fin innev\u00e6rsdag<\/a>&nbsp;&nbsp;avisa-st.no<\/li>\n<li><a href=\"https:\/\/news.google.com\/rss\/articles\/CBMinwFBVV95cUxPSlVFSWZJUjVBZHp0R2FibGZOcTN3ZTZ0NWpCYk4wVDdOTEFWMEs4LVZTbkZDYklmS1ZUVHhLZF9xMDBpekpveW5oRGxSTjdWekROV0tvRm1US1hGRWFUUXhPMFE1Zm42LVlRYXdBNDdpMF9XUVQ0T1JJRnJzbktNTVllWngwV1ZLbm9IUkpnb09fOGwxbEpmcmhmUi12ZHc?oc=5\" target=\"_blank\" rel=\"nofollow noopener\">Advarsel etter stengt vei i Trondheim: \u2013 Kommet flere meldinger<\/a>&nbsp;&nbsp;Nidaros<\/li>\n<li><a href=\"https:\/\/news.google.com\/rss\/articles\/CBMijgFBVV95cUxNLWFBMUNXY3l6WGdueVJOaXBtRVMzTk5Udl9SNk1GWDhIMjhpZ3JVY1NjblU2TUo2d2J4bkZ6YmphSlI1RDAyTW1wcS1MdWhvdjRTQWRxNnQ3RUdiaWJJXzJDSEdIUFJBU0sxUUFlQVp0WmsxSlI2WlZ5RHZvRmE0azF2dlhBaTVKb0hiZGNn?oc=5\" target=\"_blank\" rel=\"nofollow noopener\">\u2013 Vil merkes i hele Tr\u00f8ndelag<\/a>&nbsp;&nbsp;adressa.no<\/li>\n<\/ol>\n","protected":false},"excerpt":{"rendered":"Holder stengt: \u2013 Det er heftig vind her oppe&nbsp;&nbsp;adressa.no Kraftig vind stenger veier&nbsp;&nbsp;adressa.no Tre landa p\u00e5 E39: \u2013&hellip;\n","protected":false},"author":2,"featured_media":122816,"comment_status":"","ping_status":"","sticky":false,"template":"","format":"standard","meta":{"footnotes":""},"categories":[10],"tags":[20,21,24,25,15,22,23,13,30,28,29,14,16,26,27],"class_list":{"0":"post-122815","1":"post","2":"type-post","3":"status-publish","4":"format-standard","5":"has-post-thumbnail","7":"category-norge","8":"tag-breaking-news","9":"tag-breakingnews","10":"tag-featured-news","11":"tag-featurednews","12":"tag-headlines","13":"tag-latest-news","14":"tag-latestnews","15":"tag-news","16":"tag-no","17":"tag-norge","18":"tag-norway","19":"tag-nyheter","20":"tag-overskrifter","21":"tag-top-stories","22":"tag-topstories"},"share_on_mastodon":{"url":"https:\/\/pubeurope.com\/@no\/115791896483624224","error":""},"_links":{"self":[{"href":"https:\/\/www.europesays.com\/no\/wp-json\/wp\/v2\/posts\/122815","targetHints":{"allow":["GET"]}}],"collection":[{"href":"https:\/\/www.europesays.com\/no\/wp-json\/wp\/v2\/posts"}],"about":[{"href":"https:\/\/www.europesays.com\/no\/wp-json\/wp\/v2\/types\/post"}],"author":[{"embeddable":true,"href":"https:\/\/www.europesays.com\/no\/wp-json\/wp\/v2\/users\/2"}],"replies":[{"embeddable":true,"href":"https:\/\/www.europesays.com\/no\/wp-json\/wp\/v2\/comments?post=122815"}],"version-history":[{"count":0,"href":"https:\/\/www.europesays.com\/no\/wp-json\/wp\/v2\/posts\/122815\/revisions"}],"wp:featuredmedia":[{"embeddable":true,"href":"https:\/\/www.europesays.com\/no\/wp-json\/wp\/v2\/media\/122816"}],"wp:attachment":[{"href":"https:\/\/www.europesays.com\/no\/wp-json\/wp\/v2\/media?parent=122815"}],"wp:term":[{"taxonomy":"category","embeddable":true,"href":"https:\/\/www.europesays.com\/no\/wp-json\/wp\/v2\/categories?post=122815"},{"taxonomy":"post_tag","embeddable":true,"href":"https:\/\/www.europesays.com\/no\/wp-json\/wp\/v2\/tags?post=122815"}],"curies":[{"name":"wp","href":"https:\/\/api.w.org\/{rel}","templated":true}]}}