{"id":122821,"date":"2025-12-27T14:24:09","date_gmt":"2025-12-27T14:24:09","guid":{"rendered":"https:\/\/www.europesays.com\/no\/122821\/"},"modified":"2025-12-27T14:24:09","modified_gmt":"2025-12-27T14:24:09","slug":"forste-tap-for-carlsen-i-hurtigsjakk-vm","status":"publish","type":"post","link":"https:\/\/www.europesays.com\/no\/122821\/","title":{"rendered":"F\u00f8rste tap for Carlsen i hurtigsjakk-VM:"},"content":{"rendered":"<p> Nordmannen gikk l\u00f8rdag p\u00e5 sitt f\u00f8rste tap i turneringen mot Vladislav Artemjev. Etter kampen langet han ut mot kamera.<\/p>\n<p>\u2013 Veldig d\u00e5rlig. Jeg p\u00e5tar meg av en eller annen grunn frivillig en d\u00e5rligere stilling. S\u00e5 tilbyr han meg remis med evigsjakk, jeg tar det ikke og bukker kvalitet i neste trekk, forklarte Carlsen til NRK.<\/p>\n<p>I likhet med l\u00f8rdagens f\u00f8rste parti gjorde Carlsen en grov bom med svarte brikker mot Artemjev. I motsetning til partiet mot Vachier-Lagrave m\u00e5tte Carlsen gi tapt mot sin russiske motstander.<\/p>\n<p>\u2013 Fryktelig tabbe, enda en gang i dag av Magnus Carlsen, sa NRKs sjakkekspert Torstein Bae.<\/p>\n<p>Etter partiet mot Vachier-Lagrave uttrykket en kortfattet Carlsen til statskanalen at formen ikke var helt optimal.<\/p>\n<p>\u2013 Jeg er sliten, rett og slett. Jeg er i prinsippet uthvilt, men hele nervesystemet er litt uggent. Det blir forh\u00e5pentligvis bedre utover dagen, sa Carlsen etter f\u00f8rste parti.<\/p>\n<p>Reddet remis<\/p>\n<p>Vachier-Lagrave fikk ogs\u00e5 fordelen av \u00e5 stille med hvite brikker mot Carlsen. Nordmannen fikk et lite overtak tidlig, men med tidspress og en feil p\u00e5 sitt 22. trekk ga Carlsen overtaket bort til sin franske venn og rival.<\/p>\n<p>\u2013 Det var rett og slett en sv\u00e6r br\u00f8ler. Det var en type tabbe vi veldig sjeldent ser fra Magnus Carlsen, sa NRKs sjakkekspert Torstein Bae om Carlsens feiltrekk.<\/p>\n<p>Likevel klarte den norske 35-\u00e5ringen \u00e5 utligne fordelen og sikre remis.<\/p>\n<p>Fredag fikk Carlsen nesten en perfekt \u00e5pning p\u00e5 mesterskapet. Nordmannen \u00e5pnet med fire strake seiere, f\u00f8r ble det remis mot Arjun Erigaisi, som ogs\u00e5 hadde vunnet fire strake f\u00f8r partiet mot Carlsen.<\/p>\n<p>Drama i fjor<\/p>\n<p>For ett \u00e5r siden ble det dramatikk da Carlsen ble b\u00f8telagt for \u00e5 ha stilt i jeans. Nordmannen valgte da \u00e5 trekke seg fra hurtigsjakkturneringen, som russeren Volodar Murzin endte opp med \u00e5 vinne.<\/p>\n<p>Etter l\u00f8rdagens partier avsluttes \u00e5rets VM i hurtigsjakk med ytterligere fire partier s\u00f8ndag. Ved delt ledelse blir det omspill for \u00e5 k\u00e5re en VM-vinner.<\/p>\n<p>Tirsdag og onsdag holdes VM i lynsjakk. Der stiller Carlsen som tittelforsvarer sammen med Jan Nepomnjasjtsjij.<\/p>\n<p>Etter flere parti med remis i finalen i fjor, endte kameratene med \u00e5 dele VM-tittelen i lynsjakk sist.<\/p>\n<p>(\u00a9NTB)<\/p>\n","protected":false},"excerpt":{"rendered":"Nordmannen gikk l\u00f8rdag p\u00e5 sitt f\u00f8rste tap i turneringen mot Vladislav Artemjev. Etter kampen langet han ut mot&hellip;\n","protected":false},"author":2,"featured_media":122822,"comment_status":"","ping_status":"","sticky":false,"template":"","format":"standard","meta":{"footnotes":""},"categories":[5],"tags":[20,21,24,25,15,19,22,23,17,18,13,30,28,29,14,16,26,27],"class_list":{"0":"post-122821","1":"post","2":"type-post","3":"status-publish","4":"format-standard","5":"has-post-thumbnail","7":"category-overskrifter","8":"tag-breaking-news","9":"tag-breakingnews","10":"tag-featured-news","11":"tag-featurednews","12":"tag-headlines","13":"tag-hovedoppslag","14":"tag-latest-news","15":"tag-latestnews","16":"tag-main-news","17":"tag-mainnews","18":"tag-news","19":"tag-no","20":"tag-norge","21":"tag-norway","22":"tag-nyheter","23":"tag-overskrifter","24":"tag-top-stories","25":"tag-topstories"},"share_on_mastodon":{"url":"https:\/\/pubeurope.com\/@no\/115791990823969514","error":""},"_links":{"self":[{"href":"https:\/\/www.europesays.com\/no\/wp-json\/wp\/v2\/posts\/122821","targetHints":{"allow":["GET"]}}],"collection":[{"href":"https:\/\/www.europesays.com\/no\/wp-json\/wp\/v2\/posts"}],"about":[{"href":"https:\/\/www.europesays.com\/no\/wp-json\/wp\/v2\/types\/post"}],"author":[{"embeddable":true,"href":"https:\/\/www.europesays.com\/no\/wp-json\/wp\/v2\/users\/2"}],"replies":[{"embeddable":true,"href":"https:\/\/www.europesays.com\/no\/wp-json\/wp\/v2\/comments?post=122821"}],"version-history":[{"count":0,"href":"https:\/\/www.europesays.com\/no\/wp-json\/wp\/v2\/posts\/122821\/revisions"}],"wp:featuredmedia":[{"embeddable":true,"href":"https:\/\/www.europesays.com\/no\/wp-json\/wp\/v2\/media\/122822"}],"wp:attachment":[{"href":"https:\/\/www.europesays.com\/no\/wp-json\/wp\/v2\/media?parent=122821"}],"wp:term":[{"taxonomy":"category","embeddable":true,"href":"https:\/\/www.europesays.com\/no\/wp-json\/wp\/v2\/categories?post=122821"},{"taxonomy":"post_tag","embeddable":true,"href":"https:\/\/www.europesays.com\/no\/wp-json\/wp\/v2\/tags?post=122821"}],"curies":[{"name":"wp","href":"https:\/\/api.w.org\/{rel}","templated":true}]}}