{"id":122823,"date":"2025-12-27T14:32:14","date_gmt":"2025-12-27T14:32:14","guid":{"rendered":"https:\/\/www.europesays.com\/no\/122823\/"},"modified":"2025-12-27T14:32:14","modified_gmt":"2025-12-27T14:32:14","slug":"nyheter-lillehammer-frykter-flere-tonn-tunge-plater-skal-losne-hold-dere-unna","status":"publish","type":"post","link":"https:\/\/www.europesays.com\/no\/122823\/","title":{"rendered":"Nyheter, Lillehammer | Frykter flere tonn tunge plater skal l\u00f8sne: \u2013 Hold dere unna!"},"content":{"rendered":"\n<p>Saken oppdateres<\/p>\n<p>Kirketjener i Sigmund Skullerud sier til GD at de l\u00f8rdag ettermiddag frykter at kobberplater fra kirkespiret skal l\u00f8sne som f\u00f8lge av den sterke nordavinden.<\/p>\n<p>\u2013 Vi har akkurat hatt byggtekniske representanter her som har sagt at kobberplatene har sluppet taket p\u00e5 innsida og at sp\u00f8rsm\u00e5let er hvor lang tid det tar f\u00f8r de ryker, ikke om de ryker, sier Skullerud.<\/p>\n<p>   <img decoding=\"async\" width=\"4032\" height=\"3024\" fetchpriority=\"low\"  loading=\"lazy\"  src=\"https:\/\/www.europesays.com\/no\/wp-content\/uploads\/2025\/12\/photo+%286%29.jpg\" alt=\"\" class=\"brick-c-cFOWSL\" style=\"--brick-image-ratio: 4032 \/ 3024;\"\/><\/p>\n<p>      Kirketjener Sigmund Skullerud.<br \/>\n      Foto: J\u00f8rgen Karlsen\n    <\/p>\n<p>  Flere tonn<\/p>\n<p>Det er plater p\u00e5 vestsida av spiret p\u00e5 Lillehammer kirke som st\u00e5r og dirrer n\u00e5r Skullerud sl\u00e5r p\u00e5 tr\u00e5den til GD. Brannvesenet er p\u00e5 veg til kirka for \u00e5 bist\u00e5. Skullerud frykter at platene kan gj\u00f8re stor skade.<\/p>\n<p>\u2013 Dette er flere tonn med kobber, og vi frykter for hva som kan skje med forbipasserende i gatene rundt. Vi h\u00e5per det kan sperres av, og at folk som beveger seg i omr\u00e5det f\u00f8lger n\u00f8ye med og ikke g\u00e5r med hodene planta i telefonskjermen sin, sier han.<\/p>\n<p>Kirkeverge Beate Husa er ogs\u00e5 klar i talen.<\/p>\n<p>\u2013 Det er mange som bruker kirkeg\u00e5rden som gjennomgang. Vi m\u00e5 be folk om \u00e5 holde seg unna slik det er n\u00e5, sier hun til GD.<\/p>\n<p>   <img decoding=\"async\" width=\"4032\" height=\"3024\" fetchpriority=\"low\"  loading=\"lazy\"  src=\"https:\/\/www.europesays.com\/no\/wp-content\/uploads\/2025\/12\/1766845934_454_photo+%282%29.jpg\" alt=\"\" class=\"brick-c-cFOWSL\" style=\"--brick-image-ratio: 4032 \/ 3024;\"\/><\/p>\n<p>      Brannvesenet er p\u00e5 plass.<br \/>\n      Foto: J\u00f8rgen Karlsen\n    <\/p>\n<p>  \u2013 En kritisk situasjon<\/p>\n<p>J\u00f8rn Smidesang fra Vingrom bygg har v\u00e6rt og sett p\u00e5 kirkespiret.<\/p>\n<p>\u2013 Kobberen sto som en ballong. Det er en kritisk situasjon og det er risikofylt \u00e5 v\u00e6re i omr\u00e5det, sier Smidesang.<\/p>\n<p>N\u00e5 er det bare \u00e5 h\u00e5pe p\u00e5 at vinden l\u00f8yer og at platene forblir p\u00e5 spiret slik at man kan f\u00e5 reparert det.<\/p>\n<p>\u2013 Jeg melder meg i alle fall ikke som frivillig til \u00e5 stroppe fast platene slik det bl\u00e5ser n\u00e5. Det er mye bevegelse der, sier Smidesang.<\/p>\n<p>Kan ikke bruke lift<\/p>\n<p>Brannsjef Svein Pedersen er blant de mange fra brannvesenet som har rykket ut.<\/p>\n<p>&#8211; Vi fikk melding om at takplatene p\u00e5 spiret til Lillehammer kike sto og blafret i vinden. Det ser heldigvis ikke ut som at noe har revnet, erkjenner Pedersen.<\/p>\n<p>Tre biler fra brannvesenet var p\u00e5 plass like f\u00f8r klokken 15.00.<\/p>\n<p>&#8211; Vi tar oss n\u00e5 opp mot spiret innvendig. Vinden gj\u00f8r at vi ikke \u00f8nsker \u00e5 bruke lift, sier brannsjefen.<\/p>\n<p>&#8211; Om noe l\u00f8sner kan det vel fly et stykke &#8211; har dere snakket om noen sikkerhetssone?<\/p>\n<p>&#8211; Vi m\u00e5 vurdere underveis, men vi \u00f8nsker i hvert fall at folk holder seg godt p\u00e5 utsiden av gjerdet p\u00e5 kirka.<\/p>\n<p>Brannvesenet blir i omr\u00e5det. Den kraftige vinden er ventet \u00e5 roe seg i l\u00f8pet av ettermiddagen.<\/p>\n","protected":false},"excerpt":{"rendered":"Saken oppdateres Kirketjener i Sigmund Skullerud sier til GD at de l\u00f8rdag ettermiddag frykter at kobberplater fra kirkespiret&hellip;\n","protected":false},"author":2,"featured_media":122824,"comment_status":"","ping_status":"","sticky":false,"template":"","format":"standard","meta":{"footnotes":""},"categories":[10],"tags":[36,20,21,24,25,15,11124,22,23,1427,13,30,28,29,14,16,1510,26,27],"class_list":{"0":"post-122823","1":"post","2":"type-post","3":"status-publish","4":"format-standard","5":"has-post-thumbnail","7":"category-norge","8":"tag-art","9":"tag-breaking-news","10":"tag-breakingnews","11":"tag-featured-news","12":"tag-featurednews","13":"tag-headlines","14":"tag-kirke","15":"tag-latest-news","16":"tag-latestnews","17":"tag-lillehammer","18":"tag-news","19":"tag-no","20":"tag-norge","21":"tag-norway","22":"tag-nyheter","23":"tag-overskrifter","24":"tag-story","25":"tag-top-stories","26":"tag-topstories"},"share_on_mastodon":{"url":"https:\/\/pubeurope.com\/@no\/115792022740230132","error":""},"_links":{"self":[{"href":"https:\/\/www.europesays.com\/no\/wp-json\/wp\/v2\/posts\/122823","targetHints":{"allow":["GET"]}}],"collection":[{"href":"https:\/\/www.europesays.com\/no\/wp-json\/wp\/v2\/posts"}],"about":[{"href":"https:\/\/www.europesays.com\/no\/wp-json\/wp\/v2\/types\/post"}],"author":[{"embeddable":true,"href":"https:\/\/www.europesays.com\/no\/wp-json\/wp\/v2\/users\/2"}],"replies":[{"embeddable":true,"href":"https:\/\/www.europesays.com\/no\/wp-json\/wp\/v2\/comments?post=122823"}],"version-history":[{"count":0,"href":"https:\/\/www.europesays.com\/no\/wp-json\/wp\/v2\/posts\/122823\/revisions"}],"wp:featuredmedia":[{"embeddable":true,"href":"https:\/\/www.europesays.com\/no\/wp-json\/wp\/v2\/media\/122824"}],"wp:attachment":[{"href":"https:\/\/www.europesays.com\/no\/wp-json\/wp\/v2\/media?parent=122823"}],"wp:term":[{"taxonomy":"category","embeddable":true,"href":"https:\/\/www.europesays.com\/no\/wp-json\/wp\/v2\/categories?post=122823"},{"taxonomy":"post_tag","embeddable":true,"href":"https:\/\/www.europesays.com\/no\/wp-json\/wp\/v2\/tags?post=122823"}],"curies":[{"name":"wp","href":"https:\/\/api.w.org\/{rel}","templated":true}]}}