{"id":122825,"date":"2025-12-27T14:33:23","date_gmt":"2025-12-27T14:33:23","guid":{"rendered":"https:\/\/www.europesays.com\/no\/122825\/"},"modified":"2025-12-27T14:33:23","modified_gmt":"2025-12-27T14:33:23","slug":"vaer-stromstans-flere-tusen-uten-strom-avisa-nordland","status":"publish","type":"post","link":"https:\/\/www.europesays.com\/no\/122825\/","title":{"rendered":"V\u00e6r, Str\u00f8mstans | Flere tusen uten str\u00f8m &#8211; Avisa Nordland"},"content":{"rendered":"<ol>\n<li><a href=\"https:\/\/news.google.com\/rss\/articles\/CBMiZEFVX3lxTE9USURfWGpHRmtOdjJYSjJSQmJtVzBVSEJBcWRkQ2NZaC00QUFEQ3ZoQlpSOFpQMER0Y0hRZUxJUUtycDFYd19rM0g4aHZWZ09Ea1Zya2p1MUVieWxjY2RjcjhsQ0U?oc=5\" target=\"_blank\" rel=\"nofollow noopener\">V\u00e6r, Str\u00f8mstans | Flere tusen uten str\u00f8m<\/a>&nbsp;&nbsp;Avisa Nordland<\/li>\n<li><a href=\"https:\/\/news.google.com\/rss\/articles\/CBMiiwFBVV95cUxPRlJRbldfcTFOQzJvOTYxLTZBNlJhSEw2bnNrY1h3LVdKS0VxRWhTX2t0a19wN0NLckQ5dUs4aHBGZmVLa21FOHEzRzRJWVZUeVhUOTU3VFZ5c1FDWFlsY1pEeXdHUEk2RXZrUDU3Wi1CS2RVLXlTcmNwZTlxSnZkdk1RZnFhdjNuR3FV?oc=5\" target=\"_blank\" rel=\"nofollow noopener\">Kraftig uv\u00ear i nord \u2013 garasje tatt av vinden<\/a>&nbsp;&nbsp;NRK<\/li>\n<li><a href=\"https:\/\/news.google.com\/rss\/articles\/CBMigAFBVV95cUxPb2owQS1NTzZGLUNOTWI0amdyREpIQjF1U0swVWxqLU5MVU52ZlJpTFZPTUVZUFNYU3JGQlRuWWdxWVIxOUdkUlk0RUllZkFiTTB6Q0ZKUUk1NjZHX1JEUTdJQkl3WlhQeGozVDl1VzNQN0ZOVzE2MkE0WU5peUF0dg?oc=5\" target=\"_blank\" rel=\"nofollow noopener\">Nyheter, Str\u00f8m | Nesten 2.000 fortsatt uten str\u00f8m: &#8211; Vil ta tid<\/a>&nbsp;&nbsp;Avisa Nordland<\/li>\n<li><a href=\"https:\/\/news.google.com\/rss\/articles\/CBMiigFBVV95cUxOMUVZZ3hfTWlfTjB0UVhkWmpuc3k3amFiMjFnNUNTZnFod1Q1YmlQWTRQQzQwM1FOR2ZKZGZiS3lhX3htSnJxRjVPRE9Kd3VGeFM1eVdZVlVvV2Vkc29OX3hrU3NvOVlRR3RhWll2OWd2VTdrNlhLUzk1N28wX0w3TWZzUTZjZnZxUEE?oc=5\" target=\"_blank\" rel=\"nofollow noopener\">Vestv\u00e5g\u00f8y, Flakstad | Mange uten str\u00f8m: \u2013 I full gang med \u00e5 kartlegge alle feilene<\/a>&nbsp;&nbsp;Lofotposten<\/li>\n<li><a href=\"https:\/\/news.google.com\/rss\/articles\/CBMickFVX3lxTE81clRNSUVBQU9LYlZWaENKdDVYa3MwRnBia2dFNWtEbklQeWUyUnpHM3JtSjRmcXl2VmhhTFlqLU9pb2NJNVo4emZaOUpTWkNVN1libWNEejVzQWIyRDc1cjZHNTlNX2JwVFpBTXJKX0Z3QQ?oc=5\" target=\"_blank\" rel=\"nofollow noopener\">&#8211; Tatt av fullstendig<\/a>&nbsp;&nbsp;DinSide<\/li>\n<\/ol>\n","protected":false},"excerpt":{"rendered":"V\u00e6r, Str\u00f8mstans | Flere tusen uten str\u00f8m&nbsp;&nbsp;Avisa Nordland Kraftig uv\u00ear i nord \u2013 garasje tatt av vinden&nbsp;&nbsp;NRK Nyheter,&hellip;\n","protected":false},"author":2,"featured_media":122826,"comment_status":"","ping_status":"","sticky":false,"template":"","format":"standard","meta":{"footnotes":""},"categories":[5],"tags":[20,21,24,25,15,19,22,23,17,18,13,30,28,29,14,16,26,27],"class_list":{"0":"post-122825","1":"post","2":"type-post","3":"status-publish","4":"format-standard","5":"has-post-thumbnail","7":"category-overskrifter","8":"tag-breaking-news","9":"tag-breakingnews","10":"tag-featured-news","11":"tag-featurednews","12":"tag-headlines","13":"tag-hovedoppslag","14":"tag-latest-news","15":"tag-latestnews","16":"tag-main-news","17":"tag-mainnews","18":"tag-news","19":"tag-no","20":"tag-norge","21":"tag-norway","22":"tag-nyheter","23":"tag-overskrifter","24":"tag-top-stories","25":"tag-topstories"},"share_on_mastodon":{"url":"https:\/\/pubeurope.com\/@no\/115792026236193961","error":""},"_links":{"self":[{"href":"https:\/\/www.europesays.com\/no\/wp-json\/wp\/v2\/posts\/122825","targetHints":{"allow":["GET"]}}],"collection":[{"href":"https:\/\/www.europesays.com\/no\/wp-json\/wp\/v2\/posts"}],"about":[{"href":"https:\/\/www.europesays.com\/no\/wp-json\/wp\/v2\/types\/post"}],"author":[{"embeddable":true,"href":"https:\/\/www.europesays.com\/no\/wp-json\/wp\/v2\/users\/2"}],"replies":[{"embeddable":true,"href":"https:\/\/www.europesays.com\/no\/wp-json\/wp\/v2\/comments?post=122825"}],"version-history":[{"count":0,"href":"https:\/\/www.europesays.com\/no\/wp-json\/wp\/v2\/posts\/122825\/revisions"}],"wp:featuredmedia":[{"embeddable":true,"href":"https:\/\/www.europesays.com\/no\/wp-json\/wp\/v2\/media\/122826"}],"wp:attachment":[{"href":"https:\/\/www.europesays.com\/no\/wp-json\/wp\/v2\/media?parent=122825"}],"wp:term":[{"taxonomy":"category","embeddable":true,"href":"https:\/\/www.europesays.com\/no\/wp-json\/wp\/v2\/categories?post=122825"},{"taxonomy":"post_tag","embeddable":true,"href":"https:\/\/www.europesays.com\/no\/wp-json\/wp\/v2\/tags?post=122825"}],"curies":[{"name":"wp","href":"https:\/\/api.w.org\/{rel}","templated":true}]}}