{"id":122827,"date":"2025-12-27T14:38:51","date_gmt":"2025-12-27T14:38:51","guid":{"rendered":"https:\/\/www.europesays.com\/no\/122827\/"},"modified":"2025-12-27T14:38:51","modified_gmt":"2025-12-27T14:38:51","slug":"quiz-i-dagbladet-2025-uke-52","status":"publish","type":"post","link":"https:\/\/www.europesays.com\/no\/122827\/","title":{"rendered":"Quiz i Dagbladet 2025, uke 52"},"content":{"rendered":"<p class=\"kicker \" style=\"\">Eli Kari Gjengedal:<\/p>\n<p>  TV 2s v\u00e6rmelder fikk problemer da hun skulle rapportere om uv\u00e6ret p\u00e5 direkten.<\/p>\n<p>\n    ADVARSEL: Eli Kari Gjengedal varsler om nedb\u00f8r og ber nordmenn ta forh\u00e5ndsregler. Foto: Andreas Fadum \/ Se og H\u00f8r\n  <\/p>\n<p>Uv\u00e6ret som rammer Nord-Norge har skapt b\u00e5de kaos og utfordringer l\u00f8rdag formiddag.\u00a0<\/p>\n<p>Politiet har tidligere meldt om tak som l\u00f8sner, tr\u00e6r som velter og l\u00f8se eiendeler som flyr gjennom lufta. Samtidig har flere tusen husstander\u00a0<a href=\"https:\/\/dinside.dagbladet.no\/fritid\/tatt-av-fullstendig\/84030079\" target=\"_blank\" rel=\"nofollow noopener\">mistet str\u00f8mmen.<\/a> <\/p>\n<p> &#8211; Det er sv\u00e6rt kraftig vind i Nordland, og vi har sendt ut oransje farevarsel. Det ligger helt opp mot grensen for r\u00f8dt niv\u00e5. Vi har hatt kraftige vindkast p\u00e5 opptil 46 meter per sekund, og det er fortsatt mye vind i Nordland, sa vakthavende meteorolog H\u00e5vard Thorset til Dagbladet tidligere i dag. <\/p>\n<p class=\"font-weight-bold m-font-weight-bold\" data-lab-font_weight=\"font-weight-bold\">Heldigvis kan TV 2s v\u00e6rmelder Eli Kari Gjengedal (54) betrygge med at toppen er n\u00e5dd, og at vinden vil avta gradvis utover dagen. Likevel m\u00e5 flere nordmenn n\u00e5 st\u00e5lsette seg p\u00e5 andre v\u00e6rutfordringer.\u00a0<\/p>\n<p>    <a itemprop=\"url\" href=\"https:\/\/www.dagbladet.no\/kjendis\/stoler-ikke-pa-noen\/83998596\" rel=\"nofollow noopener\" target=\"_blank\"><\/p>\n<p>        <img loading=\"lazy\" decoding=\"async\" src=\"https:\/\/www.europesays.com\/no\/wp-content\/uploads\/2025\/12\/84001844.webp\" width=\"980\" height=\"441\" title=\"- Stoler ikke p\u00e5 noen\" alt=\"\" class=\"lazyload\" style=\"--aspect-ratio-image: 2.22; \"\/><\/p>\n<p>        &#8211; Stoler ikke p\u00e5 noen<\/p>\n<p>    <\/a><\/p>\n<p>&#8211; Som perler p\u00e5 ei snor  <\/p>\n<p>Gjengedal forteller til Dagbladet at uv\u00e6ret har p\u00e5virket store omr\u00e5der, og at det ogs\u00e5 har bl\u00e5st orkan i fjellet i S\u00f8r-Norge.<\/p>\n<p>V\u00e6rmelderen befinner seg for tida i Geilo-omr\u00e5det, og ikke i Nord-Norge hvor kaoset har herjet mest. Likevel har hun selv v\u00e6rt p\u00e5virket av kraftig vind, og m\u00e5tte ta grep da hun tidligere i dag skulle rapportere v\u00e6ret for TV 2.<\/p>\n<p>&#8211; Akkurat n\u00e5 er det stille, men det bl\u00e5ste voldsomt i natt. Da jeg gjorde morgenens f\u00f8rste v\u00e6rrapport m\u00e5tte jeg stille meg i ly. Utstyret bl\u00e5ste omkring og jeg hadde ikke nok armer. Jeg f\u00f8lte meg som en skikkelig blekksprutmor.<\/p>\n<p>        Tusenvis har mistet str\u00f8mmen i Nordland som f\u00f8lge av uv\u00e6ret. Politiet ber folk holde seg inne. Her fra Bod\u00f8 Havn. Video: Youtube\/Livestream\/Sj\u00f8gata 1 <\/p>\n<p>Gjengedal oppfordrer alle til \u00e5 holde seg oppdatert p\u00e5 v\u00e6ret:<\/p>\n<p>&#8211; Farevarsler kommer som perler p\u00e5 ei snor. Ta forh\u00e5ndsregler og ikke legg ut p\u00e5 un\u00f8dvendige turer.\u00a0<\/p>\n<p>    <a itemprop=\"url\" href=\"https:\/\/www.dagbladet.no\/kjendis\/har-lurt-alle-i-flere-ar\/84029136\" rel=\"nofollow noopener\" target=\"_blank\"><\/p>\n<p>        <img loading=\"lazy\" decoding=\"async\" src=\"https:\/\/www.europesays.com\/no\/wp-content\/uploads\/2025\/12\/84029172.webp\" width=\"980\" height=\"441\" title=\"Har lurt \u00aballe\u00bb i flere \u00e5r\" alt=\"\" class=\"lazyload\" style=\"--aspect-ratio-image: 2.22; \"\/><\/p>\n<p>        Har lurt \u00aballe\u00bb i flere \u00e5r<\/p>\n<p>    <\/a><\/p>\n<p>Ta forh\u00e5ndsregler!<\/p>\n<p>TV 2-profilen understreker at det verste kaoset er forbi, og at vinden vil blir roligere utover kvelden.\u00a0<\/p>\n<p>&#8211; Men i Nord-Norge vil det snart lave ned med sn\u00f8, s\u00e5 det er lurt \u00e5 ta forh\u00e5ndsregler, sier hun.<\/p>\n<p>S\u00e6rlig Nordland kan vente seg store mengder nedb\u00f8r, og Gjengedal ber innbyggerne forberede seg p\u00e5 alt fra glatte veier til skredfare.<\/p>\n<p>        INNR\u00d8MMER: Emil Gukild r\u00f8per at han gikk p\u00e5 en pinlig smell allerede i sin f\u00f8rste scene som skuespiller. Reporter: Sanne Holt. Video: \u00abFlukten fra Bolivia\u00bb\/ TV 2\/ Celine N\u00e6ss Andreassen\/ R\u00f8d L\u00f8per <\/p>\n<p>Samtidig forteller hun at v\u00e6rkaos i jula ikke er noe nytt her til lands.<\/p>\n<p>&#8211; I desember er det ofte et lavtrykk som utvikler seg. Det er h\u00f8ysesong for orkan og d\u00e5rlig v\u00e6r i jula &#8211; dette er typisk! Samtidig bor vi et langstrakt land, s\u00e5 det kan v\u00e6re veldig kontrastfylt.<\/p>\n<p>&#8211; Jeg som er fra Vestlandet har sluttet \u00e5 reise innover i fjordene p\u00e5 denne tida av \u00e5ret. Jeg er lei av stengte veier og kansellerte ferjer mens man sitter der med bilen stappet full.<\/p>\n","protected":false},"excerpt":{"rendered":"Eli Kari Gjengedal: TV 2s v\u00e6rmelder fikk problemer da hun skulle rapportere om uv\u00e6ret p\u00e5 direkten. ADVARSEL: Eli&hellip;\n","protected":false},"author":2,"featured_media":111778,"comment_status":"","ping_status":"","sticky":false,"template":"","format":"standard","meta":{"footnotes":""},"categories":[12],"tags":[20,21,24,25,15,22,23,13,30,28,29,14,16,218,4410,4407,4409,4408,4406,26,27,42,43,44,45],"class_list":{"0":"post-122827","1":"post","2":"type-post","3":"status-publish","4":"format-standard","5":"has-post-thumbnail","7":"category-verden","8":"tag-breaking-news","9":"tag-breakingnews","10":"tag-featured-news","11":"tag-featurednews","12":"tag-headlines","13":"tag-latest-news","14":"tag-latestnews","15":"tag-news","16":"tag-no","17":"tag-norge","18":"tag-norway","19":"tag-nyheter","20":"tag-overskrifter","21":"tag-pluss","22":"tag-quiz","23":"tag-quiz-sporsmal","24":"tag-simenstikjappe","25":"tag-tema","26":"tag-test-deg-selv","27":"tag-top-stories","28":"tag-topstories","29":"tag-verden","30":"tag-world","31":"tag-world-news","32":"tag-worldnews"},"share_on_mastodon":{"url":"https:\/\/pubeurope.com\/@no\/115792049999988038","error":""},"_links":{"self":[{"href":"https:\/\/www.europesays.com\/no\/wp-json\/wp\/v2\/posts\/122827","targetHints":{"allow":["GET"]}}],"collection":[{"href":"https:\/\/www.europesays.com\/no\/wp-json\/wp\/v2\/posts"}],"about":[{"href":"https:\/\/www.europesays.com\/no\/wp-json\/wp\/v2\/types\/post"}],"author":[{"embeddable":true,"href":"https:\/\/www.europesays.com\/no\/wp-json\/wp\/v2\/users\/2"}],"replies":[{"embeddable":true,"href":"https:\/\/www.europesays.com\/no\/wp-json\/wp\/v2\/comments?post=122827"}],"version-history":[{"count":0,"href":"https:\/\/www.europesays.com\/no\/wp-json\/wp\/v2\/posts\/122827\/revisions"}],"wp:featuredmedia":[{"embeddable":true,"href":"https:\/\/www.europesays.com\/no\/wp-json\/wp\/v2\/media\/111778"}],"wp:attachment":[{"href":"https:\/\/www.europesays.com\/no\/wp-json\/wp\/v2\/media?parent=122827"}],"wp:term":[{"taxonomy":"category","embeddable":true,"href":"https:\/\/www.europesays.com\/no\/wp-json\/wp\/v2\/categories?post=122827"},{"taxonomy":"post_tag","embeddable":true,"href":"https:\/\/www.europesays.com\/no\/wp-json\/wp\/v2\/tags?post=122827"}],"curies":[{"name":"wp","href":"https:\/\/api.w.org\/{rel}","templated":true}]}}