{"id":122828,"date":"2025-12-27T14:40:11","date_gmt":"2025-12-27T14:40:11","guid":{"rendered":"https:\/\/www.europesays.com\/no\/122828\/"},"modified":"2025-12-27T14:40:11","modified_gmt":"2025-12-27T14:40:11","slug":"rutebat-skyss-rutebat-fast-ved-kai-etter-propellproblemer","status":"publish","type":"post","link":"https:\/\/www.europesays.com\/no\/122828\/","title":{"rendered":"Ruteb\u00e5t, Skyss | Ruteb\u00e5t fast ved kai etter propellproblemer"},"content":{"rendered":"\n<p>Sunnhordlandsruten fra Sk\u00e5nevik til Bergen ligger l\u00f8rdag ettermiddag fast ved kai p\u00e5 Hufthamar etter at b\u00e5ten skal ha f\u00e5tt problem med en propell. Det melder BAs reporter p\u00e5 stedet, som var om bord p\u00e5 b\u00e5ten da det skjedde og ansl\u00e5r at det da var rundt 40\u201350 passasjerer om bord.<\/p>\n<p>\u2013 Vi vet ikke s\u00e5 forferdelig mye, men det er meldt til oss at b\u00e5ten har tekniske problemer knyttet til en propell, sier pressekontakt \u00d8yvind Str\u00f8mmen i Skyss.<\/p>\n<p>Vet ikke om b\u00e5ten har kj\u00f8rt p\u00e5 noe<\/p>\n<p>Hva som er \u00e5rsaken til propellproblemene, er forel\u00f8pig uklart, sier Str\u00f8mmen.<\/p>\n<p>\u2013 Det er ikke utenkelig at det har sammenheng med at noe kan ha drevet p\u00e5 propellen, sier Str\u00f8mmen, men understreker at dette ikke er kjent for \u00f8yeblikket.<\/p>\n<p>\u2013 Hva som har for\u00e5rsaket dette, kan jeg ikke si s\u00e5 mye mer om, for det vet jeg ikke, forklarer pressekontakten.<\/p>\n<p>Han kan imidlertid melde at \u00abAdmiral\u00bb settes inn som erstatter for \u00abFjordbris\u00bb.<\/p>\n<p>\u2013 Det har ikke s\u00e5 store konsekvenser som s\u00e5dan, men det kan bli tr\u00f8bbel p\u00e5 den ruten der, sier han.<\/p>\n<p>Klokken 1351 melder Norled at avgangen fra Bergen klokken 1445 vil bli forsinket som f\u00f8lge av de tekniske problemene. Turen fra Hufthamar klokken 1315 har allerede utg\u00e5tt, meldte Norled klokken 1324 og Skyss klokken 1424.<\/p>\n<p>Saken oppdateres.<\/p>\n","protected":false},"excerpt":{"rendered":"Sunnhordlandsruten fra Sk\u00e5nevik til Bergen ligger l\u00f8rdag ettermiddag fast ved kai p\u00e5 Hufthamar etter at b\u00e5ten skal ha&hellip;\n","protected":false},"author":2,"featured_media":122829,"comment_status":"","ping_status":"","sticky":false,"template":"","format":"standard","meta":{"footnotes":""},"categories":[10],"tags":[36,20,21,24,25,15,14557,22,23,13,30,28,29,447,14,16,14556,3431,1510,26,27],"class_list":{"0":"post-122828","1":"post","2":"type-post","3":"status-publish","4":"format-standard","5":"has-post-thumbnail","7":"category-norge","8":"tag-art","9":"tag-breaking-news","10":"tag-breakingnews","11":"tag-featured-news","12":"tag-featurednews","13":"tag-headlines","14":"tag-krokeide-og-hufthamar","15":"tag-latest-news","16":"tag-latestnews","17":"tag-news","18":"tag-no","19":"tag-norge","20":"tag-norway","21":"tag-nyhet","22":"tag-nyheter","23":"tag-overskrifter","24":"tag-rutebat","25":"tag-skyss","26":"tag-story","27":"tag-top-stories","28":"tag-topstories"},"share_on_mastodon":{"url":"https:\/\/pubeurope.com\/@no\/115792053884918728","error":""},"_links":{"self":[{"href":"https:\/\/www.europesays.com\/no\/wp-json\/wp\/v2\/posts\/122828","targetHints":{"allow":["GET"]}}],"collection":[{"href":"https:\/\/www.europesays.com\/no\/wp-json\/wp\/v2\/posts"}],"about":[{"href":"https:\/\/www.europesays.com\/no\/wp-json\/wp\/v2\/types\/post"}],"author":[{"embeddable":true,"href":"https:\/\/www.europesays.com\/no\/wp-json\/wp\/v2\/users\/2"}],"replies":[{"embeddable":true,"href":"https:\/\/www.europesays.com\/no\/wp-json\/wp\/v2\/comments?post=122828"}],"version-history":[{"count":0,"href":"https:\/\/www.europesays.com\/no\/wp-json\/wp\/v2\/posts\/122828\/revisions"}],"wp:featuredmedia":[{"embeddable":true,"href":"https:\/\/www.europesays.com\/no\/wp-json\/wp\/v2\/media\/122829"}],"wp:attachment":[{"href":"https:\/\/www.europesays.com\/no\/wp-json\/wp\/v2\/media?parent=122828"}],"wp:term":[{"taxonomy":"category","embeddable":true,"href":"https:\/\/www.europesays.com\/no\/wp-json\/wp\/v2\/categories?post=122828"},{"taxonomy":"post_tag","embeddable":true,"href":"https:\/\/www.europesays.com\/no\/wp-json\/wp\/v2\/tags?post=122828"}],"curies":[{"name":"wp","href":"https:\/\/api.w.org\/{rel}","templated":true}]}}