{"id":122830,"date":"2025-12-27T14:41:08","date_gmt":"2025-12-27T14:41:08","guid":{"rendered":"https:\/\/www.europesays.com\/no\/122830\/"},"modified":"2025-12-27T14:41:08","modified_gmt":"2025-12-27T14:41:08","slug":"dette-sier-meteorologen-om-nyttarsvaeret-agderposten-no","status":"publish","type":"post","link":"https:\/\/www.europesays.com\/no\/122830\/","title":{"rendered":"Dette sier meteorologen om nytt\u00e5rsv\u00e6ret &#8211; agderposten.no"},"content":{"rendered":"<ol>\n<li><a href=\"https:\/\/news.google.com\/rss\/articles\/CBMiiwFBVV95cUxQS25kajhmMGNpQXFoMm80QmMtdmN6cXF5TDJhazRaOEpUbVlrMjRNenlwZTA1alFCY2pmMzVXdGNaRmZEb05PZzA1MEdDNVVGQkR5UW9vZkZzTE9GT2U1cFF3ZTM2MEl2U2lhYUhORW1iX09FbC1RbXlldE9vVl9nRFF3VXlXS3dEZzdV?oc=5\" target=\"_blank\" rel=\"nofollow noopener\">Dette sier meteorologen om nytt\u00e5rsv\u00e6ret<\/a>&nbsp;&nbsp;agderposten.no<\/li>\n<li><a href=\"https:\/\/news.google.com\/rss\/articles\/CBMimwFBVV95cUxQS2pUZkZpSThTSWQtNENhSlhZeXRnT1ZBWVpDVzZrSjVwSjBOWGJmZGNHSWczTU9RWm90dHB3LVdnSkhqV2tGWDJjdkdwQVRvU0ZqSnJjZE14bEtJUG5zd2RFZXp2ZFpsNHN3MXlwc3VHc2pFNjlLNlRBWGV2R1ZrUzA5ZWNwRzh5M29xRC1XSjY5NDRRaC13TGJWcw?oc=5\" target=\"_blank\" rel=\"nofollow noopener\">V\u00e6ret, Nyheter | Slik kan v\u00e6ret p\u00e5 bli p\u00e5 nytt\u00e5rsaften: \u2013 Ingenting som varer evig<\/a>&nbsp;&nbsp;Drammens Tidende<\/li>\n<li><a href=\"https:\/\/news.google.com\/rss\/articles\/CBMif0FVX3lxTE9hQnhYYk1HWXBiRWVfQ1FCUmV2SFpGQU5tZFhtZWN6VTlKWkFtMWRyN01KMThBTG10N1d1TjA3NDJWc0stazlrd3RQT3lKb2YyNFBTTHZoaHg3LUo3WTFhV293ZVBkVWlnOWZvb3Z3NW1mUDlwYXlkcUJZRkJmRXc?oc=5\" target=\"_blank\" rel=\"nofollow noopener\">V\u00e6r, Nyheter | Meteorologen advarer: \u2013 B\u00f8r v\u00e6re oppmerksom<\/a>&nbsp;&nbsp;Akershus Amtstidende<\/li>\n<li><a href=\"https:\/\/news.google.com\/rss\/articles\/CBMilwFBVV95cUxNSmZWZ3NGV3Yxai1nOXpqd0o5N1JKay1BSmJ4cGU0blpyOFBqRkh6ZkpLSnk3TWlzWXZBb3llZ0p5RnozWGJYTk9iR0hiWlZVS2dXUG5nLURVYXRCSWFwTjlLY0o3bUdQcm9WSkxfTVNTV0VaRXI1QWxUVVVxLURPVG5lVlA3aENxRTM5N00tOERXZWF1NnM0?oc=5\" target=\"_blank\" rel=\"nofollow noopener\">V\u00e6r, Romjul | Meteorologen med gode nyheter \u2013 Ganske greit for \u00e5 v\u00e6re Bergen<\/a>&nbsp;&nbsp;Bergensavisen<\/li>\n<li><a href=\"https:\/\/news.google.com\/rss\/articles\/CBMilgFBVV95cUxOb2VnR2xaZDZQYTh5TzVOTGNmNUJFa3JQalBTSlUwckt1b3lDZnFhdkh0VUIxaGVIeDlfeFNodXY4ekNUaTBkaWVKaUZsbEhTV0lhNVlKSUd6NTZtOS02TGJQUXluNHdTQWdwOW13aW1pYUVPSUNOdXhXZmk0R3BuNGhoTndIODdQMDNRUjAzOWl5ZWFSR2c?oc=5\" target=\"_blank\" rel=\"nofollow noopener\">Blir det klarv\u00e6r til nytt\u00e5rsaften? Det kommer an p\u00e5 en ting<\/a>&nbsp;&nbsp;T\u00f8nsbergs Blad<\/li>\n<\/ol>\n","protected":false},"excerpt":{"rendered":"Dette sier meteorologen om nytt\u00e5rsv\u00e6ret&nbsp;&nbsp;agderposten.no V\u00e6ret, Nyheter | Slik kan v\u00e6ret p\u00e5 bli p\u00e5 nytt\u00e5rsaften: \u2013 Ingenting som&hellip;\n","protected":false},"author":2,"featured_media":122831,"comment_status":"","ping_status":"","sticky":false,"template":"","format":"standard","meta":{"footnotes":""},"categories":[5],"tags":[20,21,24,25,15,19,22,23,17,18,13,30,28,29,14,16,26,27],"class_list":{"0":"post-122830","1":"post","2":"type-post","3":"status-publish","4":"format-standard","5":"has-post-thumbnail","7":"category-overskrifter","8":"tag-breaking-news","9":"tag-breakingnews","10":"tag-featured-news","11":"tag-featurednews","12":"tag-headlines","13":"tag-hovedoppslag","14":"tag-latest-news","15":"tag-latestnews","16":"tag-main-news","17":"tag-mainnews","18":"tag-news","19":"tag-no","20":"tag-norge","21":"tag-norway","22":"tag-nyheter","23":"tag-overskrifter","24":"tag-top-stories","25":"tag-topstories"},"share_on_mastodon":{"url":"https:\/\/pubeurope.com\/@no\/115792057759706687","error":""},"_links":{"self":[{"href":"https:\/\/www.europesays.com\/no\/wp-json\/wp\/v2\/posts\/122830","targetHints":{"allow":["GET"]}}],"collection":[{"href":"https:\/\/www.europesays.com\/no\/wp-json\/wp\/v2\/posts"}],"about":[{"href":"https:\/\/www.europesays.com\/no\/wp-json\/wp\/v2\/types\/post"}],"author":[{"embeddable":true,"href":"https:\/\/www.europesays.com\/no\/wp-json\/wp\/v2\/users\/2"}],"replies":[{"embeddable":true,"href":"https:\/\/www.europesays.com\/no\/wp-json\/wp\/v2\/comments?post=122830"}],"version-history":[{"count":0,"href":"https:\/\/www.europesays.com\/no\/wp-json\/wp\/v2\/posts\/122830\/revisions"}],"wp:featuredmedia":[{"embeddable":true,"href":"https:\/\/www.europesays.com\/no\/wp-json\/wp\/v2\/media\/122831"}],"wp:attachment":[{"href":"https:\/\/www.europesays.com\/no\/wp-json\/wp\/v2\/media?parent=122830"}],"wp:term":[{"taxonomy":"category","embeddable":true,"href":"https:\/\/www.europesays.com\/no\/wp-json\/wp\/v2\/categories?post=122830"},{"taxonomy":"post_tag","embeddable":true,"href":"https:\/\/www.europesays.com\/no\/wp-json\/wp\/v2\/tags?post=122830"}],"curies":[{"name":"wp","href":"https:\/\/api.w.org\/{rel}","templated":true}]}}