{"id":122832,"date":"2025-12-27T14:42:08","date_gmt":"2025-12-27T14:42:08","guid":{"rendered":"https:\/\/www.europesays.com\/no\/122832\/"},"modified":"2025-12-27T14:42:08","modified_gmt":"2025-12-27T14:42:08","slug":"hanna-lundkvist-klar-for-united","status":"publish","type":"post","link":"https:\/\/www.europesays.com\/no\/122832\/","title":{"rendered":"Hanna Lundkvist klar for United"},"content":{"rendered":"<p>        Poppy Townson &#8211; MUFC\n    <\/p>\n<p class=\"kicker font-weight-bold m-font-weight-bold tertiary color_mobile_tertiary\" style=\"\">FORSTERKER I JANUAR:<\/p>\n<p class=\"font-weight-bold m-font-weight-bold\" data-lab-font_weight=\"font-weight-bold\">Manchester United bekrefter p\u00e5 <a href=\"https:\/\/www.manutd.com\/en\/news\/detail\/man-utd-women-sign-hanna-lundkvist-27-december-2025\" target=\"_blank\" rel=\"nofollow noopener\">sine nettsider<\/a> l\u00f8rdag at kvinnelaget har signert Hanna Lundkvist.\u00a0<\/p>\n<p>Den svenske landslagsspilleren blir offisielt United-spiller fra 1. januar s\u00e5 lenge alt med arbeidstillatelse g\u00e5r i orden.\u00a0<\/p>\n<p>Det er det ventet at det gj\u00f8r.\u00a0<\/p>\n<p>23 \u00e5r gamle Lundkvist har skrevet under p\u00e5 en tre og et halvt\u00e5rskontrakt med United og binder seg dermed til klubben til sommeren 2029. PSG og Tottenham ble ogs\u00e5 koblet til h\u00f8yrebacken, som alts\u00e5 valgte United.\u00a0<\/p>\n<p class=\"font-weight-bold m-font-weight-bold\" data-lab-font_weight=\"font-weight-bold\">&#8211; Jeg er veldig glad for \u00e5 v\u00e6re her. Manchester United er en klubb med en fantastisk historie. Du merker hvor mye de har vokst de siste \u00e5rene og kjemper i en av verdens beste ligaer og presterer i Champions League, sier Lundkvist til Uniteds nettsider.\u00a0<\/p>\n<p class=\"font-weight-bold m-font-weight-bold\" data-lab-font_weight=\"font-weight-bold\">&#8211; Samtalene med Marc (Skinner) og trenerne bekreftet alle de gode tingene jeg har h\u00f8rt om kulturen rundt laget. Jeg kan ikke vente med \u00e5 komme i gang og hjelpe klubben med \u00e5 oppn\u00e5 mer suksess, legger hun til.\u00a0<\/p>\n<p>                <img decoding=\"async\" src=\"https:\/\/www.europesays.com\/no\/wp-content\/uploads\/2025\/12\/1766846528_222_1408522.webp\" width=\"480\" height=\"274\" title=\"Hanna Lundkvist klar for United\" alt=\"Hanna Lundkvist i aksjon for Sverige.\" loading=\"lazy\" style=\"\"\/><\/p>\n<p>            David Lidstrom &#8211; UEFA\n        <\/p>\n<p>Lundkvist, som har f\u00e5tt 17 landskamper for Sverige, forlater amerikanske San Diego Wave til fordel for United. Hun har tidligere spilt for AIK, Hammarby og Atl\u00e9tico Madrid.\u00a0<\/p>\n<p>Backen gjenforenes i United med Fridolina Rolf\u00f6. De to kjenner hverandre godt fra det svenske landslaget.\u00a0<\/p>\n<p class=\"font-weight-bold m-font-weight-bold\" data-lab-font_weight=\"font-weight-bold\">S\u00e5 lenge alt g\u00e5r i orden med arbeidstillatelse kan Lundkvist f\u00e5 sin United-debut n\u00e5r United-kvinnene gjenopptar sesongen etter vinterpausen med bortekamp mot Arsenal den 10. januar.\u00a0<\/p>\n","protected":false},"excerpt":{"rendered":"Poppy Townson &#8211; MUFC FORSTERKER I JANUAR: Manchester United bekrefter p\u00e5 sine nettsider l\u00f8rdag at kvinnelaget har signert&hellip;\n","protected":false},"author":2,"featured_media":122833,"comment_status":"","ping_status":"","sticky":false,"template":"","format":"standard","meta":{"footnotes":""},"categories":[59],"tags":[30,28,29,83,82],"class_list":{"0":"post-122832","1":"post","2":"type-post","3":"status-publish","4":"format-standard","5":"has-post-thumbnail","7":"category-sport","8":"tag-no","9":"tag-norge","10":"tag-norway","11":"tag-sport","12":"tag-sports"},"share_on_mastodon":{"url":"https:\/\/pubeurope.com\/@no\/115792061775210943","error":""},"_links":{"self":[{"href":"https:\/\/www.europesays.com\/no\/wp-json\/wp\/v2\/posts\/122832","targetHints":{"allow":["GET"]}}],"collection":[{"href":"https:\/\/www.europesays.com\/no\/wp-json\/wp\/v2\/posts"}],"about":[{"href":"https:\/\/www.europesays.com\/no\/wp-json\/wp\/v2\/types\/post"}],"author":[{"embeddable":true,"href":"https:\/\/www.europesays.com\/no\/wp-json\/wp\/v2\/users\/2"}],"replies":[{"embeddable":true,"href":"https:\/\/www.europesays.com\/no\/wp-json\/wp\/v2\/comments?post=122832"}],"version-history":[{"count":0,"href":"https:\/\/www.europesays.com\/no\/wp-json\/wp\/v2\/posts\/122832\/revisions"}],"wp:featuredmedia":[{"embeddable":true,"href":"https:\/\/www.europesays.com\/no\/wp-json\/wp\/v2\/media\/122833"}],"wp:attachment":[{"href":"https:\/\/www.europesays.com\/no\/wp-json\/wp\/v2\/media?parent=122832"}],"wp:term":[{"taxonomy":"category","embeddable":true,"href":"https:\/\/www.europesays.com\/no\/wp-json\/wp\/v2\/categories?post=122832"},{"taxonomy":"post_tag","embeddable":true,"href":"https:\/\/www.europesays.com\/no\/wp-json\/wp\/v2\/tags?post=122832"}],"curies":[{"name":"wp","href":"https:\/\/api.w.org\/{rel}","templated":true}]}}