{"id":122834,"date":"2025-12-27T14:46:10","date_gmt":"2025-12-27T14:46:10","guid":{"rendered":"https:\/\/www.europesays.com\/no\/122834\/"},"modified":"2025-12-27T14:46:10","modified_gmt":"2025-12-27T14:46:10","slug":"donald-trump-tom-hetland-som-ein-jaerbu-ser-det-slik-har-trump-endra-verda","status":"publish","type":"post","link":"https:\/\/www.europesays.com\/no\/122834\/","title":{"rendered":"Donald Trump, Tom Hetland | Som ein j\u00e6rbu ser det: Slik har Trump endra verda"},"content":{"rendered":"<p>      &#8211; Det er bekymringsfullt \u00e5 sj\u00e5 korleis andre leiarar gjer kva som helst for \u00e5 gjera Trump til lags, meiner Tom Hetland. Han sp\u00e5dde at Trump ville bli den f\u00f8rste vinnaren av FIFAs fredspris, som president Gianni Infantino plutseleg innf\u00f8rte i haust. Slik gjekk det \u00f2g. Sv\u00e6rt f\u00e5 nordmenn var for \u00e5 gi Trump Nobels fredspris, som han \u00f8nskte seg, og sju av ti meiner verda er blitt ein verre stad etter at han blei president igjen.<br \/>\n      Foto: Dan Mullan, AP\n    <\/p>\n","protected":false},"excerpt":{"rendered":"&#8211; Det er bekymringsfullt \u00e5 sj\u00e5 korleis andre leiarar gjer kva som helst for \u00e5 gjera Trump til&hellip;\n","protected":false},"author":2,"featured_media":122835,"comment_status":"","ping_status":"","sticky":false,"template":"","format":"standard","meta":{"footnotes":""},"categories":[12],"tags":[20,21,24,25,15,22,23,13,30,28,29,14,16,26,27,42,43,44,45],"class_list":{"0":"post-122834","1":"post","2":"type-post","3":"status-publish","4":"format-standard","5":"has-post-thumbnail","7":"category-verden","8":"tag-breaking-news","9":"tag-breakingnews","10":"tag-featured-news","11":"tag-featurednews","12":"tag-headlines","13":"tag-latest-news","14":"tag-latestnews","15":"tag-news","16":"tag-no","17":"tag-norge","18":"tag-norway","19":"tag-nyheter","20":"tag-overskrifter","21":"tag-top-stories","22":"tag-topstories","23":"tag-verden","24":"tag-world","25":"tag-world-news","26":"tag-worldnews"},"share_on_mastodon":{"url":"https:\/\/pubeurope.com\/@no\/115792077399854950","error":""},"_links":{"self":[{"href":"https:\/\/www.europesays.com\/no\/wp-json\/wp\/v2\/posts\/122834","targetHints":{"allow":["GET"]}}],"collection":[{"href":"https:\/\/www.europesays.com\/no\/wp-json\/wp\/v2\/posts"}],"about":[{"href":"https:\/\/www.europesays.com\/no\/wp-json\/wp\/v2\/types\/post"}],"author":[{"embeddable":true,"href":"https:\/\/www.europesays.com\/no\/wp-json\/wp\/v2\/users\/2"}],"replies":[{"embeddable":true,"href":"https:\/\/www.europesays.com\/no\/wp-json\/wp\/v2\/comments?post=122834"}],"version-history":[{"count":0,"href":"https:\/\/www.europesays.com\/no\/wp-json\/wp\/v2\/posts\/122834\/revisions"}],"wp:featuredmedia":[{"embeddable":true,"href":"https:\/\/www.europesays.com\/no\/wp-json\/wp\/v2\/media\/122835"}],"wp:attachment":[{"href":"https:\/\/www.europesays.com\/no\/wp-json\/wp\/v2\/media?parent=122834"}],"wp:term":[{"taxonomy":"category","embeddable":true,"href":"https:\/\/www.europesays.com\/no\/wp-json\/wp\/v2\/categories?post=122834"},{"taxonomy":"post_tag","embeddable":true,"href":"https:\/\/www.europesays.com\/no\/wp-json\/wp\/v2\/tags?post=122834"}],"curies":[{"name":"wp","href":"https:\/\/api.w.org\/{rel}","templated":true}]}}