{"id":122836,"date":"2025-12-27T14:47:20","date_gmt":"2025-12-27T14:47:20","guid":{"rendered":"https:\/\/www.europesays.com\/no\/122836\/"},"modified":"2025-12-27T14:47:20","modified_gmt":"2025-12-27T14:47:20","slug":"se-odeleggelsene-pa-kirkegarden-vol-no","status":"publish","type":"post","link":"https:\/\/www.europesays.com\/no\/122836\/","title":{"rendered":"(+) Se \u00f8deleggelsene p\u00e5 kirkeg\u00e5rden &#8211; vol.no"},"content":{"rendered":"<ol>\n<li><a href=\"https:\/\/news.google.com\/rss\/articles\/CBMiekFVX3lxTE45WVpzM0FBYVcwazhzblVUMEMwMjVjbDJrSlBERThIZVhuQU1zdUU5ZXktVVB2MklkcnJ3OWpvRGFYS0x6aVZ5YVJDZXpuRTFpanZoTWNITkQ1RGFxSU1YYnAtR0o0QUwyVF9RYjZjQlY1ZUsxY0FiaE13?oc=5\" target=\"_blank\" rel=\"nofollow noopener\">(+) Se \u00f8deleggelsene p\u00e5 kirkeg\u00e5rden<\/a>&nbsp;&nbsp;vol.no<\/li>\n<li><a href=\"https:\/\/news.google.com\/rss\/articles\/CBMirgFBVV95cUxNTUd2cEl6aFZNaHFxUmxOZXg3Z3VXdVZOZzlxSldvbnF1bW5XdFBBd1RVaXBfRGlOUWMwZGJNNmYzVll6Y08ycXBYbVhTZ0tzR0NOQWZFSjhUdTY4UXE0eTRaV3dFUEVkZnBOWGdhSmtJSHRrMzhzdXdkc1JRXzBTVmdnX2tJOVpNdFlyUVl1Y2pjWXNjcGk3RndBdVhLNzFzUFlSNWpoNF9iVGJBQmc?oc=5\" target=\"_blank\" rel=\"nofollow noopener\">(+) Evakuerte etter at tr\u00e6r falt over taket: \u2013 Tr\u00e6rne var like gamle som huset<\/a>&nbsp;&nbsp;vol.no<\/li>\n<li><a href=\"https:\/\/news.google.com\/rss\/articles\/CBMilgFBVV95cUxPc0tibFRBd01ZUEJOcE1HTUFDMUxXWWRiWGMxakt4aGhhbzZucU1aVXpWc0FHZW0wZEZkVHNHaENCNk5paVB3UzBfYklDUlpKT05ES2d1aWRRZEVIR3Q5VkVpMm5fM05tOGJUWkV2czcyX1R2X09xS0RpcHVGWFBkR0syS3lBVGxNWEY3azJjTzIwaTZMUGc?oc=5\" target=\"_blank\" rel=\"nofollow noopener\">Digermulen, V\u00e5gan | Skogen ble rasert: \u2013 To av tr\u00e6rne traff ungdomshuset<\/a>&nbsp;&nbsp;Lofotposten<\/li>\n<li><a href=\"https:\/\/news.google.com\/rss\/articles\/CBMitwFBVV95cUxPcGFGTzkxU2syY1ZqcFgwQWpjUnpmQWttc0s0QUlfYURnNm13aHdoMFpoVXFuemlhOFZicjZVcWdHb0ZWcV9EUlRlemZzRmpIN2pXT1BjMk5XQklzNEtrZDYydmcyTWQ5elNkQjVITWFvaGVxRndlamVKdnFhc1dNLUFsMFZuTE5JZXJ4bkxMdVlyT2xZZkEzQWw5Y1V2OXFPenQ2ZjQ1SW1SbkduWEMtem12WUJVNUE?oc=5\" target=\"_blank\" rel=\"nofollow noopener\">Lihallen, Uv\u00e6r | De digre tr\u00e6rne feide ned p\u00e5 taket av det historiske bygget: \u2013 N\u00e5 er vi ganske skjelvne<\/a>&nbsp;&nbsp;Bladet Vester\u00e5len<\/li>\n<li><a href=\"https:\/\/news.google.com\/rss\/articles\/CBMiYkFVX3lxTE9NT3BBZi1BTDlmUi1iMUZOLXVRSHdWOVVsb3loS1U5WktHT0UtNzdka1A1UVBEaDI5RUFpY01ZQ1YyWnVpRm84dDJVeEVESXc3cXdQRHZPdUl2WDVVTFdSZFpR?oc=5\" target=\"_blank\" rel=\"nofollow noopener\">Ingen personskader i uv\u00e6ret<\/a>&nbsp;&nbsp;Vester\u00e5lnytt<\/li>\n<\/ol>\n","protected":false},"excerpt":{"rendered":"(+) Se \u00f8deleggelsene p\u00e5 kirkeg\u00e5rden&nbsp;&nbsp;vol.no (+) Evakuerte etter at tr\u00e6r falt over taket: \u2013 Tr\u00e6rne var like gamle&hellip;\n","protected":false},"author":2,"featured_media":122837,"comment_status":"","ping_status":"","sticky":false,"template":"","format":"standard","meta":{"footnotes":""},"categories":[10],"tags":[20,21,24,25,15,2237,22,23,13,30,28,29,14,16,3673,26,27,3230],"class_list":{"0":"post-122836","1":"post","2":"type-post","3":"status-publish","4":"format-standard","5":"has-post-thumbnail","7":"category-norge","8":"tag-breaking-news","9":"tag-breakingnews","10":"tag-featured-news","11":"tag-featurednews","12":"tag-headlines","13":"tag-kirkegard","14":"tag-latest-news","15":"tag-latestnews","16":"tag-news","17":"tag-no","18":"tag-norge","19":"tag-norway","20":"tag-nyheter","21":"tag-overskrifter","22":"tag-sortland","23":"tag-top-stories","24":"tag-topstories","25":"tag-uvaer"},"share_on_mastodon":{"url":"https:\/\/pubeurope.com\/@no\/115792081455790712","error":""},"_links":{"self":[{"href":"https:\/\/www.europesays.com\/no\/wp-json\/wp\/v2\/posts\/122836","targetHints":{"allow":["GET"]}}],"collection":[{"href":"https:\/\/www.europesays.com\/no\/wp-json\/wp\/v2\/posts"}],"about":[{"href":"https:\/\/www.europesays.com\/no\/wp-json\/wp\/v2\/types\/post"}],"author":[{"embeddable":true,"href":"https:\/\/www.europesays.com\/no\/wp-json\/wp\/v2\/users\/2"}],"replies":[{"embeddable":true,"href":"https:\/\/www.europesays.com\/no\/wp-json\/wp\/v2\/comments?post=122836"}],"version-history":[{"count":0,"href":"https:\/\/www.europesays.com\/no\/wp-json\/wp\/v2\/posts\/122836\/revisions"}],"wp:featuredmedia":[{"embeddable":true,"href":"https:\/\/www.europesays.com\/no\/wp-json\/wp\/v2\/media\/122837"}],"wp:attachment":[{"href":"https:\/\/www.europesays.com\/no\/wp-json\/wp\/v2\/media?parent=122836"}],"wp:term":[{"taxonomy":"category","embeddable":true,"href":"https:\/\/www.europesays.com\/no\/wp-json\/wp\/v2\/categories?post=122836"},{"taxonomy":"post_tag","embeddable":true,"href":"https:\/\/www.europesays.com\/no\/wp-json\/wp\/v2\/tags?post=122836"}],"curies":[{"name":"wp","href":"https:\/\/api.w.org\/{rel}","templated":true}]}}