{"id":122842,"date":"2025-12-27T14:54:23","date_gmt":"2025-12-27T14:54:23","guid":{"rendered":"https:\/\/www.europesays.com\/no\/122842\/"},"modified":"2025-12-27T14:54:23","modified_gmt":"2025-12-27T14:54:23","slug":"vinden-tok-taket-helt-absurd","status":"publish","type":"post","link":"https:\/\/www.europesays.com\/no\/122842\/","title":{"rendered":"Vinden tok taket: &#8211; Helt absurd"},"content":{"rendered":"<p>Stormen herjer i nord og i Bod\u00f8 meldes det blant annet om flere tak som skal ha blitt tatt av vinden, skriver\u00a0<a href=\"https:\/\/www.an.no\/store-skader-pa-sameie-i-bodo-en-svart-alvorlig-situasjon\/s\/5-4-2300518\" style=\"font-size: 18px; font-weight: 400; font-family: Roboto, helvetica, arial, sans-serif;\" rel=\"nofollow noopener\" target=\"_blank\">Avisa Nordland<\/a>. Deriblant p\u00e5 et sameie.<\/p>\n<p>Niels-Thomas Iversen, som bor i sameiet, ble vekket av kraftige smell.<\/p>\n<p>&#8211; Jeg v\u00e5knet tidlig i dag av kraftige smell i b\u00e5de tak og vegger. Jeg skj\u00f8nte ikke hva i all verden det var, f\u00f8r jeg s\u00e5 at deler av taket var i ferd med \u00e5 forsvinne. Det er helt absurd &#8211; ikke akkurat hverdagskost, sier Niels-Thomas Iversen til Dagbladet, som ogs\u00e5 har latt seg intervjue av <a href=\"https:\/\/www.nrk.no\/nordland\/kraftig-uver-i-nord-_-garasje-tatt-av-vinden-1.17706033#r%C3%B8nvikveien\" target=\"_blank\" rel=\"nofollow noopener\">NRK.<\/a><\/p>\n<p>    <a itemprop=\"url\" href=\"https:\/\/www.dagbladet.no\/nyheter\/politiet-hold-deg-inne\/84029990\" rel=\"nofollow noopener\" target=\"_blank\"><\/p>\n<p>        <img loading=\"lazy\" decoding=\"async\" src=\"https:\/\/www.europesays.com\/no\/wp-content\/uploads\/2025\/12\/84030054.webp\" width=\"980\" height=\"441\" title=\"Politiet: - Hold deg inne\" alt=\"\" class=\"lazyload\" style=\"--aspect-ratio-image: 2.22; \"\/><\/p>\n<p>        Politiet: &#8211; Hold deg inne<\/p>\n<p>    <\/a><\/p>\n<p>&#8211; Sv\u00e6rt alvorlig situasjon\t<\/p>\n<p>Iversen forteller at han l\u00f8p opp i toppetasjen for \u00e5 sjekke om det var hull i taket.<\/p>\n<p>        <img loading=\"lazy\" decoding=\"async\" src=\"https:\/\/www.europesays.com\/no\/wp-content\/uploads\/2025\/12\/84030758.webp\" width=\"667\" height=\"381\" title=\"DRAMATISK: Sterke krefter er i sving n\u00e5r vinden har tatt tak og revet av taket p\u00e5 blokka. Foto: Niels-Thomas Iversen.\" alt=\"\" class=\"\" style=\"--aspect-ratio-image: 1.75; \"\/><\/p>\n<p>\n        DRAMATISK: Sterke krefter er i sving n\u00e5r vinden har tatt tak og revet av taket p\u00e5 blokka. Foto: Niels-Thomas Iversen.\n    <\/p>\n<p>&#8211; Heldigvis var det ikke det. Det roet seg etter hvert, men jeg er fortsatt veldig spent p\u00e5 hvordan dette kommer til \u00e5 utvikle seg. Taket blir jo ikke fikset med det f\u00f8rste.<\/p>\n<p>Iversen sier det farligste n\u00e5 er \u00e5 oppholde seg utend\u00f8rs p\u00e5 grunn av l\u00f8se gjenstander.<\/p>\n<p>Styreleder i sameiet, Christian Unosen, sier til\u00a0<a href=\"https:\/\/www.an.no\/store-skader-pa-sameie-i-bodo-en-svart-alvorlig-situasjon\/s\/5-4-2300518\" rel=\"nofollow noopener\" target=\"_blank\">Avisa Nordland<\/a>\u00a0at skadene fremst\u00e5r som omfattende.<\/p>\n<p>        <img loading=\"lazy\" decoding=\"async\" src=\"https:\/\/www.europesays.com\/no\/wp-content\/uploads\/2025\/12\/84030766.webp\" width=\"980\" height=\"559\" title=\"ALVORLIG: Iversen sier det farligste n\u00e5 er \u00e5 oppholde seg utend\u00f8rs p\u00e5 grunn av l\u00f8se gjenstander. Foto: Niels-Thomas Iversen\" alt=\"\" class=\"\" style=\"--aspect-ratio-image: 1.75; \"\/><\/p>\n<p>\n        ALVORLIG: Iversen sier det farligste n\u00e5 er \u00e5 oppholde seg utend\u00f8rs p\u00e5 grunn av l\u00f8se gjenstander. Foto: Niels-Thomas Iversen\n    <\/p>\n<p>&#8211; Dette er en sv\u00e6rt alvorlig situasjon, og skadene framst\u00e5r som omfattende. Per n\u00e5 har vi ikke full oversikt over omfanget, men det er bekreftet skader p\u00e5 b\u00e5de bygninger og kj\u00f8ret\u00f8y.<\/p>\n<p>Sendte ut n\u00f8dvarsel\t<\/p>\n<p>En glassbalkong var ogs\u00e5 i ferd med \u00e5 l\u00f8sne i Sj\u00f8gata i Bod\u00f8 sentrum, og politet sperret i en periode av omr\u00e5det, <a href=\"https:\/\/www.politiet.no\/politiloggen\/hendelse\/253622\/nordland-politidistrikt-var-bodo-sjogata\" rel=\"nofollow noopener\" target=\"_blank\">melder de selv<\/a>.\u00a0<\/p>\n<p>        Tusenvis har mistet str\u00f8mmen i Nordland som f\u00f8lge av uv\u00e6ret. Politiet ber folk holde seg inne. Her fra Bod\u00f8 Havn. Video: Youtube\/Livestream\/Sj\u00f8gata 1 <\/p>\n<p>Det ble ogs\u00e5 sendt ut en n\u00f8dvarsel fra politiet i forbindelse med saken:<\/p>\n<p>&#8211; I forbindelse med uv\u00e6ret er det forbundet med fare \u00e5 oppholde seg i Bod\u00f8 sentrum, Sj\u00f8gata. Melding om glassbalkong som kan l\u00f8sne fra bygg i Sj\u00f8gata. Gaten er sperret for ferdsel og vi oppfordrer folk om \u00e5 holde seg inne og unna omr\u00e5det, refererer\u00a0<a href=\"https:\/\/www.an.no\/folg-uvaret-her\/s\/5-4-2300498\" rel=\"nofollow noopener\" target=\"_blank\">Avisa Nordland<\/a>\u00a0fra varselet.<\/p>\n<p>I 13-tida opplyser politiet at balkongen n\u00e5 skal v\u00e6re sikret og at gata er \u00e5pen for fri ferdsel.<\/p>\n<p>Ordf\u00f8rer i Bod\u00f8, Odd Emil Ingebrigtsen sier de er godt vant med vind, men at dette er heftige greier.\u00a0<\/p>\n<p>        <img loading=\"lazy\" decoding=\"async\" itemprop=\"image\" src=\"https:\/\/www.europesays.com\/no\/wp-content\/uploads\/2025\/12\/1766847260_643_84030358.webp\" width=\"180\" height=\"180\" alt=\"Odd Emil Ingebrigtsen\"\/><\/p>\n<p>            Odd Emil Ingebrigtsen<br \/>\n            Odd Emil<br \/>\n            Ingebrigtsen        <\/p>\n<p>Ordf\u00f8rer i Bod\u00f8<\/p>\n<p class=\"font-weight-bold m-font-weight-bold\" data-lab-font_weight=\"font-weight-bold\">&#8211; Det er et sinnsykt v\u00e6r, man f\u00e5r litt \u00e6refrykt, sier han til Dagbladet l\u00f8rdag formiddag.\u00a0<\/p>\n<p>Han er glad for at det ikke er meldt om personskader, og skryter av de som er p\u00e5 jobb.\u00a0<\/p>\n<p>&#8211; Det er flinke folk i sving b\u00e5de i bydrift og i eldreomsorgen. Vi f\u00e5r bare holde oss inne til det g\u00e5r over. V\u00e6ret f\u00e5r vi ikke gjort noe med, sier han.<\/p>\n<p>    <a itemprop=\"url\" href=\"https:\/\/dinside.dagbladet.no\/fritid\/kraftig-advarsel-ikke-ror\/84030079\" rel=\"nofollow noopener\" target=\"_blank\"><\/p>\n<p>        <img loading=\"lazy\" decoding=\"async\" src=\"https:\/\/www.europesays.com\/no\/wp-content\/uploads\/2025\/12\/84030107.webp\" width=\"980\" height=\"441\" title=\"Kraftig advarsel: - IKKE r\u00f8r\" alt=\"\" class=\"lazyload\" style=\"--aspect-ratio-image: 2.22; \"\/><\/p>\n<p>        Kraftig advarsel: &#8211; IKKE r\u00f8r<\/p>\n<p>    <\/a><\/p>\n<p>P\u00e5 sin nettside opplyser kommunen at de f\u00f8lger med p\u00e5 situasjonen.<\/p>\n<p>&#8211; Kommunen oppfordrer innbyggerne om \u00e5 holde seg unna strandsoner, kaier, moloer og bruer det neste d\u00f8gnet, samt om \u00e5 sikre l\u00f8se gjenstander.<\/p>\n<p>Det varsles at broer kan stenges, og det er fare for skade p\u00e5 bygninger og infrastruktur.\u00a0<\/p>\n<p>        <img loading=\"lazy\" decoding=\"async\" src=\"https:\/\/www.europesays.com\/no\/wp-content\/uploads\/2025\/12\/1766847262_528_84030444.webp\" width=\"980\" height=\"559\" title=\"FARE: L\u00f8rdag formiddag er det sendt ut N\u00f8dvarsel i Bod\u00f8 p\u00e5 grunn av v\u00e6ret. Foto: Bod\u00f8 havn\/skjermdump\" alt=\"\" class=\"\" style=\"--aspect-ratio-image: 1.75; \"\/><\/p>\n<p>\n        FARE: L\u00f8rdag formiddag er det sendt ut N\u00f8dvarsel i Bod\u00f8 p\u00e5 grunn av v\u00e6ret. Foto: Bod\u00f8 havn\/skjermdump\n    <\/p>\n<p>Satt beredskap i Harstad\t<\/p>\n<p>Ogs\u00e5 lenger nord, i Harstad meldes det om heftig v\u00e6r n\u00e5 l\u00f8rdag formiddag.\u00a0<\/p>\n<p>Ordf\u00f8rer\u00a0Else Marie Stenhaug forteller om kraftig vind, sn\u00f8 og sludd.\u00a0<\/p>\n<p class=\"font-weight-bold m-font-weight-bold\" data-lab-font_weight=\"font-weight-bold\">&#8211; Det tok til for cirka en time siden. Jeg m\u00e5tte ut \u00e5 sikre noen ting p\u00e5 terrassen her, forteller hun til Dagbladet rett f\u00f8r klokka 11 l\u00f8rdag formiddag.\u00a0<\/p>\n<p>Hun forteller at kommunen har satt beredskap, men at det per n\u00e5 ikke har kommet alvorlige meldinger i forbindelse med v\u00e6ret.<\/p>\n<p>    <a itemprop=\"url\" href=\"https:\/\/www.seher.no\/kjendis\/som-perler-pa-en-snor\/84030429\" rel=\"nofollow noopener\" target=\"_blank\"><\/p>\n<p>        <img loading=\"lazy\" decoding=\"async\" src=\"https:\/\/www.europesays.com\/no\/wp-content\/uploads\/2025\/12\/1766847263_247_83825854.webp\" width=\"980\" height=\"441\" title=\"- Som perler p\u00e5 en snor\" alt=\"\" class=\"lazyload\" style=\"--aspect-ratio-image: 2.22; \"\/><\/p>\n<p>        &#8211; Som perler p\u00e5 en snor<\/p>\n<p>    <\/a><\/p>\n<p>&#8211; Sjokk og vantro\t<\/p>\n<p>For Benn-Roger Eriksen og familien ble stormen i nord dramatisk.\u00a0<\/p>\n<p>Eriksen fikk melding om at vinden hadde revet p\u00e5 huset de er i ferd med \u00e5 bygge p\u00e5 Tussan i Vestv\u00e5g\u00f8y i Lofoten, og dro for \u00e5 sjekke.<\/p>\n<p>Da han kom fram til stedet s\u00e5 han at hele andreetasjen var revet av, og hadde havnet p\u00e5 andre siden av veien.<\/p>\n<p>&#8211; Jeg hadde ikke i min villeste fantasi sett for meg at dette kunne skje, forteller Eriksen til Dagbladet og legger til at bygget var godt sikret.<\/p>\n<p><a href=\"https:\/\/www.lofotposten.no\/raserte-nyhuset-til-benn-roger-skjonner-ikke-at-det-gar-an\/s\/5-29-1264552\" rel=\"nofollow noopener\" target=\"_blank\">Lofotposten<\/a>\u00a0omtalte saken f\u00f8rst.\u00a0<\/p>\n<p>&#8211; Man blir litt i sjokk og vantro, fortsetter han oppgitt.<\/p>\n<p>Han er usikker p\u00e5 hvor stort skadeomfanget er.\u00a0<\/p>\n<p>&#8211; Jeg turte ikke \u00e5 g\u00e5 s\u00e5 n\u00e6r. Det var ganske skummelt med den sterke vinden.\u00a0<\/p>\n<p>N\u00e5r Dagbladet snakker med ham, er han tilbake i huset de n\u00e5 bor i. Der har det ikke v\u00e6rt noen skader.\u00a0<\/p>\n<p>&#8211; Vi f\u00e5r se p\u00e5 skadene n\u00e5r vinden l\u00f8yer. Det er ikke noe \u00e5 gj\u00f8re med det. Det viktigste er at ingen folk er skadd og at delene fra huset ikke traff andre hus, sier han.\u00a0<\/p>\n","protected":false},"excerpt":{"rendered":"Stormen herjer i nord og i Bod\u00f8 meldes det blant annet om flere tak som skal ha blitt&hellip;\n","protected":false},"author":2,"featured_media":122843,"comment_status":"","ping_status":"","sticky":false,"template":"","format":"standard","meta":{"footnotes":""},"categories":[10],"tags":[1525,20,21,24,25,370,15,2539,22,23,13,30,28,29,14,16,26,27,3230],"class_list":{"0":"post-122842","1":"post","2":"type-post","3":"status-publish","4":"format-standard","5":"has-post-thumbnail","7":"category-norge","8":"tag-bodo","9":"tag-breaking-news","10":"tag-breakingnews","11":"tag-featured-news","12":"tag-featurednews","13":"tag-harstad","14":"tag-headlines","15":"tag-innenriks","16":"tag-latest-news","17":"tag-latestnews","18":"tag-news","19":"tag-no","20":"tag-norge","21":"tag-norway","22":"tag-nyheter","23":"tag-overskrifter","24":"tag-top-stories","25":"tag-topstories","26":"tag-uvaer"},"share_on_mastodon":{"url":"https:\/\/pubeurope.com\/@no\/115792109201505471","error":""},"_links":{"self":[{"href":"https:\/\/www.europesays.com\/no\/wp-json\/wp\/v2\/posts\/122842","targetHints":{"allow":["GET"]}}],"collection":[{"href":"https:\/\/www.europesays.com\/no\/wp-json\/wp\/v2\/posts"}],"about":[{"href":"https:\/\/www.europesays.com\/no\/wp-json\/wp\/v2\/types\/post"}],"author":[{"embeddable":true,"href":"https:\/\/www.europesays.com\/no\/wp-json\/wp\/v2\/users\/2"}],"replies":[{"embeddable":true,"href":"https:\/\/www.europesays.com\/no\/wp-json\/wp\/v2\/comments?post=122842"}],"version-history":[{"count":0,"href":"https:\/\/www.europesays.com\/no\/wp-json\/wp\/v2\/posts\/122842\/revisions"}],"wp:featuredmedia":[{"embeddable":true,"href":"https:\/\/www.europesays.com\/no\/wp-json\/wp\/v2\/media\/122843"}],"wp:attachment":[{"href":"https:\/\/www.europesays.com\/no\/wp-json\/wp\/v2\/media?parent=122842"}],"wp:term":[{"taxonomy":"category","embeddable":true,"href":"https:\/\/www.europesays.com\/no\/wp-json\/wp\/v2\/categories?post=122842"},{"taxonomy":"post_tag","embeddable":true,"href":"https:\/\/www.europesays.com\/no\/wp-json\/wp\/v2\/tags?post=122842"}],"curies":[{"name":"wp","href":"https:\/\/api.w.org\/{rel}","templated":true}]}}