{"id":122846,"date":"2025-12-27T14:58:05","date_gmt":"2025-12-27T14:58:05","guid":{"rendered":"https:\/\/www.europesays.com\/no\/122846\/"},"modified":"2025-12-27T14:58:05","modified_gmt":"2025-12-27T14:58:05","slug":"ny-sesong-av-rampenissen-bekreftet","status":"publish","type":"post","link":"https:\/\/www.europesays.com\/no\/122846\/","title":{"rendered":"Ny sesong av \u00abRampenissen\u00bb bekreftet"},"content":{"rendered":"<p>Over \u00e9n million nordmenn har sett f\u00f8rste episode, og i snitt har over 700 000 personer sett TV-programmet s\u00e5 langt, if\u00f8lge <a href=\"https:\/\/kommunikasjon.ntb.no\/pressemelding\/18755858\/tv-2-bekrefter-ny-sesong-av-rampenissen-etter-milliontall?publisherId=13318709&amp;lang=no\" rel=\"noopener nofollow\" target=\"_blank\">TV 2<\/a>.<\/p>\n<p>\u2013 Det er moro \u00e5 se hvor mange som f\u00f8lger Rampenissen daglig, og tallene bare \u00f8ker jo n\u00e6rmere julaften vi kommer. Tilbakemeldingene fra veldig mange er ogs\u00e5 at de vil ha mer \u00abRampenissen\u00bb i monitor, sier programredakt\u00f8r i TV 2, Trygve R\u00f8nningen.<\/p>\n<p>Han kan n\u00e5 bekrefte at det blir en ny sesong av serien.<\/p>\n<p>I serien m\u00e5 kjendisene gjennom en ny konkurranse hver dag, og \u00e9n deltaker ryker ut i hvert program.<\/p>\n<p><a href=\"https:\/\/trdby.adressa.no\/underholdning\/i\/ln1JvM\/disse-troenderne-er-med-i-spillet\" rel=\"nofollow noopener\" target=\"_blank\"> <img decoding=\"async\" src=\"data:image\/gif;base64,R0lGODlhEAAJAIAAAP\/\/\/wAAACH5BAEAAAAALAAAAAAQAAkAAAIKhI+py+0Po5yUFQA7\" alt=\"\"\/>   Slik blir tv-v\u00ad\u00e5ren \u2013 flere kjendis\u00adtunge reali\u00adtyse\u00adrier   <\/a> <a href=\"https:\/\/trdby.adressa.no\/underholdning\/i\/k0a1Q9\/emma-22-er-med-i-paradise-hotel\" rel=\"nofollow noopener\" target=\"_blank\"> <img decoding=\"async\" src=\"data:image\/gif;base64,R0lGODlhEAAJAIAAAP\/\/\/wAAACH5BAEAAAAALAAAAAAQAAkAAAIKhI+py+0Po5yUFQA7\" alt=\"\"\/>   Trond\u00adhjemmer er med i \u00abPara\u00addise Hotel\u00bb  <\/a> <a href=\"https:\/\/trdby.adressa.no\/aktuelt\/i\/dR33Mz\/troender-med-i-tredje-utgave-av-spillet-jeg-har-et-knallhardt-pokerfjes\" rel=\"nofollow noopener\" target=\"_blank\"> <img decoding=\"async\" src=\"data:image\/gif;base64,R0lGODlhEAAJAIAAAP\/\/\/wAAACH5BAEAAAAALAAAAAAQAAkAAAIKhI+py+0Po5yUFQA7\" alt=\"\"\/>   Lotte er med i tredje utgave av \u00abSpillet\u00bb: \u2013 Jeg har et knallhardt pokerfjes  <\/a> <a href=\"https:\/\/trdby.adressa.no\/kultur\/i\/63L2yz\/bjarne-broendbo-med-reality-debut-skal-doemme-en-drapssak\" rel=\"nofollow noopener\" target=\"_blank\"> <img decoding=\"async\" src=\"data:image\/gif;base64,R0lGODlhEAAJAIAAAP\/\/\/wAAACH5BAEAAAAALAAAAAAQAAkAAAIKhI+py+0Po5yUFQA7\" alt=\"\"\/>   Bjarne Br\u00f8ndbo med reality-debut \u2013 skal d\u00f8mme en drapssak  <\/a> <a href=\"https:\/\/trdby.adressa.no\/kultur\/i\/63L2yz\/bjarne-broendbo-med-reality-debut-skal-doemme-en-drapssak\" rel=\"nofollow noopener\" target=\"_blank\"> <img decoding=\"async\" src=\"data:image\/gif;base64,R0lGODlhEAAJAIAAAP\/\/\/wAAACH5BAEAAAAALAAAAAAQAAkAAAIKhI+py+0Po5yUFQA7\" alt=\"\"\/>   Bjarne Br\u00f8ndbo med reality-debut \u2013 skal d\u00f8mme en drapssak  <\/a> <a href=\"https:\/\/trdby.adressa.no\/kultur\/i\/252LxB\/ragde-soestrene-med-i-ny-tv-reality\" rel=\"nofollow noopener\" target=\"_blank\"> <img decoding=\"async\" src=\"data:image\/gif;base64,R0lGODlhEAAJAIAAAP\/\/\/wAAACH5BAEAAAAALAAAAAAQAAkAAAIKhI+py+0Po5yUFQA7\" alt=\"\"\/>   Ragde-s\u00f8strene med i ny TV-reality  <\/a> <\/p>\n","protected":false},"excerpt":{"rendered":"Over \u00e9n million nordmenn har sett f\u00f8rste episode, og i snitt har over 700 000 personer sett TV-programmet&hellip;\n","protected":false},"author":2,"featured_media":122847,"comment_status":"","ping_status":"","sticky":false,"template":"","format":"standard","meta":{"footnotes":""},"categories":[58],"tags":[71,5721,2497,30,28,29,5720,208,72,5762],"class_list":{"0":"post-122846","1":"post","2":"type-post","3":"status-publish","4":"format-standard","5":"has-post-thumbnail","7":"category-underholdning","8":"tag-entertainment","9":"tag-julekalender","10":"tag-kjendiser","11":"tag-no","12":"tag-norge","13":"tag-norway","14":"tag-rampenissen","15":"tag-tv-2","16":"tag-underholdning","17":"tag-vita-mashadi"},"share_on_mastodon":{"url":"https:\/\/pubeurope.com\/@no\/115792124541226852","error":""},"_links":{"self":[{"href":"https:\/\/www.europesays.com\/no\/wp-json\/wp\/v2\/posts\/122846","targetHints":{"allow":["GET"]}}],"collection":[{"href":"https:\/\/www.europesays.com\/no\/wp-json\/wp\/v2\/posts"}],"about":[{"href":"https:\/\/www.europesays.com\/no\/wp-json\/wp\/v2\/types\/post"}],"author":[{"embeddable":true,"href":"https:\/\/www.europesays.com\/no\/wp-json\/wp\/v2\/users\/2"}],"replies":[{"embeddable":true,"href":"https:\/\/www.europesays.com\/no\/wp-json\/wp\/v2\/comments?post=122846"}],"version-history":[{"count":0,"href":"https:\/\/www.europesays.com\/no\/wp-json\/wp\/v2\/posts\/122846\/revisions"}],"wp:featuredmedia":[{"embeddable":true,"href":"https:\/\/www.europesays.com\/no\/wp-json\/wp\/v2\/media\/122847"}],"wp:attachment":[{"href":"https:\/\/www.europesays.com\/no\/wp-json\/wp\/v2\/media?parent=122846"}],"wp:term":[{"taxonomy":"category","embeddable":true,"href":"https:\/\/www.europesays.com\/no\/wp-json\/wp\/v2\/categories?post=122846"},{"taxonomy":"post_tag","embeddable":true,"href":"https:\/\/www.europesays.com\/no\/wp-json\/wp\/v2\/tags?post=122846"}],"curies":[{"name":"wp","href":"https:\/\/api.w.org\/{rel}","templated":true}]}}