{"id":122850,"date":"2025-12-27T15:02:21","date_gmt":"2025-12-27T15:02:21","guid":{"rendered":"https:\/\/www.europesays.com\/no\/122850\/"},"modified":"2025-12-27T15:02:21","modified_gmt":"2025-12-27T15:02:21","slug":"moster-amfi-i-pengetrobbel-fylkesordforar-skuldar-staten-for-a-prioritere-eit-drap-pa-stiklestad-nrk-vestland","status":"publish","type":"post","link":"https:\/\/www.europesays.com\/no\/122850\/","title":{"rendered":"Moster amfi i pengetr\u00f8bbel &#8211; fylkesordf\u00f8rar skuldar staten for \u00e5 prioritere eit drap p\u00e5 Stiklestad \u2013 NRK Vestland"},"content":{"rendered":"<p>Saka samanfatta:<\/p>\n<p>&#8211; Moster Amfi og kyrkjehistoriske senter slit \u00f8konomisk etter 1000-\u00e5rsjubileet i 2024 og har stengt d\u00f8rene midlertidig. <br \/>&#8211; Investeringar og auka renter har forverra situasjonen, og senteret manglar omlag \u00e9in million kroner for vidare drift. <br \/>&#8211; Staten f\u00e5r kritikk for manglande st\u00f8tte, medan Nasjonaljubileet p\u00e5 Stiklestad i 2030 f\u00e5r st\u00f8rre merksemd og midlar. <br \/>&#8211; B\u00f8mlo kommune og Vestland fylkeskommune meiner staten b\u00f8r ta ansvar for \u00e5 sikre drifta av denne nasjonale institusjonen. <br \/>&#8211; Ekspertar meiner Moster er like viktig som Stiklestad i norsk historie. <\/p>\n<p>Oppsummeringa er laga av ei KI-teneste fr\u00e5 OpenAI. Innhaldet er kvalitetssikra av NRK sine journalistar f\u00f8r publisering.<\/p>\n<p>I over 1000 \u00e5r har kongar og kongsemne g\u00e5tt i land p\u00e5 Moster i B\u00f8mlo kommune i Vestland.<\/p>\n<p>Allereie i \u00e5r 995 gjekk Olav Tryggvason i land p\u00e5 Moster og grunnla ei kyrkje der.<\/p>\n<p><strong>I \u00e5r 1024 kom Olav den heilage i land p\u00e5 same stad og hadde ting.<\/strong><\/p>\n<p>\u00c5ret er rekna som starten p\u00e5 innf\u00f8ringa av kristenretten i Noreg.<\/p>\n<p>Stort jubileum<\/p>\n<p>1000-\u00e5rsjubileet vart feira ei veke til ende i 2024.<\/p>\n<p>\u2013 Forteljinga er ei brikke i ei stor og langsam utvikling som la grunnlaget for det Noreg som me kjenner og er glade i dag, sa kronprins Haakon til eit fullsett amfi under jubileet.<\/p>\n<p><img decoding=\"async\"   src=\"data:image\/gif;base64,R0lGODlhAQABAIAAAAAAAP\/\/\/yH5BAEAAAAALAAAAAABAAEAAAIBRAA7\" loading=\"eager\" alt=\"To personer deltar i en seremoni hvor en av dem skriver p\u00e5 en stor stein. Den ene personen er kledd i dress, mens den andre er i tradisjonell drakt. En gruppe tilskuere, inkludert folk med kameraer, observerer hendelsen. Omgivelsene inkluderer en steinvegg og et gr\u00f8nt omr\u00e5de i bakgrunnen. (Bildebeskrivelsen er laget av en KI-tjeneste)\" title=\"Foto: Eli Bjelland \/ NRK\"\/><\/p>\n<p class=\"\">Kronprins Haakon signerer tingsteinen p\u00e5 Moster. Her har ogs\u00e5 far Kong Harald, og hans farfar, Kong Olav signert. <\/p>\n<p>Foto: Eli Bjelland \/ NRK<\/p>\n<p><strong>Men sist veke kom det fram at selskapet som eig amfiet og det kyrkjehistoriske senteret p\u00e5 den historiske grunnen slit \u00f8konomisk.<\/strong><\/p>\n<p>\u2013 Me har i praksis drive p\u00e5 kassakreditt sidan oktober. Og manglar om lag \u00e9in million kroner, seier styreleiar i Moster amfi og kyrkjehistoriske senter As, Arild Steinsland.<\/p>\n<p><strong>Den \u00f8konomiske situasjonen gjer no at senteret stengjer d\u00f8rene fram til 30. april.<\/strong><\/p>\n<p>Dei tilsette vert permitterte, og dagleg leiar m\u00e5 ned i halv stilling.<\/p>\n<p>\u2013 Tungt<\/p>\n<p>\u2013 G\u00e5rdagen var tung. B\u00e5de for dei tilsette, men ogs\u00e5 for Moster Amfi som er ein nasjonal institusjon, seier Nina Meldahl Olsen, dagleg leiar i amfiet etter at nyheita vart kjent.<\/p>\n<p>P\u00e5 Moster ligg eit karakteristisk steinkors som vart sett opp i samband med at Kong Haakon var der i 1924.<\/p>\n<p>Og eit amfi som var opna i 1984. Der er det mellom anna sett opp b\u00e5de spel og musikalar kvart \u00e5r etterp\u00e5.<\/p>\n<p>    \u2190<\/p>\n<ul data-scroll-container=\"\" role=\"list\" aria-label=\"Bildegalleri\">\n<li><img alt=\"Bilete fr\u00e5 1924 av Riksantikvaren. D\u00e5 var korset reist.\"  width=\"3840\" height=\"2670\" loading=\"lazy\"\/>\n<p>Moster er rekna som sentral plass i norsk historie. Dette er eit bilete fr\u00e5 1924 d\u00e5 det var reist eit stort steinkors for \u00e5 markera 900-\u00e5rsjubileet for kristenretten. <\/p>\n<p> Foto: Riksantikvaren \/ Nasjonalbibliotektet <\/li>\n<li><img alt=\"Ein stor folkemengde sit i et amfi i ein klippekl\u00f8ft, og ser p\u00e5 ein teateroppsetjing. Skuespillerne er kledd i historiske kostyme og utf\u00f8rer ein scene f\u00f8re publikum. Omgivelsene best\u00e5r av bratte klipper og gr\u00f8nt vegetasjon. Publikum er kledd i fargerike klede, mange i tradisjonelle bunader. (Bildebeskrivelsen er laget av ein KI-teneste)\"  width=\"3840\" height=\"2537\" loading=\"lazy\"\/>\n<p>Under signingsferda i 1991 fekk kongeparet sj\u00e5 amfiet som opna i 1984<\/p>\n<p> Foto: Bj\u00f8rn Sigurds\u00f8n \/ NTB <\/li>\n<li><img alt=\"For f\u00f8rste gong vert Sound of Music sett opp p\u00e5 nynorsk. Det skjer 6. August i Moster Amfi. Her med Fr\u00f8y Hovland Holtbakk, som spelar maria.\"  width=\"3840\" height=\"2124\" loading=\"lazy\"\/>\n<p>I sommar vart stykket Sound of Music sett opp p\u00e5 nynorsk. Skodespelarane spelar rett under ein fjellvegg, som det no ikkje er pengar til \u00e5 sikra<\/p>\n<p> Foto: Olav R\u00f8li \/ NRK <\/li>\n<li><img alt=\"Moster Amfi, B\u00f8mlo. Slit med \u00f8konomiske problem. \"  width=\"3840\" height=\"2540\" loading=\"lazy\"\/>\n<p>Slik ser det ut backstage. <\/p>\n<p> Foto: Olav R\u00f8li \/ NRK <\/li>\n<li><img alt=\"Moster Amfi, B\u00f8mlo. Slit med \u00f8konomiske problem. \"  width=\"3840\" height=\"2574\" loading=\"lazy\"\/>\n<p>Moster amfi har naturlege kulissar. <\/p>\n<p> Foto: Olav R\u00f8li \/ NRK <\/li>\n<li><img alt=\"Moster Amfi, B\u00f8mlo. Slit med \u00f8konomiske problem. \"  width=\"3840\" height=\"2390\" loading=\"lazy\"\/>\n<p>Amfiet har gjennomg\u00e5tt store oppgraderingar, spesielt i forkant av jubileet.<\/p>\n<p> Foto: Olav R\u00f8li \/ NRK <\/li>\n<li><img alt=\"Moster Amfi, B\u00f8mlo. Slit med \u00f8konomiske problem. \"  width=\"3840\" height=\"2476\" loading=\"lazy\"\/>\n<p>No er \u00f8konomien s\u00e5 d\u00e5rleg at dei m\u00e5 stengja d\u00f8rene. I f\u00f8rste omgang til 30. april. Kva som skjer d\u00e5 er uvisst.<\/p>\n<p> Foto: Olav R\u00f8li \/ NRK <\/li>\n<\/ul>\n<p>\u2192<\/p>\n<p>Beskjeden i forkant: \u2013 skal skinna<\/p>\n<p>No er det usikkert om det vert sett opp nye spel og musikalar. Deler av scenen ligg rett f\u00f8re ein stor fjellvegg som m\u00e5 reinskast annakvart \u00e5r. Det er det ikkje pengar til no.<\/p>\n<p>\u2013 Klimaendringane gjer at fjellet er meir utsett, og det hender det kjem stein ned. Anbefalingane er \u00e5 reinska og sikra fjellet anna kvart \u00e5r, seier Meldahl Olsen.<\/p>\n<p>I forkant av jubileet m\u00e5tte b\u00e5de amfiet og omr\u00e5det rundt gjennom store oppgraderingar.<\/p>\n<p><strong>Investeringane var p\u00e5 fleire titals millionar.<\/strong><\/p>\n<p>Men eigarane, B\u00f8mlo kommune og Vestland fylkeskommune, var kjent med at dette vart gjort.<\/p>\n<p><strong>\u2013 Beskjeden var at det skulle skinna, seier styreleiaren.<\/strong><\/p>\n<p>I etterkant har auka renter p\u00e5 l\u00e5na vore med og gjort situasjonen vanskeleg, meiner Steinsland.<\/p>\n<p>\u2013 Hadde de god nok kontroll p\u00e5 investeringane?<\/p>\n<p>\u2013 Ja, me meiner det. Og eigarane var kjent med investeringane, seier han.<\/p>\n<p><img decoding=\"async\"   src=\"data:image\/gif;base64,R0lGODlhAQABAIAAAAAAAP\/\/\/yH5BAEAAAAALAAAAAABAAEAAAIBRAA7\" loading=\"eager\" alt=\"Fr\u00e5 f\u00f8restillinga I slik ei natt i Moster amfi.\" title=\"Foto: Peter Tubaas \/ Vestland Media\"\/><\/p>\n<p class=\"\">I amfiet p\u00e5 Moster er ein fjellvegg ein stor del av kulissen. Her fr\u00e5 spelet i 2024 der Jonas Oftebro spelte ein av hovudrollene.<\/p>\n<p>Foto: Peter Tubaas \/ Vestland Media<\/p>\n<p>Meiner staten er meir oppteken av drap p\u00e5 Stiklestad<\/p>\n<p>I Vestland er fylkesordf\u00f8rar Jon Askeland (Sp) oppr\u00f8rt.<\/p>\n<p>Trass i at han har bede styret i Moster Amfi om \u00e5 ta grep tidlegare.<\/p>\n<p>\u2013 Staten burde vore rausare med Moster Amfi. Men det verkar som om det er st\u00f8rre interesse for \u00e5 feira drapet p\u00e5 Olav den Heilage p\u00e5 Stiklestad i 2030. Jubileet p\u00e5 Moster vert avsett med sm\u00e5pengar, meiner Askeland.<\/p>\n<p>Sound of Music vart i fjor sommar sett opp for f\u00f8rste gong p\u00e5 nynorsk.<\/p>\n<p><strong>I 2030 er det nemleg planlagt ei storstilt feiring p\u00e5 Stiklestad i Tr\u00f8ndelag.<\/strong><\/p>\n<p>Det er rekna som eit nasjonaljubileum, og Musea Arven p\u00e5 Stiklestad skal koordinera feiringa i mange landsdelar i \u00e5ra framover.<\/p>\n<p>I fjor vart det l\u00f8yvd <a href=\"https:\/\/www.nrk.no\/trondelag\/penger-til-stiklestad-1.17458310\" ec-id=\"pp:article:1.17458310\" ec-name=\"25 millionar til utbygging\" rel=\"nofollow noopener\" target=\"_blank\">25 millionar til utbygging<\/a> p\u00e5 Stiklestad.<\/p>\n<p>Barne- og familiedepartementet opplyser til NRK at dei har l\u00f8yvd 10 millionar kroner i direkte st\u00f8tte til jubileet p\u00e5 Moster.<\/p>\n<p>Pengest\u00f8tta vart gitt til prosjektorganisasjonen Moster2024 AS, som etter jubileet vart avvikla.<\/p>\n<p>\u2013 Eg vil p\u00e5 det sterkaste ta avstand fr\u00e5 \u00e5 kalla det som skjedde p\u00e5 Stiklestad for feiringa av eit drap, seier kulturminister Lubna Jaffery (Ap), og meiner Askeland ikkje kan noregshistoria.<\/p>\n<p>Lenger ned i saka kan du lesa meir om dei to hendingane i norsk historie.<\/p>\n<p><img decoding=\"async\"   src=\"data:image\/gif;base64,R0lGODlhAQABAIAAAAAAAP\/\/\/yH5BAEAAAAALAAAAAABAAEAAAIBRAA7\" loading=\"eager\" alt=\"STIKLESTAD 20010724 Historisk skuespill: Spelet om heilag Olav p\u00e5 Stiklestad. Paul Ottar Haga spiller heilage Olav. Foto: Gorm Kallestad, SCANPIX\" title=\"Foto: NTB scanpix\"\/><\/p>\n<p class=\"\">Stiklestad i Tr\u00f8ndelag er utpeikt som hovudstaden for markering av nasjonaljubileet i 2030. Her vart Olav den heilage drepen i 1030.<\/p>\n<p>Foto: NTB scanpix<\/p>\n<p>Vil ha statleg st\u00f8tte<\/p>\n<p>P\u00e5 Moster vil b\u00e5de dagleg leiar og styreleiar ogs\u00e5 ha staten p\u00e5 banen<\/p>\n<p>\u2013 Til jul ynskjer me oss pengar slik at me kan drifta sikkert i mange \u00e5r framover, seier Meldahl Olsen.<\/p>\n<p>B\u00f8mlo kommune har anstrengt \u00f8konomi, og har ikkje pengar \u00e5 dela ut utover ordin\u00e6re l\u00f8yvingar.<\/p>\n<p>\u2013 Om me skal l\u00f8yva pengar, vil det g\u00e5 utover andre oppg\u00e5ver i kommunen, seier kommunedirekt\u00f8r Kjell Gj\u00f8s\u00e6ter i B\u00f8mlo kommune.<\/p>\n<p>\u2013 Det er eigentleg ei skam at staten ikkje skal ta eit st\u00f8rre ansvar for ein institusjon som har s\u00e5 stor betydning nasjonalt.<\/p>\n<p>Kulturminister Lubna Jaffery (Ap) seier til NRK at ho vil ta initiativ til eit m\u00f8te om saka p\u00e5 ny\u00e5ret.<\/p>\n<p>Stikkordet er korleis Moster Amfi er organisert. Saka stiller seg nemleg annleis om dei vert ein del av eit museum.<\/p>\n<p>\u2013 Stiklestad er organisert som eit museum. Det er ikkje Moster, og dei fyller difor ikkje vilk\u00e5ra for statsst\u00f8tte, seier ho.<\/p>\n<p><img decoding=\"async\"   src=\"data:image\/gif;base64,R0lGODlhAQABAIAAAAAAAP\/\/\/yH5BAEAAAAALAAAAAABAAEAAAIBRAA7\" loading=\"eager\" alt=\"Moster gamle kyrkje\" title=\"Foto: Eli Bjelland \/ NRK\"\/><\/p>\n<p class=\"\">Moster var sentral under innf\u00f8ringa av kristendommen i Noreg for over 1000 \u00e5r sidan. <\/p>\n<p>Foto: Eli Bjelland \/ NRK<\/p>\n<p>Meiner politikarane har vore slappe<\/p>\n<p>J\u00f8rn \u00d8yrehagen Sunde, professor ved Institutt for offentleg rett ved Universitet i Bergen, kjenner godt til feiringa av b\u00e5de Moster og Stiklestad, og historia.<\/p>\n<p>\u2013 Politikarane p\u00e5 Stortinget fr\u00e5 Hordaland har ikkje vore framp\u00e5 nok i prosessen. Dei er dvaske og slappe, medan Stiklestad og Tr\u00f8ndelag har sikra seg ein viktig posisjon med sterke politikarar, seier Sunde.<\/p>\n<p>Dette er kristenretten:<\/p>\n<p>Ei samling av dei reglane ein m\u00e5 f\u00f8lgja for \u00e5 leva eit kristent liv.<\/p>\n<p>I tida f\u00f8r reformasjonen (1537) den delen av norsk rett som gjaldt kyrkjelege forhold.<\/p>\n<p>Dette omfatta kyrkjeorganisasjonen, forholdet mellom kyrkja og det verdslege samfunnet, og brot p\u00e5 kyrkjelege moralbod, s\u00e5 langt desse blei st\u00f8tta av lovbod.<\/p>\n<p>Var mellom anna reglar om alt fr\u00e5 d\u00e5p og gravferd, om faste og kyrkjebygging, om heilagdagar og gjerehald rundt kyrkjegarden, til pliktene til biskop og prestar, og om trolldom.<\/p>\n<p>Den f\u00f8rste kristenretten skal Olav den heilage ha f\u00e5tt vedteke av eit ting p\u00e5 Moster i 1024. Den eldste bevarte kristenretten, fr\u00e5 Gulatingslova, er fr\u00e5 langt seinare tid. Men den bevarte redaksjonen fr\u00e5 siste halvdel av 1100-talet, for det meste overlevert i handskrifter fr\u00e5 1200-talet, gjengir ein del f\u00f8resegner som blir tilskrivne Olav den heilage (\u00abolavstekst\u00bb).<\/p>\n<p>Kristenretten gav mellom anna alle plikt til \u00e5 bidra til \u00e5 vedlikehalda kyrkjer.<\/p>\n<p>Det vart ogs\u00e5 skildra brotsverk mot kristen tru, som \u00e5 arbeida p\u00e5 heilagdag, nekta \u00e5 d\u00f8ypa borna sine, eller \u00e5 gifta seg med meir enn ein ektefelle.<\/p>\n<p>I slike tilfelle skulle biskopen ha bot fr\u00e5 lovbrytaren.<\/p>\n<p>Kjelde: <a href=\"https:\/\/snl.no\/kristenrett\" ec-id=\"https:\/\/snl.no\/kristenrett\" ec-name=\"Store norske leksikon\" rel=\"nofollow noopener\" target=\"_blank\">Store norske leksikon<\/a>, <a href=\"https:\/\/moster2024.no\/kristenretten\" ec-id=\"https:\/\/moster2024.no\/kristenretten\" ec-name=\"Moster2024\" rel=\"nofollow noopener\" target=\"_blank\">Moster2024<\/a><\/p>\n<p>Olav den hellige<\/p>\n<p><img decoding=\"async\"   src=\"data:image\/gif;base64,R0lGODlhAQABAIAAAAAAAP\/\/\/yH5BAEAAAAALAAAAAABAAEAAAIBRAA7\" loading=\"eager\" alt=\"Olav den Hellige\" title=\"Foto: Wikipedia \/ CC\"\/><\/p>\n<p>Foto: Wikipedia \/ CC<\/p>\n<ul>\n<li>Han het egentlig Olav Haraldsson, andre ganger Olav Digre, og dro allerede som ten\u00e5ring p\u00e5 tokt i England.<\/li>\n<li>Sentral i innf\u00f8ringen av kristendommen i Norge<\/li>\n<li>Var konge i Norge fra 1015 til 1028<\/li>\n<li>D\u00f8de 29. juli 1030 i slaget p\u00e5 Stiklestad<\/li>\n<li>Ble sl\u00e5tt til helgen etter sin d\u00f8d<\/li>\n<li>Nidarosdomen ble reist til \u00e6re for Olav<\/li>\n<\/ul>\n<p>Store Norske Leksikon<\/p>\n<p>Han understrekar at han ikkje kritiserer Stiklestad, men stortingspolitikarar fr\u00e5 eige fylke. Og at Moster sitt jubileum burde ha vore ein eigen statleg post.<\/p>\n<p>\u2013 Kva hadde st\u00f8rst betydning i utviklinga norsk historie? Stiklestad i 1030 eller Moster i 1024?<\/p>\n<p>\u2013 Var Moster viktigare enn Stiklestad? Nei. Var det like viktig? Ja, svarar Sunde.<\/p>\n<p>        Kva hending meiner du hadde st\u00f8rst historisk betydning? <\/p>\n<p>        D\u00e5 Olav Tryggvason, seinare Olav den heilage, gjekk i land p\u00e5 Moster i 1024<\/p>\n<p>        Slaget p\u00e5 Stiklestad i 1030 der Olav den heilage vart drepen<\/p>\n<p>        Denne delen av historia kjenner eg altfor lite til<\/p>\n<p>        Bryr meg ikkje<\/p>\n<p>      Vis resultat<\/p>\n<p class=\"pin-nrkno-poll__disclaimer\">\n    Denne avstemningen viser ikke hva befolkningen mener om sp\u00f8rsm\u00e5let.<br \/>\n    Resultatet viser hva de som selv har valgt \u00e5 stemme mener,<br \/>\n    og avstemningen har ikke et utvalg som gj\u00f8r den representativ for alle som bor i landet.\n  <\/p>\n<p>Publisert<\/p>\n<p>27.12.2025, kl. 10.55<\/p>\n","protected":false},"excerpt":{"rendered":"Saka samanfatta: &#8211; Moster Amfi og kyrkjehistoriske senter slit \u00f8konomisk etter 1000-\u00e5rsjubileet i 2024 og har stengt d\u00f8rene&hellip;\n","protected":false},"author":2,"featured_media":122851,"comment_status":"","ping_status":"","sticky":false,"template":"","format":"standard","meta":{"footnotes":""},"categories":[10],"tags":[20,21,24,25,15,22,23,13,30,28,29,14,16,26,27],"class_list":{"0":"post-122850","1":"post","2":"type-post","3":"status-publish","4":"format-standard","5":"has-post-thumbnail","7":"category-norge","8":"tag-breaking-news","9":"tag-breakingnews","10":"tag-featured-news","11":"tag-featurednews","12":"tag-headlines","13":"tag-latest-news","14":"tag-latestnews","15":"tag-news","16":"tag-no","17":"tag-norge","18":"tag-norway","19":"tag-nyheter","20":"tag-overskrifter","21":"tag-top-stories","22":"tag-topstories"},"share_on_mastodon":{"url":"https:\/\/pubeurope.com\/@no\/115792140209345009","error":""},"_links":{"self":[{"href":"https:\/\/www.europesays.com\/no\/wp-json\/wp\/v2\/posts\/122850","targetHints":{"allow":["GET"]}}],"collection":[{"href":"https:\/\/www.europesays.com\/no\/wp-json\/wp\/v2\/posts"}],"about":[{"href":"https:\/\/www.europesays.com\/no\/wp-json\/wp\/v2\/types\/post"}],"author":[{"embeddable":true,"href":"https:\/\/www.europesays.com\/no\/wp-json\/wp\/v2\/users\/2"}],"replies":[{"embeddable":true,"href":"https:\/\/www.europesays.com\/no\/wp-json\/wp\/v2\/comments?post=122850"}],"version-history":[{"count":0,"href":"https:\/\/www.europesays.com\/no\/wp-json\/wp\/v2\/posts\/122850\/revisions"}],"wp:featuredmedia":[{"embeddable":true,"href":"https:\/\/www.europesays.com\/no\/wp-json\/wp\/v2\/media\/122851"}],"wp:attachment":[{"href":"https:\/\/www.europesays.com\/no\/wp-json\/wp\/v2\/media?parent=122850"}],"wp:term":[{"taxonomy":"category","embeddable":true,"href":"https:\/\/www.europesays.com\/no\/wp-json\/wp\/v2\/categories?post=122850"},{"taxonomy":"post_tag","embeddable":true,"href":"https:\/\/www.europesays.com\/no\/wp-json\/wp\/v2\/tags?post=122850"}],"curies":[{"name":"wp","href":"https:\/\/api.w.org\/{rel}","templated":true}]}}