{"id":122854,"date":"2025-12-27T15:14:13","date_gmt":"2025-12-27T15:14:13","guid":{"rendered":"https:\/\/www.europesays.com\/no\/122854\/"},"modified":"2025-12-27T15:14:13","modified_gmt":"2025-12-27T15:14:13","slug":"erna-solberg-sier-at-stortinget-bor-vaere-apne-for-at-loven-om-bruk-av-tvang-i-psykiatri-ma-vurderes-pa-nytt","status":"publish","type":"post","link":"https:\/\/www.europesays.com\/no\/122854\/","title":{"rendered":"Erna Solberg sier at Stortinget b\u00f8r v\u00e6re \u00e5pne for at loven om bruk av tvang i psykiatri m\u00e5 vurderes p\u00e5 nytt"},"content":{"rendered":"\n<ul class=\"_list_o9xde_3 _list_64s2r_85 _unordered_o9xde_106 text-sans-m\">\n<li class=\"_item_o9xde_30\">Tidligere statsminister Erna Solberg forsvarer lovendring som far mener kostet ham to mennesker.<\/li>\n<li class=\"_item_o9xde_30\">Solberg sier at Stortinget b\u00f8r v\u00e6re \u00e5pne for \u00e5 vurdere om lovverket b\u00f8r endres og grensene trekkes p\u00e5 nytt.<\/li>\n<li class=\"_item_o9xde_30\">Psykiater mener det har blitt vanskeligere for alvorlig syke mennesker \u00e5 f\u00e5 hjelp etter lovendring.<\/li>\n<\/ul>\n<p>Vis mer <\/p>\n<p class=\"_paragraph_o9xde_4 _paragraph_xtcu6_10 layout-component text-serif-m layout-normal text-serif-m layout-padded\">Ett \u00e5r etter at Hanne Englund (56) ble drept i Kongsberg i 2021, tok datteren Linn\u00e8a Bernardine Englund (23) sitt eget liv. Denne julen har VG fortalt <a href=\"https:\/\/www.vg.no\/i\/M7gPdE\" data-track-element-type=\"Link\" data-track-id=\"link:M7gPdE\" class=\"_link_o9xde_39\" rel=\"nofollow noopener\" target=\"_blank\">deres historie.<\/a><\/p>\n<p class=\"_paragraph_o9xde_4 _paragraph_xtcu6_10 layout-component text-serif-m layout-normal text-serif-m layout-padded\">Tilbake sitter pappa \u00d8ystein Kjennerud.<\/p>\n<p class=\"_paragraph_o9xde_4 _paragraph_xtcu6_10 layout-component text-serif-m layout-normal text-serif-m layout-padded\"><a href=\"https:\/\/www.vg.no\/i\/9pmnQd\" data-track-element-type=\"Link\" data-track-id=\"link:9pmnQd\" class=\"_link_o9xde_39\" rel=\"nofollow noopener\" target=\"_blank\">Han peker p\u00e5 lovendringen<\/a> i psykisk helsevern i 2017, som ga pasienter st\u00f8rre r\u00e5derett over egen behandling dersom de regnes som samtykkekompetente.<\/p>\n<p><img alt=\"Linn\u00e8a Bernardine Englund.\" class=\"_image_qp4xg_65 layout-component layout-normal\" data-fullscreen- data-track-element-type=\"Article image fullscreen\" data-track-name=\"ImageFullscreen\" decoding=\"async\" loading=\"lazy\" height=\"801\" itemprop=\"image\"  src=\"https:\/\/www.europesays.com\/no\/wp-content\/uploads\/2025\/12\/68085a94-a72d-412e-9006-bd13eec8f0a3\"  style=\"object-position:0% 0%\" width=\"601\"\/>Linn\u00e8a Bernardine Englund.<\/p>\n<p class=\"_paragraph_o9xde_4 _paragraph_xtcu6_10 layout-component text-serif-m layout-normal text-serif-m layout-padded\">Kjennerud mener Linn\u00e8as \u00f8nske om \u00e5 v\u00e6re alene ble tillagt st\u00f8rre vekt enn hennes sykdomshistorikk med tidligere selvmordsfors\u00f8k og psykose. <\/p>\n<p class=\"_paragraph_o9xde_4 _paragraph_xtcu6_10 layout-component text-serif-m layout-normal text-serif-m layout-padded\"><strong class=\"_strong_o9xde_25\">\u2013 Det er utrolig vondt \u00e5 lese. Jeg har stor forst\u00e5else for at dette er veldig vanskelig for far, sier H\u00f8yre-leder <a href=\"https:\/\/www.vg.no\/tag\/erna-solberg?utm_source=vg-article&amp;utm_medium=auto-tagger&amp;utm_campaign=3pjvPX\" class=\"_link_o9xde_39\" rel=\"nofollow noopener\" target=\"_blank\">Erna Solberg<\/a>.<\/strong><\/p>\n<p class=\"_paragraph_o9xde_4 _paragraph_xtcu6_10 layout-component text-serif-m layout-normal text-serif-m layout-padded\">\u2013 At Linn\u00e8a som allerede hadde utfordringer opplever \u00e5 miste moren, det er kjempevondt.<\/p>\n<p> Tvangsbehandling hadde v\u00e6rt mulig<\/p>\n<p class=\"_paragraph_o9xde_4 _paragraph_xtcu6_10 layout-component text-serif-m layout-normal text-serif-m layout-padded\">Det var under Solbergs regjering at lovendringen Kjennerud peker p\u00e5 ble gjennomf\u00f8rt.<\/p>\n<p class=\"_paragraph_o9xde_4 _paragraph_xtcu6_10 layout-component text-serif-m layout-normal text-serif-m layout-padded\">Den avtroppende H\u00f8yre-lederen sier det er umulig for utenforst\u00e5ende \u00e5 kommentere vurderingene som ble gjort rundt Linn\u00e8as situasjon, men:<\/p>\n<p class=\"_paragraph_o9xde_4 _paragraph_xtcu6_10 layout-component text-serif-m layout-normal text-serif-m layout-padded\">\u2013 Det er en grunnleggende menneskerettighet at du skal kunne bestemme mest mulig i ditt eget liv. I helsetjenesten skal du ogs\u00e5 kunne bestemme mest mulig over din egen behandling.<\/p>\n<p class=\"_paragraph_o9xde_4 _paragraph_xtcu6_10 layout-component text-serif-m layout-normal text-serif-m layout-padded\">\u2013 S\u00e5 er det klart at loven har et vilk\u00e5r som \u00e5pner for tvang, hvis du er til fare for deg selv eller for andre, og som ikke ble endret i 2017. Loven hadde gjort det mulig \u00e5 tvangsbehandle b\u00e5de gjerningsmannen i Kongsberg og Linn\u00e8a. Men det er en vurdering av om fare-vilk\u00e5ret er oppfylt, sier Solberg.<\/p>\n<p><img alt=\"DILEMMA: \u00abBlir man frisk av tvang?\u00bb sp\u00f8r den tidligere statsministeren  Foto: Naina Hel\u00e9n J\u00e5ma \/ VG\" class=\"_image_qp4xg_65 layout-component layout-normal\" data-fullscreen- data-track-element-type=\"Article image fullscreen\" data-track-name=\"ImageFullscreen\" decoding=\"async\" loading=\"lazy\" height=\"5504\" itemprop=\"image\"  src=\"https:\/\/www.europesays.com\/no\/wp-content\/uploads\/2025\/12\/c001c673-3961-4136-8bef-044057f97a98\"  style=\"object-position:0% 0%\" width=\"6880\"\/>DILEMMA: \u00abBlir man frisk av tvang?\u00bb sp\u00f8r den tidligere statsministeren  Foto: Naina Hel\u00e9n J\u00e5ma \/ VG<\/p>\n<p class=\"_paragraph_o9xde_4 _paragraph_xtcu6_10 layout-component text-serif-m layout-normal text-serif-m layout-padded\">M\u00e5let med lovendringene var \u00e5 \u00f8ke pasientenes selvbestemmelsesrett, men om loven fungerer som \u00f8nsket, er vanskelig \u00e5 si, mener Solberg:<\/p>\n<p class=\"_paragraph_o9xde_4 _paragraph_xtcu6_10 layout-component text-serif-m layout-normal text-serif-m layout-padded\"><strong class=\"_strong_o9xde_25\">\u2013 Om vi har truffet helt med dette, det kan ikke noen av oss v\u00e6re 100 prosent sikker p\u00e5.<\/strong><\/p>\n<p class=\"_paragraph_o9xde_4 _paragraph_xtcu6_10 layout-component text-serif-m layout-normal text-serif-m layout-padded\">Hun viser til at lovendringen har blitt evaluert. Funnene viser at det brukes mer tvang i helsetjenesten n\u00e5 enn f\u00f8r og at det ikke har v\u00e6rt en \u00f8kning i alvorlige voldssaker beg\u00e5tt av alvorlige psykisk syke.<\/p>\n<p> \u00d8kt tvangsbruk<\/p>\n<p class=\"_paragraph_o9xde_4 _paragraph_xtcu6_10 layout-component text-serif-m layout-normal text-serif-m layout-padded\">Arbeidet med lovendringen i 2017 p\u00e5gikk i flere \u00e5r, f\u00f8r den ble enstemmig vedtatt p\u00e5 Stortinget.<\/p>\n<p class=\"_paragraph_o9xde_4 _paragraph_xtcu6_10 layout-component text-serif-m layout-normal text-serif-m layout-padded\">Flere i fagmilj\u00f8et reagerte kraftig. <\/p>\n<p class=\"_paragraph_o9xde_4 _paragraph_xtcu6_10 layout-component text-serif-m layout-normal text-serif-m layout-padded\">Norsk psykiatrisk forening (NPF) p\u00e5pekte blant annet at pasienter kan v\u00e6re samtykkekompetente, men likevel mangle evne til \u00e5 se konsekvensene av sine egne handlinger:<\/p>\n<p class=\"_paragraph_o9xde_4 _paragraph_xtcu6_10 layout-component text-serif-m layout-normal text-serif-m layout-padded\">\u2013 Vi mente at dette ville f\u00f8re til at mange pasienter som er i risikosonen for ikke \u00e5 kunne ivareta seg selv, og som kan beg\u00e5 alvorlige overgrep, ikke ville bli godt nok ivaretatt med den lovendringen, sier Lars Lien, som i dag er leder av NPF.<\/p>\n<p><img decoding=\"async\" alt=\"Bilde av Lars Lien\" class=\"_image_ygndg_42\" height=\"40\" itemprop=\"image\" loading=\"lazy\"  src=\"https:\/\/www.europesays.com\/no\/wp-content\/uploads\/2025\/12\/73382226-a4c6-414a-9e1d-882c38ee3f14\"  width=\"40\"\/><strong class=\"_name_ygndg_51 title-serif-xs\">Lars Lien<\/strong><\/p>\n<p class=\"_paragraph_o9xde_4 text-sans-m _description_ygndg_56\">Leder i Norsk psykiatrisk forening<\/p>\n<p class=\"_paragraph_o9xde_4 _paragraph_xtcu6_10 layout-component text-serif-m layout-normal text-serif-m layout-padded\">\u2013 Fikk dere rett i sp\u00e5dommen deres?<\/p>\n<p class=\"_paragraph_o9xde_4 _paragraph_xtcu6_10 layout-component text-serif-m layout-normal text-serif-m layout-padded\"><strong class=\"_strong_o9xde_25\">\u2013 Ja, det mener jeg. De pasientene vi fikk inn etter lovendringen var mye sykere n\u00e5r de f\u00f8rst ble innlagt og vi fikk en st\u00f8rre grad av rask \u00abturnover\u00bb.<\/strong><\/p>\n<p class=\"_paragraph_o9xde_4 _paragraph_xtcu6_10 layout-component text-serif-m layout-normal text-serif-m layout-padded\">\u2013 Mine kollegaer og medlemmer sier i dag at det har blitt vanskeligere for alvorlig syke mennesker \u00e5 f\u00e5 hjelp, det har blitt kortere liggetider og pasientene skrives ut for tidlig. <\/p>\n<p class=\"_paragraph_o9xde_4 _paragraph_xtcu6_10 layout-component text-serif-m layout-normal text-serif-m layout-padded\">I stedet kommer de oftere tilbake, sier Lien, og ender opp som s\u00e5kalte \u00absvingd\u00f8rspasienter\u00bb. <\/p>\n<p class=\"_paragraph_o9xde_4 _paragraph_xtcu6_10 layout-component text-serif-m layout-normal text-serif-m layout-padded\"><strong class=\"_strong_o9xde_25\">\u2013 Det er ikke s\u00e5 mange flere individer som blir tvangsinnlagt, men hvert individ f\u00e5r flere og hyppigere tvangsinnleggelser.<\/strong><\/p>\n<p class=\"_paragraph_o9xde_4 _paragraph_xtcu6_10 layout-component text-serif-m layout-normal text-serif-m layout-padded\">Tall fra Helsedirektoratet viser at antall tvangsinnleggelser har v\u00e6rt <a href=\"https:\/\/www.helsedirektoratet.no\/statistikk\/kvalitetsindikatorer\/psykisk-helse-for-voksne\/tvangsinnleggelser-i-psykisk-helsevern-for-voksne\" class=\"_link_o9xde_39\" rel=\"nofollow noopener\" target=\"_blank\">jevnt stigende<\/a> etter 2017.<\/p>\n<p class=\"_paragraph_o9xde_4 _paragraph_xtcu6_10 layout-component text-serif-m layout-normal text-serif-m layout-padded\">Den pasientgruppen det har g\u00e5tt hardest utover er de aller sykeste i samfunnet, mener Lien.<\/p>\n<p class=\"_paragraph_o9xde_4 _paragraph_xtcu6_10 layout-component text-serif-m layout-normal text-serif-m layout-padded\">\u2013 Det er pasientene med rusutl\u00f8ste psykoser. De er ofte de mest alvorlig syke og mange ender ofte opp med en schizofrenidiagnose etter hvert. De har begrenset forst\u00e5else for egen sykdom og behandlingsbehov, men blir raskt beslutningskompetente n\u00e5r ruseffekten g\u00e5r ut. Det er ogs\u00e5 den gruppen som har st\u00f8rst risiko for vold.<\/p>\n<p class=\"_paragraph_o9xde_4 _paragraph_xtcu6_10 layout-component text-serif-m layout-normal text-serif-m layout-padded\">\u2013 Kombinasjonen av rus og alvorlig psykisk lidelse, den er farlig, sier Lien.<\/p>\n<p><img alt=\"Linn\u00e8as far, \u00d8ystein Kjennerud.   Foto: Naina Hel\u00e9n J\u00e5ma \/ VG\" class=\"_image_qp4xg_65 layout-component layout-normal\" data-fullscreen- data-track-element-type=\"Article image fullscreen\" data-track-name=\"ImageFullscreen\" decoding=\"async\" loading=\"lazy\" height=\"5504\" itemprop=\"image\"  src=\"https:\/\/www.europesays.com\/no\/wp-content\/uploads\/2025\/12\/8de2617a-1b19-4a76-8908-1347b1293a1d\"  style=\"object-position:0% 0%\" width=\"8256\"\/>Linn\u00e8as far, \u00d8ystein Kjennerud.   Foto: Naina Hel\u00e9n J\u00e5ma \/ VG \u2013 Blir man frisk av tvang?<\/p>\n<p class=\"_paragraph_o9xde_4 _paragraph_xtcu6_10 layout-component text-serif-m layout-normal text-serif-m layout-padded\">Tidligere i \u00e5r vedtok Stortinget \u00e5 <a href=\"https:\/\/www.stortinget.no\/no\/Saker-og-publikasjoner\/Saker\/Sak\/?p=101001\" class=\"_link_o9xde_39\" rel=\"nofollow noopener\" target=\"_blank\">senke beviskravet<\/a> for manglende beslutningskompetansebeslutningskompetansesamtykkekompetanse fra \u00ab\u00e5penbart\u00bb til \u00aboverveiende sannsynlig\u00bb.<\/p>\n<p class=\"_paragraph_o9xde_4 _paragraph_xtcu6_10 layout-component text-serif-m layout-normal text-serif-m layout-padded\">I praksis \u00e5pner man dermed opp noe p\u00e5 den innstrammingen som ble gjort i 2017. <\/p>\n<p class=\"_paragraph_o9xde_4 _paragraph_xtcu6_10 layout-component text-serif-m layout-normal text-serif-m layout-padded\">\u2013 Sp\u00f8rsm\u00e5let handler jo om hvor man trekker grensene for n\u00e5r du fratar folk muligheten til \u00e5 treffe beslutninger om hvilken behandling de skal ha. Dette er noen av de vanskeligste sp\u00f8rsm\u00e5lene helsepersonell st\u00e5r overfor, sier Solberg.<\/p>\n<p class=\"_paragraph_o9xde_4 _paragraph_xtcu6_10 layout-component text-serif-m layout-normal text-serif-m layout-padded\">Hun mener Stortinget b\u00f8r v\u00e6re \u00e5pne for om lovverket m\u00e5 vurderes p\u00e5 nytt.<\/p>\n<p class=\"_paragraph_o9xde_4 _paragraph_xtcu6_10 layout-component text-serif-m layout-normal text-serif-m layout-padded\">\u2013 Jeg er fullt \u00e5pen for at det kan v\u00e6re at vi skal bruke tvang litt mer, og at vi m\u00e5 trekke nye grenser for \u00e5 verne sterkere, sier den tidligere statsministeren, men: <\/p>\n<p class=\"_paragraph_o9xde_4 _paragraph_xtcu6_10 layout-component text-serif-m layout-normal text-serif-m layout-padded\"><strong class=\"_strong_o9xde_25\">\u2013 Det er jo dette dilemmaet. Det er ikke sikkert at tvangsbehandling hjelper hvis man ikke \u00f8nsker \u00e5 bli behandlet. Blir man frisk av tvang? sp\u00f8r hun.<\/strong><\/p>\n<p class=\"_paragraph_o9xde_4 _paragraph_xtcu6_10 layout-component text-serif-m layout-normal text-serif-m layout-padded\">\u2013 Det aller viktigste n\u00e5 er uansett \u00e5 \u00f8ke antallet d\u00f8gnplasser i psykisk helsevern.<\/p>\n<p><img alt=\"Foto: Naina Hel\u00e9n J\u00e5ma \/ VG\" class=\"_image_qp4xg_65 layout-component layout-normal\" data-fullscreen- data-track-element-type=\"Article image fullscreen\" data-track-name=\"ImageFullscreen\" decoding=\"async\" loading=\"lazy\" height=\"4839\" itemprop=\"image\"  src=\"https:\/\/www.europesays.com\/no\/wp-content\/uploads\/2025\/12\/09fd4b6e-8260-4858-939e-1a6557d41183\"  style=\"object-position:0% 0%\" width=\"6049\"\/>Foto: Naina Hel\u00e9n J\u00e5ma \/ VG<\/p>\n<p class=\"_paragraph_o9xde_4 _paragraph_xtcu6_10 layout-component text-serif-m layout-normal text-serif-m layout-padded\">\u2013 Jeg vil nok si at det beste er om vi kan unng\u00e5 tvang, men tvang kan ogs\u00e5 v\u00e6re god omsorg, sier psykiater Lien.<\/p>\n<p class=\"_paragraph_o9xde_4 _paragraph_xtcu6_10 layout-component text-serif-m layout-normal text-serif-m layout-padded\">\u2013 Hvis vi hadde gitt god behandling tidlig, hvis kommunene var robuste nok til \u00e5 kunne ta seg av mennesker med disse lidelsene, gi s\u00e5pass god behandling at de unng\u00e5r \u00e5 bruke rusmidler som selvmedisinering, f\u00f8lge dem opp p\u00e5 en god m\u00e5te &#8230; S\u00e5 kunne vi nok i mye st\u00f8rre grad hindre bruk av tvang. <\/p>\n<p class=\"_paragraph_o9xde_4 _paragraph_xtcu6_10 layout-component text-serif-m layout-normal text-serif-m layout-padded\">\u2013 Jeg tenker at tvang i utgangspunktet viser at vi p\u00e5 sett og vis kanskje har feilet.<\/p>\n<p> Anne Sofie R\u00f8nnfeldt<\/p>\n<p class=\"text-sans-s\">Journalist<\/p>\n<p><img decoding=\"async\" alt=\"Anne Sofie R\u00f8nnfeldt\" class=\"_image_uv074_179\" src=\"https:\/\/www.europesays.com\/no\/wp-content\/uploads\/2025\/12\/1766848452_126_4634311d-064a-4086-be75-18a6e8a88835\" width=\"480\"\/>Kontakt Anne Sofie R\u00f8nnfeldtNaina Hel\u00e9n J\u00e5ma<\/p>\n<p class=\"text-sans-s\">Fotojournalist<\/p>\n<p><img decoding=\"async\" alt=\"Naina Hel\u00e9n J\u00e5ma\" class=\"_image_uv074_179\" src=\"https:\/\/www.europesays.com\/no\/wp-content\/uploads\/2025\/12\/1766848452_785_6bee14a2-5091-46d9-8c58-1a355fc3e8bc\" width=\"480\"\/>Kontakt Naina Hel\u00e9n J\u00e5maCamilla Fredstad Huuse<\/p>\n<p class=\"text-sans-s\">Journalist<\/p>\n<p><img decoding=\"async\" alt=\"Camilla Fredstad Huuse\" class=\"_image_uv074_179\" src=\"https:\/\/www.europesays.com\/no\/wp-content\/uploads\/2025\/12\/1766848453_799_6034143a-5a43-4cc1-bac8-2e37b075b593\" width=\"480\"\/>Kontakt Camilla Fredstad Huuse     <\/p>\n","protected":false},"excerpt":{"rendered":"Tidligere statsminister Erna Solberg forsvarer lovendring som far mener kostet ham to mennesker. Solberg sier at Stortinget b\u00f8r&hellip;\n","protected":false},"author":2,"featured_media":122855,"comment_status":"","ping_status":"","sticky":false,"template":"","format":"standard","meta":{"footnotes":""},"categories":[10],"tags":[20,21,327,24,25,15,22,23,13,30,28,29,14,16,686,11633,26,27],"class_list":{"0":"post-122854","1":"post","2":"type-post","3":"status-publish","4":"format-standard","5":"has-post-thumbnail","7":"category-norge","8":"tag-breaking-news","9":"tag-breakingnews","10":"tag-erna-solberg","11":"tag-featured-news","12":"tag-featurednews","13":"tag-headlines","14":"tag-latest-news","15":"tag-latestnews","16":"tag-news","17":"tag-no","18":"tag-norge","19":"tag-norway","20":"tag-nyheter","21":"tag-overskrifter","22":"tag-psykiatri","23":"tag-psykisk-helsevern","24":"tag-top-stories","25":"tag-topstories"},"share_on_mastodon":{"url":"https:\/\/pubeurope.com\/@no\/115792188083100384","error":""},"_links":{"self":[{"href":"https:\/\/www.europesays.com\/no\/wp-json\/wp\/v2\/posts\/122854","targetHints":{"allow":["GET"]}}],"collection":[{"href":"https:\/\/www.europesays.com\/no\/wp-json\/wp\/v2\/posts"}],"about":[{"href":"https:\/\/www.europesays.com\/no\/wp-json\/wp\/v2\/types\/post"}],"author":[{"embeddable":true,"href":"https:\/\/www.europesays.com\/no\/wp-json\/wp\/v2\/users\/2"}],"replies":[{"embeddable":true,"href":"https:\/\/www.europesays.com\/no\/wp-json\/wp\/v2\/comments?post=122854"}],"version-history":[{"count":0,"href":"https:\/\/www.europesays.com\/no\/wp-json\/wp\/v2\/posts\/122854\/revisions"}],"wp:featuredmedia":[{"embeddable":true,"href":"https:\/\/www.europesays.com\/no\/wp-json\/wp\/v2\/media\/122855"}],"wp:attachment":[{"href":"https:\/\/www.europesays.com\/no\/wp-json\/wp\/v2\/media?parent=122854"}],"wp:term":[{"taxonomy":"category","embeddable":true,"href":"https:\/\/www.europesays.com\/no\/wp-json\/wp\/v2\/categories?post=122854"},{"taxonomy":"post_tag","embeddable":true,"href":"https:\/\/www.europesays.com\/no\/wp-json\/wp\/v2\/tags?post=122854"}],"curies":[{"name":"wp","href":"https:\/\/api.w.org\/{rel}","templated":true}]}}