{"id":122862,"date":"2025-12-27T15:21:08","date_gmt":"2025-12-27T15:21:08","guid":{"rendered":"https:\/\/www.europesays.com\/no\/122862\/"},"modified":"2025-12-27T15:21:08","modified_gmt":"2025-12-27T15:21:08","slug":"statens-vegvesen-fremdeles-krevende-kjoreforhold-i-nord","status":"publish","type":"post","link":"https:\/\/www.europesays.com\/no\/122862\/","title":{"rendered":"Statens vegvesen: Fremdeles krevende kj\u00f8reforhold i nord"},"content":{"rendered":"<p>I en pressemelding ber Statens vegvesen trafikantene om \u00e5 v\u00e6re oppmerksomme p\u00e5 tr\u00e6r i veien og m\u00f8rke tunneler.<\/p>\n<p>\u2013 Vinden avtar n\u00e5 utover ettermiddagen og kvelden, forteller Roar Falch Hanssen p\u00e5 vegtrafikksentralen i nord.<\/p>\n<p>Han understreker at vi fortsatt m\u00e5 leve med konsekvensene av den kraftige vinden en stund til.<\/p>\n<p>\u2013 Kj\u00f8r forsiktig i tunnelene og vis hensyn til andre trafikanter, r\u00e5der Falch Hanssen, og melder samtidig om at mange fergestrekninger fortsatt vil fortsatt v\u00e6re innstilt i mange timer fremover.<\/p>\n<p><strong>S\u00f8ndag vil vinden igjen \u00f8ke i de samme omr\u00e5dene som det siste d\u00f8gnet, og skape utfordrende forhold p\u00e5 veiene. Vinden blir ikke like sterk, men det blir sludd og sn\u00f8.<\/strong><\/p>\n<p>\u2013 Sn\u00f8 og vind kan gi sn\u00f8fokk p\u00e5 utsatte vegstrekninger i Nordland og Troms, fortsetter Falch Hanssen.<\/p>\n<p><strong>Han oppfordrer trafikantene til \u00e5 sjekke vegvesenets trafikk-app eller nettsiden for oppdatert informasjon.<\/strong><\/p>\n","protected":false},"excerpt":{"rendered":"I en pressemelding ber Statens vegvesen trafikantene om \u00e5 v\u00e6re oppmerksomme p\u00e5 tr\u00e6r i veien og m\u00f8rke tunneler.&hellip;\n","protected":false},"author":2,"featured_media":122863,"comment_status":"","ping_status":"","sticky":false,"template":"","format":"standard","meta":{"footnotes":""},"categories":[10],"tags":[20,21,24,25,15,22,23,13,30,28,29,14,16,26,27],"class_list":{"0":"post-122862","1":"post","2":"type-post","3":"status-publish","4":"format-standard","5":"has-post-thumbnail","7":"category-norge","8":"tag-breaking-news","9":"tag-breakingnews","10":"tag-featured-news","11":"tag-featurednews","12":"tag-headlines","13":"tag-latest-news","14":"tag-latestnews","15":"tag-news","16":"tag-no","17":"tag-norge","18":"tag-norway","19":"tag-nyheter","20":"tag-overskrifter","21":"tag-top-stories","22":"tag-topstories"},"share_on_mastodon":{"url":"https:\/\/pubeurope.com\/@no\/115792215018511661","error":""},"_links":{"self":[{"href":"https:\/\/www.europesays.com\/no\/wp-json\/wp\/v2\/posts\/122862","targetHints":{"allow":["GET"]}}],"collection":[{"href":"https:\/\/www.europesays.com\/no\/wp-json\/wp\/v2\/posts"}],"about":[{"href":"https:\/\/www.europesays.com\/no\/wp-json\/wp\/v2\/types\/post"}],"author":[{"embeddable":true,"href":"https:\/\/www.europesays.com\/no\/wp-json\/wp\/v2\/users\/2"}],"replies":[{"embeddable":true,"href":"https:\/\/www.europesays.com\/no\/wp-json\/wp\/v2\/comments?post=122862"}],"version-history":[{"count":0,"href":"https:\/\/www.europesays.com\/no\/wp-json\/wp\/v2\/posts\/122862\/revisions"}],"wp:featuredmedia":[{"embeddable":true,"href":"https:\/\/www.europesays.com\/no\/wp-json\/wp\/v2\/media\/122863"}],"wp:attachment":[{"href":"https:\/\/www.europesays.com\/no\/wp-json\/wp\/v2\/media?parent=122862"}],"wp:term":[{"taxonomy":"category","embeddable":true,"href":"https:\/\/www.europesays.com\/no\/wp-json\/wp\/v2\/categories?post=122862"},{"taxonomy":"post_tag","embeddable":true,"href":"https:\/\/www.europesays.com\/no\/wp-json\/wp\/v2\/tags?post=122862"}],"curies":[{"name":"wp","href":"https:\/\/api.w.org\/{rel}","templated":true}]}}