{"id":122864,"date":"2025-12-27T15:22:15","date_gmt":"2025-12-27T15:22:15","guid":{"rendered":"https:\/\/www.europesays.com\/no\/122864\/"},"modified":"2025-12-27T15:22:15","modified_gmt":"2025-12-27T15:22:15","slug":"denne-ferga-er-ogsa-innstilt","status":"publish","type":"post","link":"https:\/\/www.europesays.com\/no\/122864\/","title":{"rendered":"Denne ferga er ogs\u00e5 innstilt"},"content":{"rendered":"<p>Kanselleringen skyldtes v\u00e6rforholdene, skrev Torghatten<\/p>\n<p>Kanselleringen gjaldt fra 23:30 fredag kveld og inntil videre. Fra klokka 05:30 l\u00f8rdag morgen gikk ferga igjen. Fra avgangen klokka 09.30 er b\u00e5de A- og B-ruta innstilt.<\/p>\n<p>\u2013 A- og B-rute innstilles pga v\u00e6rforhold\/prognoser, skriver de l\u00f8rdag morgen.<\/p>\n<p>L\u00f8rdag ettermiddag melder Statens Vegvesen at L\u00f8dingen-sambandet starter opp igjen fra klokken 23:00 l\u00f8rdag kveld.<\/p>\n","protected":false},"excerpt":{"rendered":"Kanselleringen skyldtes v\u00e6rforholdene, skrev Torghatten Kanselleringen gjaldt fra 23:30 fredag kveld og inntil videre. Fra klokka 05:30 l\u00f8rdag&hellip;\n","protected":false},"author":2,"featured_media":122865,"comment_status":"","ping_status":"","sticky":false,"template":"","format":"standard","meta":{"footnotes":""},"categories":[5],"tags":[20,21,24,25,15,19,22,23,4954,17,18,13,30,28,29,14,16,26,27,1812],"class_list":{"0":"post-122864","1":"post","2":"type-post","3":"status-publish","4":"format-standard","5":"has-post-thumbnail","7":"category-overskrifter","8":"tag-breaking-news","9":"tag-breakingnews","10":"tag-featured-news","11":"tag-featurednews","12":"tag-headlines","13":"tag-hovedoppslag","14":"tag-latest-news","15":"tag-latestnews","16":"tag-lodingen","17":"tag-main-news","18":"tag-mainnews","19":"tag-news","20":"tag-no","21":"tag-norge","22":"tag-norway","23":"tag-nyheter","24":"tag-overskrifter","25":"tag-top-stories","26":"tag-topstories","27":"tag-torghatten"},"share_on_mastodon":{"url":"https:\/\/pubeurope.com\/@no\/115792219019555252","error":""},"_links":{"self":[{"href":"https:\/\/www.europesays.com\/no\/wp-json\/wp\/v2\/posts\/122864","targetHints":{"allow":["GET"]}}],"collection":[{"href":"https:\/\/www.europesays.com\/no\/wp-json\/wp\/v2\/posts"}],"about":[{"href":"https:\/\/www.europesays.com\/no\/wp-json\/wp\/v2\/types\/post"}],"author":[{"embeddable":true,"href":"https:\/\/www.europesays.com\/no\/wp-json\/wp\/v2\/users\/2"}],"replies":[{"embeddable":true,"href":"https:\/\/www.europesays.com\/no\/wp-json\/wp\/v2\/comments?post=122864"}],"version-history":[{"count":0,"href":"https:\/\/www.europesays.com\/no\/wp-json\/wp\/v2\/posts\/122864\/revisions"}],"wp:featuredmedia":[{"embeddable":true,"href":"https:\/\/www.europesays.com\/no\/wp-json\/wp\/v2\/media\/122865"}],"wp:attachment":[{"href":"https:\/\/www.europesays.com\/no\/wp-json\/wp\/v2\/media?parent=122864"}],"wp:term":[{"taxonomy":"category","embeddable":true,"href":"https:\/\/www.europesays.com\/no\/wp-json\/wp\/v2\/categories?post=122864"},{"taxonomy":"post_tag","embeddable":true,"href":"https:\/\/www.europesays.com\/no\/wp-json\/wp\/v2\/tags?post=122864"}],"curies":[{"name":"wp","href":"https:\/\/api.w.org\/{rel}","templated":true}]}}