{"id":122866,"date":"2025-12-27T15:23:14","date_gmt":"2025-12-27T15:23:14","guid":{"rendered":"https:\/\/www.europesays.com\/no\/122866\/"},"modified":"2025-12-27T15:23:14","modified_gmt":"2025-12-27T15:23:14","slug":"krever-full-granskning-av-norsk-idrett-etter-skiskytterdodsfall","status":"publish","type":"post","link":"https:\/\/www.europesays.com\/no\/122866\/","title":{"rendered":"Krever full granskning av norsk idrett etter skiskytter\u00add\u00f8dsfall"},"content":{"rendered":"\n<ul class=\"_list_o9xde_3 _list_64s2r_85 _unordered_o9xde_106 text-sans-m\">\n<li class=\"_item_o9xde_30\">Sportskommentator Otto Ulseth og tidligere idrettstopp Bj\u00f8rge Stensb\u00f8l krever uavhengig granskning etter d\u00f8dsfallet til Sivert Bakken.<\/li>\n<li class=\"_item_o9xde_30\">Bakken ble lille julaften funnet d\u00f8d med en h\u00f8ydemaske, og Ulseth kritiserer Olympiatoppens h\u00e5ndtering i etterkant.<\/li>\n<li class=\"_item_o9xde_30\">Stensb\u00f8l understreker viktigheten av \u00e5penhet og \u00e5 avdekke alle fakta for \u00e5 bevare idrettens troverdighet.<\/li>\n<\/ul>\n<p>Vis mer <\/p>\n<p class=\"_paragraph_o9xde_4 _paragraph_xtcu6_10 layout-component text-serif-m layout-normal text-serif-m layout-padded\">Sportskommentator Otto UlsethOtto UlsethOtto Ulseth har hatt flere sentrale roller i idretten. Han har v\u00e6rt hovedtrener for Troms\u00f8 (fotball) og var Drillos assistent for det irakiske fotballandslaget. Han har jobbet i Norges Skiforbund, og han har v\u00e6rt sportsredakt\u00f8r i Adresseavisen.   mener norsk idrett befinner seg stadig lengre ut i gr\u00e5sonene. Han er sv\u00e6rt kritisk til Olympiatoppens toppidrettssjef Tore \u00d8vreb\u00f8.  <\/p>\n<p class=\"_paragraph_o9xde_4 _paragraph_xtcu6_10 layout-component text-serif-m layout-normal text-serif-m layout-padded\">\u00abIngen vet enn\u00e5 \u00e5rsaken til det tragiske skiskytterd\u00f8dsfallet. Men vi vet mer enn nok til \u00e5 be om en uavhengig granskning av ledelsen i norsk idrett\u00bb, skriver han i Tr\u00f8nder-Avisa.<\/p>\n<p class=\"_paragraph_o9xde_4 _paragraph_xtcu6_10 layout-component text-serif-m layout-normal text-serif-m layout-padded\"><a href=\"https:\/\/www.vg.no\/tag\/sivert-guttorm-bakken?utm_source=vg-article&amp;utm_medium=auto-tagger&amp;utm_campaign=8pmOEr\" class=\"_link_o9xde_39\" rel=\"nofollow noopener\" target=\"_blank\">Sivert Guttorm Bakken<\/a>\u00a0(27) hadde h\u00f8ydemaske p\u00e5 seg da han ble funnet d\u00f8d p\u00e5 sitt hotellrom i Lavaze i Nord-Italia lille julaften.<\/p>\n<p class=\"_paragraph_o9xde_4 _paragraph_xtcu6_10 layout-component text-serif-m layout-normal text-serif-m layout-padded\">Det er uklart om denne masken har sammenheng med d\u00f8dsfallet.<\/p>\n<ul class=\"_list_o9xde_3 _list_xtcu6_9 _unordered_o9xde_106 layout-component text-serif-m layout-normal text-serif-m layout-padded\">\n<li class=\"_item_o9xde_30\"><strong class=\"_strong_o9xde_25\">Les ogs\u00e5: <a href=\"http:\/\/www.vg.no\/sport\/i\/ExWBp5\/opplysninger-til-vg-bakkens-hoeydemaske-stilt-inn-paa-7000-m-o-h#:~:text=Skiskytteren%20Sivert%20Guttorm%20Bakken%20(27,og%20obduksjonsresultater%20er%20ventet%20snart.\" data-track-element-type=\"Link\" data-track-id=\"link:ExWBp5\" class=\"_link_o9xde_39\" rel=\"nofollow noopener\" target=\"_blank\">Bakkens h\u00f8ydemaske stilt inn p\u00e5 7000 m.o.h.<\/a><\/strong><\/li>\n<\/ul>\n<p class=\"_paragraph_o9xde_4 _paragraph_xtcu6_10 layout-component text-serif-m layout-normal text-serif-m layout-padded\">Bruk av simulert h\u00f8yde var forbudt i norsk idrett fra 2003 og til 2021 \u2013 da det ble opphevet med et vedtak p\u00e5 Idrettstinget.<\/p>\n<p class=\"_paragraph_o9xde_4 _paragraph_xtcu6_10 layout-component text-serif-m layout-normal text-serif-m layout-padded\">Den h\u00f8ydemasken som Bakken ble funnet d\u00f8d med, er et eksempel p\u00e5 metoder som ble tillatt fra 2021, skriver Ulseth \u2013 som p\u00e5peker at Bakken gjorde absolutt ingenting ulovlig og at \u00e5rsaken til d\u00f8dsfallet fortsatt er ukjent.<\/p>\n<p><img decoding=\"async\" alt=\"Bilde av Otto Ulseth\" class=\"_image_ygndg_42\" height=\"27\" itemprop=\"image\" loading=\"lazy\"  src=\"https:\/\/www.europesays.com\/no\/wp-content\/uploads\/2025\/12\/d5d1e595-67cf-415d-8d42-27757180223e\"  width=\"40\"\/><strong class=\"_name_ygndg_51 title-serif-xs\">Otto Ulseth<\/strong><\/p>\n<p class=\"_paragraph_o9xde_4 text-sans-m _description_ygndg_56\">Sportskommentator i Tr\u00f8nder-Avisa<\/p>\n<p class=\"_paragraph_o9xde_4 _paragraph_xtcu6_10 layout-component text-serif-m layout-normal text-serif-m layout-padded\">\u2013 Denne tragiske hendelsen m\u00e5 brukes til \u00e5 sette s\u00f8kelys p\u00e5 norsk idretts vandring i gr\u00e5sonene. Det har vi n\u00e5 holdt p\u00e5 med i fire \u00e5r, og det er veldig mye som tyder p\u00e5 at vi g\u00e5r lenger og lenger inn i gr\u00e5sonene. De etiske gr\u00e5sonene, sier Ulseth til VG.<\/p>\n<p class=\"_paragraph_o9xde_4 _paragraph_xtcu6_10 layout-component text-serif-m layout-normal text-serif-m layout-padded\">\u2013 Lenger og lenger inn i gr\u00e5sonene, sier du?<\/p>\n<p class=\"_paragraph_o9xde_4 _paragraph_xtcu6_10 layout-component text-serif-m layout-normal text-serif-m layout-padded\">\u2013 Da tenker jeg p\u00e5 all simulering av h\u00f8yde, blant annet varme og forskjellige andre ting som man n\u00e5 eksperimenterer med.<\/p>\n<p class=\"_paragraph_o9xde_4 _paragraph_xtcu6_10 layout-component text-serif-m layout-normal text-serif-m layout-padded\">\u2013 Det er faktisk litt mer og litt verre enn vi er klar over, og offentligheten har f\u00e5tt kunnskap om.<\/p>\n<p class=\"_paragraph_o9xde_4 _paragraph_xtcu6_10 layout-component text-serif-m layout-normal text-serif-m layout-padded\">\u2013 Hvordan vet du det?<\/p>\n<p class=\"_paragraph_o9xde_4 _paragraph_xtcu6_10 layout-component text-serif-m layout-normal text-serif-m layout-padded\">\u2013 Det kan jeg ikke g\u00e5 i detalj p\u00e5, da.<\/p>\n<p class=\"_paragraph_o9xde_4 _paragraph_xtcu6_10 layout-component text-serif-m layout-normal text-serif-m layout-padded\">\u2013 Men etter idrettstingsvedtaket i 2021, og Olympiatoppens agering og idrettsstyrets applaus i den forbindelse, har norsk idrett endret etisk kurs.<\/p>\n<p class=\"_paragraph_o9xde_4 _paragraph_xtcu6_10 layout-component text-serif-m layout-normal text-serif-m layout-padded\">\u2013 I mange milj\u00f8er, og med Olympiatoppens mer eller mindre delaktighet, har man blitt veldig ivrig p\u00e5 \u00e5 t\u00f8ye grensene.<\/p>\n<p class=\"_paragraph_o9xde_4 _paragraph_xtcu6_10 layout-component text-serif-m layout-normal text-serif-m layout-padded\">\u2013 Dette er en anledning til \u00e5 f\u00e5 en ny debatt om det. Og det er veldig, veldig n\u00f8dvendig etter mitt syn.<\/p>\n<p class=\"_paragraph_o9xde_4 _paragraph_xtcu6_10 layout-component text-serif-m layout-normal text-serif-m layout-padded\">\u2013 Hva \u00f8nsker du?<\/p>\n<p class=\"_paragraph_o9xde_4 _paragraph_xtcu6_10 layout-component text-serif-m layout-normal text-serif-m layout-padded\">\u2013 Jeg vil anbefale en uavhengig granskning av hva som foreg\u00e5r. P\u00e5 hvilken m\u00e5te Olympiatoppen, s\u00e6rforbundene og NIF sentralt er informert eller involvert.<\/p>\n<p class=\"_paragraph_o9xde_4 _paragraph_xtcu6_10 layout-component text-serif-m layout-normal text-serif-m layout-padded\">\u2013 Det mener jeg absolutt er p\u00e5 sin plass n\u00e5. Det kan ikke v\u00e6re noen er imot heller, fordi det er jo bare en s\u00f8ken etter sannhet.<\/p>\n<p class=\"_paragraph_o9xde_4 _paragraph_xtcu6_10 layout-component text-serif-m layout-normal text-serif-m layout-padded\">\u2013 Hvem kan st\u00e5 for en s\u00e5nn granskning, tenker du?<\/p>\n<p class=\"_paragraph_o9xde_4 _paragraph_xtcu6_10 layout-component text-serif-m layout-normal text-serif-m layout-padded\">\u2013 Nei, det m\u00e5 v\u00e6re et utvalg med troverdighet, da. Som har den riktige kompetansen. Og det b\u00f8r kanskje settes ned av noen andre enn idretten selv. Jeg har jo anbefalt at statsr\u00e5den burde tenke p\u00e5 det.<\/p>\n<p><img decoding=\"async\" alt=\"Bilde av Bj\u00f8rge Stensb\u00f8l\" class=\"_image_ygndg_42\" height=\"30\" itemprop=\"image\" loading=\"lazy\"  src=\"https:\/\/www.europesays.com\/no\/wp-content\/uploads\/2025\/12\/7af44bec-d025-49d4-97dd-0f1a877c4df6\"  width=\"40\"\/><strong class=\"_name_ygndg_51 title-serif-xs\">Bj\u00f8rge Stensb\u00f8l<\/strong><\/p>\n<p class=\"_paragraph_o9xde_4 text-sans-m _description_ygndg_56\">Toppidrettssjef 1991\u20132004<\/p>\n<p class=\"_paragraph_o9xde_4 _paragraph_xtcu6_10 layout-component text-serif-m layout-normal text-serif-m layout-padded\">Bj\u00f8rge Stensb\u00f8l var toppidrettssjef i Olympiatoppen fra 1991 til 2004. Han ledet arbeidet for \u00e5 f\u00e5 h\u00f8ydehus inn i norsk idrett, og sto i en intens debatt p\u00e5 starten av 2000-tallet.<\/p>\n<p class=\"_paragraph_o9xde_4 _paragraph_xtcu6_10 layout-component text-serif-m layout-normal text-serif-m layout-padded\">Stensb\u00f8l snudde etter hvert, og var imot at det skulle \u00e5pnes for bruk i 2021.<\/p>\n<p class=\"_paragraph_o9xde_4 _paragraph_xtcu6_10 layout-component text-serif-m layout-normal text-serif-m layout-padded\">\u2013 Jeg deler Ulseths vurdering om at dette ikke f\u00f8rst og fremst handler om enkeltpersoner, men om system og ledelse. Nettopp derfor mener jeg en uavhengig granskning er b\u00e5de riktig og n\u00f8dvendig, sier han til VG.<\/p>\n<p class=\"_paragraph_o9xde_4 _paragraph_xtcu6_10 layout-component text-serif-m layout-normal text-serif-m layout-padded\">Otto Ulseth mener toppidrettssjef <a href=\"https:\/\/www.vg.no\/tag\/tore-oevreboe?utm_source=vg-article&amp;utm_medium=auto-tagger&amp;utm_campaign=gk74X0\" class=\"_link_o9xde_39\" rel=\"nofollow noopener\" target=\"_blank\">Tore \u00d8vreb\u00f8<\/a> ved Olympiatoppen har h\u00e5ndtert saken de siste dagene \u00absv\u00e6rt d\u00e5rlig\u00bb.<\/p>\n<p class=\"_paragraph_o9xde_4 _paragraph_xtcu6_10 layout-component text-serif-m layout-normal text-serif-m layout-padded\">\u2013 Fordi?<\/p>\n<p class=\"_paragraph_o9xde_4 _paragraph_xtcu6_10 layout-component text-serif-m layout-normal text-serif-m layout-padded\">\u2013 Idrettsstyret, eller idrettspresidenten, burde jo \u00f8yeblikkelig lagt ned et midlertidig forbud mot bruk av alle metoder for \u00e5 manipulere h\u00f8yde. Ellers s\u00e5 synes jeg jo at Tore \u00d8vreb\u00f8s agering b\u00e6rer preg av at han pr\u00f8ver \u00e5 vaske hendene sine.<\/p>\n<p class=\"_paragraph_o9xde_4 _paragraph_xtcu6_10 layout-component text-serif-m layout-normal text-serif-m layout-padded\">\u2013 Hva legger du i det?<\/p>\n<p class=\"_paragraph_o9xde_4 _paragraph_xtcu6_10 layout-component text-serif-m layout-normal text-serif-m layout-padded\">\u2013 At mye av det som skjer i norsk idretts gr\u00e5soner i dag, det har Olympiatoppen god informasjon om. Og i verste fall er de ogs\u00e5 involvert i mye av det.<\/p>\n<p class=\"_paragraph_o9xde_4 _paragraph_xtcu6_10 layout-component text-serif-m layout-normal text-serif-m layout-padded\">\u2013 Olympiatoppen er jo tett p\u00e5 milj\u00f8ene og skal v\u00e6re tett p\u00e5 milj\u00f8ene, og da kan de ikke liksom sl\u00e5 ut med hendene og late som om de ikke vet. For hvis de ikke vet, s\u00e5 er det like ille som om de vet.<\/p>\n<p class=\"_paragraph_o9xde_4 _paragraph_xtcu6_10 layout-component text-serif-m layout-normal text-serif-m layout-padded\">\u2013 Og de er n\u00f8dt til \u00e5 vite.<\/p>\n<p><img decoding=\"async\" alt=\"Bilde av Tore \u00d8vreb\u00f8\" class=\"_image_ygndg_42\" height=\"27\" itemprop=\"image\" loading=\"lazy\"  src=\"https:\/\/www.europesays.com\/no\/wp-content\/uploads\/2025\/12\/1c0e88d5-0bdc-492a-8774-0cb1d40eefe9\"  width=\"40\"\/><strong class=\"_name_ygndg_51 title-serif-xs\">Tore \u00d8vreb\u00f8<\/strong><\/p>\n<p class=\"_paragraph_o9xde_4 text-sans-m _description_ygndg_56\">Toppidrettssjef, Olympiatoppen<\/p>\n<p class=\"_paragraph_o9xde_4 _paragraph_xtcu6_10 layout-component text-serif-m layout-normal text-serif-m layout-padded\">Tore \u00d8vreb\u00f8 svarer at han er innforst\u00e5tt med at Otto Ulseth var imot at norske ut\u00f8vere skulle f\u00f8lge samme regelverk for s\u00e5kalt kunstig h\u00f8yde som resten av verden. <\/p>\n<p class=\"_paragraph_o9xde_4 _paragraph_xtcu6_10 layout-component text-serif-m layout-normal text-serif-m layout-padded\">\u2013 Norsk idrett var uenig med Otto. I denne aktuelle saken \u00f8nsker vi \u00e5 vente til alle fakta er avdekket f\u00f8r vi konkluderer, sier \u00d8vreb\u00f8 til VG.<\/p>\n<p class=\"_paragraph_o9xde_4 _paragraph_xtcu6_10 layout-component text-serif-m layout-normal text-serif-m layout-padded\">Han skriver ogs\u00e5 at Olympiatoppen ble grundig evaluert av et eksternt utvalg som la fram sin rapport i mars 2021. <\/p>\n<p class=\"_paragraph_o9xde_4 _paragraph_xtcu6_10 layout-component text-serif-m layout-normal text-serif-m layout-padded\">\u2013 I etterkant av den rapporten gjennomf\u00f8rte vi flere justeringer av organisasjonen som ble godt mottatt i idrettsstyret og i idrettene vi samarbeider med.<\/p>\n<p class=\"_paragraph_o9xde_4 _paragraph_xtcu6_10 layout-component text-serif-m layout-normal text-serif-m layout-padded\">\u2013 Vi har i lang tid hatt en fin framgang i resultatene i b\u00e5de etablerte og nye idretter. Disse er resultat av tett samarbeid mellom fagfolkene i Olympiatoppen, OLT-Coachene og ut\u00f8vere og trenere i et mangfold av s\u00e6ridretter og grener, skriver \u00d8vreb\u00f8.<\/p>\n<p class=\"_paragraph_o9xde_4 _paragraph_xtcu6_10 layout-component text-serif-m layout-normal text-serif-m layout-padded\">Tidligere toppidrettssjef Bj\u00f8rge Stensb\u00f8l understreker viktigheten av en granskning.<\/p>\n<p class=\"_paragraph_o9xde_4 _paragraph_xtcu6_10 layout-component text-serif-m layout-normal text-serif-m layout-padded\">\u2013 Vi vet fortsatt ikke \u00e5rsaken til d\u00f8dsfallen til Sivert Guttorm Bakken, det er viktig \u00e5 understreke. Men n\u00e5r det samtidig er reist alvorlige sp\u00f8rsm\u00e5l om metoder, gr\u00e5soner og praksis i norsk toppidrett, er det avgj\u00f8rende at alt kommer \u00e5pent og ryddig p\u00e5 bordet. Ikke minst av hensyn til de n\u00e6rmeste, men ogs\u00e5 for idrettens egen troverdighet.<\/p>\n<p class=\"_paragraph_o9xde_4 _paragraph_xtcu6_10 layout-component text-serif-m layout-normal text-serif-m layout-padded\">Stensb\u00f8l sier han selv har st\u00e5tt i en situasjon hvor norsk toppidrett ble gransket.<\/p>\n<p class=\"_paragraph_o9xde_4 _paragraph_xtcu6_10 layout-component text-serif-m layout-normal text-serif-m layout-padded\">\u2013 Etter dopingsaken i sommer-OL i Sydney i 2000dopingsaken i sommer-OL i Sydney i 2000Vektl\u00f8fteren testet under Sydney-OL i 2000 positivt p\u00e5 det anabole steroidet nandrolon. Han ble senere utestengt i seks m\u00e5neder av Norges Idrettsforbund og Den internasjonale olympiske komit\u00e9 (IOC). I 2006 inngikk produsenten av kosttilskuddet som felte ham, amerikanske Universal Nutrition, et forlik med Grimseth, der de gikk med p\u00e5 \u00e5 utbetale en millionerstatning, da det viste seg at kosttilskuddet inneholdt nandrolon uten at det sto p\u00e5 innholdslisten for produktet. ble det h\u00f8ringer i Stortinget. Det var krevende, men jeg opplevde det som riktig og n\u00f8dvendig, sier han.<\/p>\n<p class=\"_paragraph_o9xde_4 _paragraph_xtcu6_10 layout-component text-serif-m layout-normal text-serif-m layout-padded\">\u2013 Norsk toppidrett lever av tillit. Tilliten kan bare bevares hvis idretten t\u00e5ler full \u00e5penhet, ogs\u00e5 n\u00e5r det er ubehagelig.<\/p>\n<p class=\"_paragraph_o9xde_4 _paragraph_xtcu6_10 layout-component text-serif-m layout-normal text-serif-m layout-padded\">Han roser generalsekret\u00e6ren i skiskytterforbundet for at hun gikk tidlig ut og informerte om det hun visste.<\/p>\n","protected":false},"excerpt":{"rendered":"Sportskommentator Otto Ulseth og tidligere idrettstopp Bj\u00f8rge Stensb\u00f8l krever uavhengig granskning etter d\u00f8dsfallet til Sivert Bakken. Bakken ble&hellip;\n","protected":false},"author":2,"featured_media":122867,"comment_status":"","ping_status":"","sticky":false,"template":"","format":"standard","meta":{"footnotes":""},"categories":[59],"tags":[30,28,29,2579,13042,83,82,10148],"class_list":{"0":"post-122866","1":"post","2":"type-post","3":"status-publish","4":"format-standard","5":"has-post-thumbnail","7":"category-sport","8":"tag-no","9":"tag-norge","10":"tag-norway","11":"tag-olympiatoppen","12":"tag-sivert-guttorm-bakken","13":"tag-sport","14":"tag-sports","15":"tag-tore-ovrebo"},"share_on_mastodon":{"url":"https:\/\/pubeurope.com\/@no\/115792223186169167","error":""},"_links":{"self":[{"href":"https:\/\/www.europesays.com\/no\/wp-json\/wp\/v2\/posts\/122866","targetHints":{"allow":["GET"]}}],"collection":[{"href":"https:\/\/www.europesays.com\/no\/wp-json\/wp\/v2\/posts"}],"about":[{"href":"https:\/\/www.europesays.com\/no\/wp-json\/wp\/v2\/types\/post"}],"author":[{"embeddable":true,"href":"https:\/\/www.europesays.com\/no\/wp-json\/wp\/v2\/users\/2"}],"replies":[{"embeddable":true,"href":"https:\/\/www.europesays.com\/no\/wp-json\/wp\/v2\/comments?post=122866"}],"version-history":[{"count":0,"href":"https:\/\/www.europesays.com\/no\/wp-json\/wp\/v2\/posts\/122866\/revisions"}],"wp:featuredmedia":[{"embeddable":true,"href":"https:\/\/www.europesays.com\/no\/wp-json\/wp\/v2\/media\/122867"}],"wp:attachment":[{"href":"https:\/\/www.europesays.com\/no\/wp-json\/wp\/v2\/media?parent=122866"}],"wp:term":[{"taxonomy":"category","embeddable":true,"href":"https:\/\/www.europesays.com\/no\/wp-json\/wp\/v2\/categories?post=122866"},{"taxonomy":"post_tag","embeddable":true,"href":"https:\/\/www.europesays.com\/no\/wp-json\/wp\/v2\/tags?post=122866"}],"curies":[{"name":"wp","href":"https:\/\/api.w.org\/{rel}","templated":true}]}}