{"id":122868,"date":"2025-12-27T15:24:09","date_gmt":"2025-12-27T15:24:09","guid":{"rendered":"https:\/\/www.europesays.com\/no\/122868\/"},"modified":"2025-12-27T15:24:09","modified_gmt":"2025-12-27T15:24:09","slug":"jeg-lot-engasjementet-overga-forstanden","status":"publish","type":"post","link":"https:\/\/www.europesays.com\/no\/122868\/","title":{"rendered":"\u2013 Jeg lot engasjementet overg\u00e5 forstanden"},"content":{"rendered":"<p>\n        Eyvind Skeie trekker n\u00e5 sin kritikk mot NRK.<br \/>\n        Johanna Hundvin Almelid\n    <\/p>\n<p>    I etterkant av NRK-programmet Kvelden f\u00f8r kvelden rettet salmedikter Eyvind Skeie kritikk mot statskanalen. \u2013 Jeg lot engasjementet overg\u00e5 forstanden, sier han n\u00e5.<\/p>\n<p><a href=\"https:\/\/tv.nrk.no\/serie\/kvelden-foer-kvelden\/sesong\/2025\/episode\/MUHU23000025\" rel=\"nofollow noopener\" target=\"_blank\">P\u00e5 lille julaften fremf\u00f8rte artist Astrid S en versjon av Eyvind Skeies sang Det er jul.<\/a><\/p>\n<p>Skeie reagerte p\u00e5 at verselinjen om \u00abGuds hjerte\u00bb og henvisningen til \u00abkrybben\u00bb var utelatt og skrev p\u00e5 Facebook:<\/p>\n<p>\u2013 Vil det ikke v\u00e6re aldeles p\u00e5 sin plass med en \u00f8rliten referanse til julens grunnfortelling i et slikt program.<\/p>\n","protected":false},"excerpt":{"rendered":"Eyvind Skeie trekker n\u00e5 sin kritikk mot NRK. Johanna Hundvin Almelid I etterkant av NRK-programmet Kvelden f\u00f8r kvelden&hellip;\n","protected":false},"author":2,"featured_media":122869,"comment_status":"","ping_status":"","sticky":false,"template":"","format":"standard","meta":{"footnotes":""},"categories":[58],"tags":[71,30,28,29,72],"class_list":{"0":"post-122868","1":"post","2":"type-post","3":"status-publish","4":"format-standard","5":"has-post-thumbnail","7":"category-underholdning","8":"tag-entertainment","9":"tag-no","10":"tag-norge","11":"tag-norway","12":"tag-underholdning"},"share_on_mastodon":{"url":"https:\/\/pubeurope.com\/@no\/115792226743689841","error":""},"_links":{"self":[{"href":"https:\/\/www.europesays.com\/no\/wp-json\/wp\/v2\/posts\/122868","targetHints":{"allow":["GET"]}}],"collection":[{"href":"https:\/\/www.europesays.com\/no\/wp-json\/wp\/v2\/posts"}],"about":[{"href":"https:\/\/www.europesays.com\/no\/wp-json\/wp\/v2\/types\/post"}],"author":[{"embeddable":true,"href":"https:\/\/www.europesays.com\/no\/wp-json\/wp\/v2\/users\/2"}],"replies":[{"embeddable":true,"href":"https:\/\/www.europesays.com\/no\/wp-json\/wp\/v2\/comments?post=122868"}],"version-history":[{"count":0,"href":"https:\/\/www.europesays.com\/no\/wp-json\/wp\/v2\/posts\/122868\/revisions"}],"wp:featuredmedia":[{"embeddable":true,"href":"https:\/\/www.europesays.com\/no\/wp-json\/wp\/v2\/media\/122869"}],"wp:attachment":[{"href":"https:\/\/www.europesays.com\/no\/wp-json\/wp\/v2\/media?parent=122868"}],"wp:term":[{"taxonomy":"category","embeddable":true,"href":"https:\/\/www.europesays.com\/no\/wp-json\/wp\/v2\/categories?post=122868"},{"taxonomy":"post_tag","embeddable":true,"href":"https:\/\/www.europesays.com\/no\/wp-json\/wp\/v2\/tags?post=122868"}],"curies":[{"name":"wp","href":"https:\/\/api.w.org\/{rel}","templated":true}]}}