{"id":122870,"date":"2025-12-27T15:27:12","date_gmt":"2025-12-27T15:27:12","guid":{"rendered":"https:\/\/www.europesays.com\/no\/122870\/"},"modified":"2025-12-27T15:27:12","modified_gmt":"2025-12-27T15:27:12","slug":"kong-carl-gustafs-juletale-vekker-oppsikt","status":"publish","type":"post","link":"https:\/\/www.europesays.com\/no\/122870\/","title":{"rendered":"Kong Carl Gustafs juletale vekker oppsikt"},"content":{"rendered":"<p>Mens kong Harald taler til det norske folk p\u00e5 nytt\u00e5rsaften, holder Sveriges kong Carl Gustaf sin tradisjonelle tale 1. juledag.<\/p>\n<p>Tradisjon tro holdt den svenske kongen juletale i \u00e5r ogs\u00e5 \u2013 og i \u00e5r er det s\u00e6rlig to detaljer i juletalen som vekker oppsikt, if\u00f8lge <a href=\"https:\/\/www.bt.dk\/royale\/to-detaljer-vaekker-opsigt-efter-kong-carl-gustafs-juletale\" rel=\"nofollow noopener\" target=\"_blank\">danske BT<\/a>.\u00a0<\/p>\n<p>R\u00f8rende tale\u00a0<\/p>\n<p>I talen tok kong Carl Gustaf opp et krevende \u00e5r preget av krig, uro og sorg \u2013 og\u00a0viste til alvorlige hendelser som har rammet Sverige.<\/p>\n<p>Kongen f\u00e5r s\u00e6rlig ros for hvordan han p\u00e5 r\u00f8rende vis l\u00f8fter fram lyset som vokste fram i landet etter skoleskytingen ved et voksenoppl\u00e6ringssenter i \u00d6rebro, <a href=\"https:\/\/www.tv2.no\/nyheter\/utenriks\/elleve-drept-det-var-sa-mye-blod\/17426773\/\" rel=\"nofollow noopener\" target=\"_blank\">der ti uskyldige mennesker ble drept<\/a>.<\/p>\n<p>\u2013 Ut av sorgen vokste det fram noe nytt \u2013 en f\u00f8lelse av fellesskap og vilje til \u00e5 hjelpe, l\u00f8d de mye omtalte ordene i kongens juletale.<\/p>\n<p>Den direkte og alvorlige tonen blir av flere omtalt som uvanlig til en juletale fra monarken, flere hyller talen p\u00e5 sosiale medier.\u00a0<\/p>\n<p>        <img class=\"image__img lazyload\" itemprop=\"image\" title=\"Foto: Pontus Lundahl\/TT \/ NTB\" alt=\"DET SVENSKE SLOTTET: Den svenske kongefamilien sammen med kronprinsesse Mette-Marit og kronprins Haakon i 2022. Foto: Pontus Lundahl\/TT \/ NTB\" width=\"978\" height=\"551\" bad-src=\"https:\/\/www.europesays.com\/no\/wp-content\/uploads\/2025\/12\/18415199.webp\" fetchpriority=\"auto\" \/><\/p>\n<p>      DET SVENSKE SLOTTET: Den svenske kongefamilien sammen med kronprinsesse Mette-Marit og kronprins Haakon i 2022.<br \/>\n         Foto: Pontus Lundahl\/TT \/ NTB<\/p>\n<p>Nytt bilde vekker oppsikt\u00a0<\/p>\n<p>Men det var ogs\u00e5 en annen detalj som vakte oppsikt.<\/p>\n<p>Mens kong Carl Gustaf satt ved skrivebordet sitt i residensen Det kongelige slott, kunne oppmerksomme seere ane et nytt bilde bak ham.\u00a0<\/p>\n<p>Det var ikke hvilket som helst bilde \u2013 men et sjeldent syn av hele den svenske kongefamilien samlet.<\/p>\n<p>        <img class=\"image__img lazyload\" itemprop=\"image\" title=\"Foto: Cl\u00e9ment Morin\/Royal Court Estates\" alt=\"FAMILIEN SAMLET: Bak juletreet i Det kongelige slott kunne man skimte et nytt familiebilde, i tillegg til et tidligere bilde av dronning Silvia. Foto: Cl\u00e9ment Morin\/Royal Court Estates\" width=\"978\" height=\"551\" bad-src=\"https:\/\/www.europesays.com\/no\/wp-content\/uploads\/2025\/12\/18415196.webp\" fetchpriority=\"auto\" \/><\/p>\n<p>      FAMILIEN SAMLET: Bak juletreet i Det kongelige slott kunne man skimte et nytt familiebilde, i tillegg til et tidligere bilde av dronning Silvia.<br \/>\n         Foto: Cl\u00e9ment Morin\/Royal Court Estates<\/p>\n<p>If\u00f8lge\u00a0<a href=\"https:\/\/www.svenskdam.se\/kungligt\/detaljen-pa-kungens-skrivbord-beror-se-nya-familjebilden\/11205407\" target=\"_blank\" rel=\"nofollow noopener\">Svensk Damtidning<\/a>\u00a0er det snakk om et nytt og hittil usett bilde, som ble tatt under kongefamiliens opphold p\u00e5 \u00d6land i sommer.<\/p>\n<p>Bildet og juletalen har ogs\u00e5 f\u00e5tt stor oppmerksomhet i sosiale medier:\u00a0<\/p>\n<p>\u2013 Jeg er s\u00e5 stolt av v\u00e5r konge og hans fine familie, skriver en av mange i kommentarfeltet p\u00e5 <a href=\"https:\/\/www.instagram.com\/p\/DSr6jP2DPll\/?igsh=MW91ZDBqM3Q3cGoyeA==\" rel=\"nofollow noopener\" target=\"_blank\">Instagram<\/a>, der det svenske kongehuset delte et innlegg i forbindelse med juletalen.<\/p>\n<p><script async src=\"\/\/www.instagram.com\/embed.js\"><\/script><\/p>\n","protected":false},"excerpt":{"rendered":"Mens kong Harald taler til det norske folk p\u00e5 nytt\u00e5rsaften, holder Sveriges kong Carl Gustaf sin tradisjonelle tale&hellip;\n","protected":false},"author":2,"featured_media":122871,"comment_status":"","ping_status":"","sticky":false,"template":"","format":"standard","meta":{"footnotes":""},"categories":[12],"tags":[20,21,24,25,15,22,23,13,30,28,29,14,16,26,27,42,43,44,45],"class_list":{"0":"post-122870","1":"post","2":"type-post","3":"status-publish","4":"format-standard","5":"has-post-thumbnail","7":"category-verden","8":"tag-breaking-news","9":"tag-breakingnews","10":"tag-featured-news","11":"tag-featurednews","12":"tag-headlines","13":"tag-latest-news","14":"tag-latestnews","15":"tag-news","16":"tag-no","17":"tag-norge","18":"tag-norway","19":"tag-nyheter","20":"tag-overskrifter","21":"tag-top-stories","22":"tag-topstories","23":"tag-verden","24":"tag-world","25":"tag-world-news","26":"tag-worldnews"},"share_on_mastodon":{"url":"https:\/\/pubeurope.com\/@no\/115792238569852662","error":""},"_links":{"self":[{"href":"https:\/\/www.europesays.com\/no\/wp-json\/wp\/v2\/posts\/122870","targetHints":{"allow":["GET"]}}],"collection":[{"href":"https:\/\/www.europesays.com\/no\/wp-json\/wp\/v2\/posts"}],"about":[{"href":"https:\/\/www.europesays.com\/no\/wp-json\/wp\/v2\/types\/post"}],"author":[{"embeddable":true,"href":"https:\/\/www.europesays.com\/no\/wp-json\/wp\/v2\/users\/2"}],"replies":[{"embeddable":true,"href":"https:\/\/www.europesays.com\/no\/wp-json\/wp\/v2\/comments?post=122870"}],"version-history":[{"count":0,"href":"https:\/\/www.europesays.com\/no\/wp-json\/wp\/v2\/posts\/122870\/revisions"}],"wp:featuredmedia":[{"embeddable":true,"href":"https:\/\/www.europesays.com\/no\/wp-json\/wp\/v2\/media\/122871"}],"wp:attachment":[{"href":"https:\/\/www.europesays.com\/no\/wp-json\/wp\/v2\/media?parent=122870"}],"wp:term":[{"taxonomy":"category","embeddable":true,"href":"https:\/\/www.europesays.com\/no\/wp-json\/wp\/v2\/categories?post=122870"},{"taxonomy":"post_tag","embeddable":true,"href":"https:\/\/www.europesays.com\/no\/wp-json\/wp\/v2\/tags?post=122870"}],"curies":[{"name":"wp","href":"https:\/\/api.w.org\/{rel}","templated":true}]}}