{"id":122878,"date":"2025-12-27T15:37:09","date_gmt":"2025-12-27T15:37:09","guid":{"rendered":"https:\/\/www.europesays.com\/no\/122878\/"},"modified":"2025-12-27T15:37:09","modified_gmt":"2025-12-27T15:37:09","slug":"leknes-leknes-lufthavn-meteorologen-vindmalerne-talte-ikke-vindkastene-i-lofoten-lofotposten","status":"publish","type":"post","link":"https:\/\/www.europesays.com\/no\/122878\/","title":{"rendered":"Leknes, Leknes lufthavn | Meteorologen: \u2013 Vindm\u00e5lerne t\u00e5lte ikke vindkastene i Lofoten &#8211; Lofotposten"},"content":{"rendered":"<ol>\n<li><a href=\"https:\/\/news.google.com\/rss\/articles\/CBMioAFBVV95cUxNcWtTeUVpNG0zb2ZNTXNmMlhpM19vaVVFeDlxdkR1RlBBYkFseE1jUnZrMS1EVHVsUEIxWURZN3N4bzJJT2xmNHpLQ0JyWjhpb0o4dXRzaG5EMTE1bldndEZieTZrYU5TTHY1TmhRcmdsXzRoYTlUcUk5cy1EYlNCaWxTNDg4NzNpUllNZzZBVHBka2lXanpnM3poU256Ni00?oc=5\" target=\"_blank\" rel=\"nofollow noopener\">Leknes, Leknes lufthavn | Meteorologen: \u2013 Vindm\u00e5lerne t\u00e5lte ikke vindkastene i Lofoten<\/a>&nbsp;&nbsp;Lofotposten<\/li>\n<li><a href=\"https:\/\/news.google.com\/rss\/articles\/CBMid0FVX3lxTE1OSEJGa1BoLVRZa1J5NkVRT0RMMDYyelBkeHgtTklLYnFzM2VtaGNRRV9DblFZNnM0cW5sSzc1MjZBTzFsZkttSDZrTEt4NXJTU1EyaE1hWWtzZEN3R3BORkZGSkZMbmZuUlNEMEdpdzNTYWhZNjBR?oc=5\" target=\"_blank\" rel=\"nofollow noopener\">Anbefaler folk \u00e5 holde seg inne: \u2013\u2060 Det bl\u00e5ser gjenstander rundt<\/a>&nbsp;&nbsp;VG<\/li>\n<li><a href=\"https:\/\/news.google.com\/rss\/articles\/CBMijAFBVV95cUxQSWlGTWVrRk92aDRSMlBTQVhPdzdoUFFkV2ZOMHhydTI2NWxVU0YyckNUcTRFMEVGclo2RDNfV2VqeHg5YUpCa3lNdFF0cExWVEtqeHBnd2lhVWZwenA5R2Rfa1ZHeXhaQXdsWElDMExOSUJYRWRQa0o5Mk15RFBxX0FlT0haZlJsT0xDNA?oc=5\" target=\"_blank\" rel=\"nofollow noopener\">Farevarsel om kraftig vind i nord nedjusteres<\/a>&nbsp;&nbsp;banett.no<\/li>\n<li><a href=\"https:\/\/news.google.com\/rss\/articles\/CBMic0FVX3lxTE1uYUcwN0hHRF9yREFnSGRqdWZ5RGxKYktNczZmU3MyWTZpS2ttXzhQVkx0SGxFWjBnZVRRWTdKN3B2TGRSTFJjUXFqU2RlNDZtRHVXZmlENXlMZC0tZ0dIRlRpYkpLMzZxbzV6RmJFTTFoSTg?oc=5\" target=\"_blank\" rel=\"nofollow noopener\">Midt i uv\u00e6ret: &#8211; Voldsomt<\/a>&nbsp;&nbsp;Dagbladet<\/li>\n<li><a href=\"https:\/\/news.google.com\/rss\/articles\/CBMijAFBVV95cUxPejNyY3pzOXl4QTItWVA0ZkxYa2JNZmRqcXVYVzZDSlRYSFg2TXNqVXJ1M0xhT0RnTDQxSkNoS0xsOGJHdzNvODBacERDYnRTUXFXWFF6M1p4TlNiWXNUc3FfRG5kZlp2Y3k4dHE4NE8wNXVkNUJJRXdhZG5iWVF3cmxrVlBHVS0xdlRuSQ?oc=5\" target=\"_blank\" rel=\"nofollow noopener\">Uv\u00e6ret er i gang: Politiet med klar oppfordring<\/a>&nbsp;&nbsp;TV2.no<\/li>\n<\/ol>\n","protected":false},"excerpt":{"rendered":"Leknes, Leknes lufthavn | Meteorologen: \u2013 Vindm\u00e5lerne t\u00e5lte ikke vindkastene i Lofoten&nbsp;&nbsp;Lofotposten Anbefaler folk \u00e5 holde seg inne:&hellip;\n","protected":false},"author":2,"featured_media":9634,"comment_status":"","ping_status":"","sticky":false,"template":"","format":"standard","meta":{"footnotes":""},"categories":[10],"tags":[20,21,24,25,15,22,23,13,30,28,29,14,16,26,27],"class_list":{"0":"post-122878","1":"post","2":"type-post","3":"status-publish","4":"format-standard","5":"has-post-thumbnail","7":"category-norge","8":"tag-breaking-news","9":"tag-breakingnews","10":"tag-featured-news","11":"tag-featurednews","12":"tag-headlines","13":"tag-latest-news","14":"tag-latestnews","15":"tag-news","16":"tag-no","17":"tag-norge","18":"tag-norway","19":"tag-nyheter","20":"tag-overskrifter","21":"tag-top-stories","22":"tag-topstories"},"share_on_mastodon":{"url":"https:\/\/pubeurope.com\/@no\/115792277992604511","error":""},"_links":{"self":[{"href":"https:\/\/www.europesays.com\/no\/wp-json\/wp\/v2\/posts\/122878","targetHints":{"allow":["GET"]}}],"collection":[{"href":"https:\/\/www.europesays.com\/no\/wp-json\/wp\/v2\/posts"}],"about":[{"href":"https:\/\/www.europesays.com\/no\/wp-json\/wp\/v2\/types\/post"}],"author":[{"embeddable":true,"href":"https:\/\/www.europesays.com\/no\/wp-json\/wp\/v2\/users\/2"}],"replies":[{"embeddable":true,"href":"https:\/\/www.europesays.com\/no\/wp-json\/wp\/v2\/comments?post=122878"}],"version-history":[{"count":0,"href":"https:\/\/www.europesays.com\/no\/wp-json\/wp\/v2\/posts\/122878\/revisions"}],"wp:featuredmedia":[{"embeddable":true,"href":"https:\/\/www.europesays.com\/no\/wp-json\/wp\/v2\/media\/9634"}],"wp:attachment":[{"href":"https:\/\/www.europesays.com\/no\/wp-json\/wp\/v2\/media?parent=122878"}],"wp:term":[{"taxonomy":"category","embeddable":true,"href":"https:\/\/www.europesays.com\/no\/wp-json\/wp\/v2\/categories?post=122878"},{"taxonomy":"post_tag","embeddable":true,"href":"https:\/\/www.europesays.com\/no\/wp-json\/wp\/v2\/tags?post=122878"}],"curies":[{"name":"wp","href":"https:\/\/api.w.org\/{rel}","templated":true}]}}