{"id":122882,"date":"2025-12-27T15:42:08","date_gmt":"2025-12-27T15:42:08","guid":{"rendered":"https:\/\/www.europesays.com\/no\/122882\/"},"modified":"2025-12-27T15:42:08","modified_gmt":"2025-12-27T15:42:08","slug":"til-og-med-bestemor-snur-seg","status":"publish","type":"post","link":"https:\/\/www.europesays.com\/no\/122882\/","title":{"rendered":"\u2013 Til og med bestemor snur seg"},"content":{"rendered":"<p class=\"kicker t14 tm14 font-NotoSans\" style=\"\"><a href=\"https:\/\/www.abcnyheter.no\/livsstil\" target=\"_blank\" rel=\"nofollow noopener\">Livsstil<\/a><\/p>\n<p>    Vi har kj\u00f8rt Porsche 911 GT3 RS.<\/p>\n<p>\n        \u00c9N AV F\u00c5: Det er kun noen f\u00e5 eksemplarer i Norge. Dette er en 2024-modell. Ny koster bilen rundt fem millioner kroner.<br \/>\n        Broom\n    <\/p>\n<p class=\"italic m-italic\" data-lab-italic=\"italic\">(<a href=\"https:\/\/www.tv2.no\/broom\/forste-test-til-og-med-bestemor-snur-seg\/18262142\/\" rel=\"nofollow noopener\" target=\"_blank\">Artikkelen <\/a>er f\u00f8rst publisert av <a href=\"https:\/\/www.tv2.no\/broom?r=refresh\" rel=\"nofollow noopener\" target=\"_blank\">Broom<\/a>):<\/p>\n<p>Det er lenge siden jeg har kj\u00f8rt en bil som f\u00e5r flere blikk. Kanskje ikke s\u00e5 rart n\u00e5r spoileren er st\u00f8rre enn et strykebrett i st\u00f8rrelse XL \u2013 og h\u00f8yere enn taket p\u00e5 bilen.<\/p>\n<p>Til og med bestemoren min p\u00e5 Fetsund snur seg etter \u00e9n av de villeste modellene Porsche noen gang har laget for gatebruk.<\/p>\n<p>Vi snakker om nyeste generasjon 911 GT3 RS.<\/p>\n<p>Bilen er bygget for \u00e5 sette de beste rundetidene p\u00e5 bane. Samtidig er den lovlig \u00e5 kj\u00f8re p\u00e5 offentlig vei.<\/p>\n<p>                <img decoding=\"async\" src=\"https:\/\/www.europesays.com\/no\/wp-content\/uploads\/2025\/12\/1349566.webp\" width=\"480\" height=\"274\" title=\"Bilen er bygget for banekj\u00f8ring, men kan ogs\u00e5 fint brukes i hverdagen p\u00e5 veien.&#10;Aerodynamikk og kj\u00f8reegenskaper st\u00e5r i fokus.&#10;Bilen koster rundt fem millioner kroner ny\" alt=\"\" loading=\"lazy\" style=\"\"\/><\/p>\n<p>\n            Bilen er bygget for banekj\u00f8ring, men kan ogs\u00e5 fint brukes i hverdagen p\u00e5 veien.<br \/>\nAerodynamikk og kj\u00f8reegenskaper st\u00e5r i fokus.<br \/>\nBilen koster rundt fem millioner kroner ny<br \/>\n            Broom\n        <\/p>\n<p>Det skulle du nesten ikke tro n\u00e5r du ser bilen i virkeligheten. Dette er spektakul\u00e6rt.<\/p>\n<p><a href=\"https:\/\/www.tv2.no\/broom\/bilen-min-porsche-996-joda-en-heftig-sportsbil-kan-funke-aret-rundt\/13653540\/\" rel=\"nofollow noopener\" target=\"_blank\">Joda, heftig sportsbil kan funke \u00e5ret rundt<\/a><\/p>\n<p>Presisjon<\/p>\n<p>N\u00e5r Porsche f\u00f8rst lanserer en GT3 RS, er ingenting overlatt til tilfeldighetene. Her er noen av de beste ingeni\u00f8rene i verden p\u00e5 jobb for \u00e5 lage et presisjonsv\u00e5pen p\u00e5 fire hjul.<\/p>\n<p>911 GT3 RS er aerodynamikk, kj\u00f8reegenskaper og en magisk, selvpustende motor.<\/p>\n<p>Vi snakker 4-liters sekssylindret boksermotor p\u00e5 525 hestekrefter. Og hestene kan du piske hele veien opp til 9000 omdreininger!<\/p>\n<p>Presisjon og pur lidenskap er det dette handler om.<\/p>\n<p><a href=\"https:\/\/www.tv2.no\/broom\/porsche-cayenne-dette-kaller-vi-heftig-taxi\/13055220\/\" rel=\"nofollow noopener\" target=\"_blank\">Porsche som taxi? Joda, klart det er mulig!<\/a><\/p>\n","protected":false},"excerpt":{"rendered":"Livsstil Vi har kj\u00f8rt Porsche 911 GT3 RS. \u00c9N AV F\u00c5: Det er kun noen f\u00e5 eksemplarer i&hellip;\n","protected":false},"author":2,"featured_media":122883,"comment_status":"","ping_status":"","sticky":false,"template":"","format":"standard","meta":{"footnotes":""},"categories":[56],"tags":[60,61,62,30,28,29],"class_list":{"0":"post-122882","1":"post","2":"type-post","3":"status-publish","4":"format-standard","5":"has-post-thumbnail","7":"category-naeringsliv","8":"tag-business","9":"tag-economy","10":"tag-naeringsliv","11":"tag-no","12":"tag-norge","13":"tag-norway"},"share_on_mastodon":{"url":"https:\/\/pubeurope.com\/@no\/115792297669987190","error":""},"_links":{"self":[{"href":"https:\/\/www.europesays.com\/no\/wp-json\/wp\/v2\/posts\/122882","targetHints":{"allow":["GET"]}}],"collection":[{"href":"https:\/\/www.europesays.com\/no\/wp-json\/wp\/v2\/posts"}],"about":[{"href":"https:\/\/www.europesays.com\/no\/wp-json\/wp\/v2\/types\/post"}],"author":[{"embeddable":true,"href":"https:\/\/www.europesays.com\/no\/wp-json\/wp\/v2\/users\/2"}],"replies":[{"embeddable":true,"href":"https:\/\/www.europesays.com\/no\/wp-json\/wp\/v2\/comments?post=122882"}],"version-history":[{"count":0,"href":"https:\/\/www.europesays.com\/no\/wp-json\/wp\/v2\/posts\/122882\/revisions"}],"wp:featuredmedia":[{"embeddable":true,"href":"https:\/\/www.europesays.com\/no\/wp-json\/wp\/v2\/media\/122883"}],"wp:attachment":[{"href":"https:\/\/www.europesays.com\/no\/wp-json\/wp\/v2\/media?parent=122882"}],"wp:term":[{"taxonomy":"category","embeddable":true,"href":"https:\/\/www.europesays.com\/no\/wp-json\/wp\/v2\/categories?post=122882"},{"taxonomy":"post_tag","embeddable":true,"href":"https:\/\/www.europesays.com\/no\/wp-json\/wp\/v2\/tags?post=122882"}],"curies":[{"name":"wp","href":"https:\/\/api.w.org\/{rel}","templated":true}]}}