{"id":122886,"date":"2025-12-27T15:45:24","date_gmt":"2025-12-27T15:45:24","guid":{"rendered":"https:\/\/www.europesays.com\/no\/122886\/"},"modified":"2025-12-27T15:45:24","modified_gmt":"2025-12-27T15:45:24","slug":"nattarbeider-ole-jakob-risikerer-a-leve-kortere","status":"publish","type":"post","link":"https:\/\/www.europesays.com\/no\/122886\/","title":{"rendered":"Nattarbeider Ole-Jakob risikerer \u00e5 leve kortere"},"content":{"rendered":"<p class=\"byline\">Tonje Paulsen Solem (tekst) <\/p>\n<p class=\"epost\">tonje@lomedia.no<\/p>\n<p class=\"byline\">Rebekka Johannessen Litland (foto) <\/p>\n<p class=\"epost\">rebekka@lomedia.no<\/p>\n<p class=\"tekst\">Ole-Jacob Hoff startet p\u00e5 oppl\u00e6ring i januar 2017. Han har jobbet p\u00e5 Alcoa som vikar og er n\u00e5 fast ansatt som operat\u00f8r.<\/p>\n<p class=\"tekst\">\u2013 Jeg har ikke satt meg inn i det, men jeg har h\u00f8rt at det kan v\u00e6re negative konsekvenser av \u00e5 jobbe natt, sier Hoff. <\/p>\n<p class=\"tekst\">Mannlige prosess- og maskinoperat\u00f8rer og transportarbeidere er forventet \u00e5 leve nesten fem \u00e5r kortere enn menn i akademiske yrker. <\/p>\n<p class=\"tekst\">Det viser SSB-rapporten D\u00f8delighet etter yrke fra 2022.<\/p>\n<p class=\"mellomtittel\">Frister med friperioder <\/p>\n<p class=\"tekst\">En fordel med \u00e5 jobbe skift er at du kan f\u00e5 lengre friperioder. Selv om det er intensiv jobb i perioder, f\u00e5r Hoff tre uker sammenhengende fri p\u00e5 seksskiftplanen som han g\u00e5r p\u00e5 for tiden. <\/p>\n<p class=\"tekst\">\u2013 Da jeg var tilkallingsvikar etter videreg\u00e5ende, likte jeg nattskift best. Det er f\u00e6rre folk og ledere p\u00e5 jobb, og du kan styre arbeidet mer selv, forteller Ole-Jakob Hoff (27). <\/p>\n<p class=\"tekst\">Men n\u00e5 er det formiddagsskiftet som han synes p\u00e5 alle m\u00e5ter fungerer best. Han har tenkt \u00e5 skaffe seg en dagjobb, men da ville han g\u00e5 betydelig ned i l\u00f8nn. Slik situasjonen er i dag, er ikke det aktuelt for Hoff. <\/p>\n<p class=\"faktatittel\">Nattarbeid <\/p>\n<p class=\"fakta\">11 prosent av norske arbeidstakere jobber om natta. Det vil si rundt 290.000 personer som oppgir \u00e5 ha jobbet minst tre timer sammenhengende mellom klokken 21 og 06 i l\u00f8pet av de siste tre m\u00e5nedene.<\/p>\n<p class=\"fakta\">24 prosent av operat\u00f8rene oppgir at de jobber natt. <\/p>\n<p class=\"fakta\">I norsk arbeidsliv brukes begrepet skiftarbeid om arbeidstidsordninger der ansatte arbeider om dagen, kvelden og natta etter bestemte arbeidsplaner.<\/p>\n<p class=\"fakta\">Arbeidstidsordninger som inneb\u00e6rer nattarbeid og tidlige morgenskift, gir redusert s\u00f8vn\u00a0og kan bidra til \u00e5 \u00f8ke risikoen for \u00e5 utvikle helseplager og sykdom.<\/p>\n<p class=\"fakta\">Nattarbeid gir ogs\u00e5 \u00f8kt risiko for feilhandlinger og arbeidsskader.<\/p>\n<p class=\"faktakilde\">Kilde: STAMI\/ SSB\/ LKU-A 2022<\/p>\n<p class=\"mellomtittel\">Legger seg raskt<\/p>\n<p class=\"tekst\">Teamleder Tommy Eriksen (50) har jobbet skift i 10 \u00e5r. Selv om han trives med \u00e5 jobbe skift, merker han at nattarbeid kan ta litt p\u00e5. <\/p>\n<p class=\"tekst\">\u2013 Det jeg har l\u00e6rt for min del, er at n\u00e5r jeg er ferdig p\u00e5 natt, s\u00e5 er det bare \u00e5 komme seg i seng fortest mulig og f\u00e5 sove. Hvis jeg venter litt utp\u00e5 dagen, s\u00e5 er kroppen min skrudd s\u00e5nn sammen at jeg ikke f\u00e5r forskj\u00f8vet sovetiden min hvis jeg venter 2\u20133 timer med \u00e5 legge meg. Da blir det 2\u20133 timer mindre s\u00f8vn, sier han. <\/p>\n<p class=\"tekst\">Eriksen ser p\u00e5 seg selv som a-menneske, og registrerer at det er stor forskjell p\u00e5 hvordan de ulike kollegene \u00f8nsker \u00e5 jobbe. Han opplever at en del unge ansatte \u00f8nsker \u00e5 jobbe p\u00e5 natta og sove om dagen. <\/p>\n<p class=\"tekst\">\u00c5 jobbe skift var mer krevende f\u00f8r da ungene hans var sm\u00e5, men n\u00e5 er yngstejenta blitt 14 \u00e5r og vant med livsstilen.<\/p>\n<p class=\"uthevet-avsnitt\">Jobber du natt? <a target=\"_blank\" rel=\"noopener nofollow\" href=\"https:\/\/frifagbevegelse.no\/magasinet-styrke\/jobber-du-natt-da-bor-du-ta-disse-grepene-6.158.1175278.b988307e9d\">Da b\u00f8r du ta disse grepene<\/a><\/p>\n<p><img decoding=\"async\" class=\"Image Image_\" src=\"\" data-aghref=\"http:\/\/frifagbevegelse.no\/image-3.633205.155769.20251227110446.e5cacdefeb\" data-agimagetype=\"hardcrop\" alt=\"Tommy Eriksen\"\/><\/p>\n<p class=\"Caption\">Tommy Eriksen<\/p>\n<p class=\"Source\">Rebekka Johannessen Litland<\/p>\n<p class=\"mellomtittel\">Opptatt av sikkerhet<\/p>\n<p class=\"tekst\">Eriksen er sv\u00e6rt opptatt av sikkerhet og advarer mot \u00f8kt risiko for ulykker ved \u00e5 jobbe p\u00e5 natta. <\/p>\n<p class=\"tekst\">\u2013 Vi b\u00f8r tenke enda mer p\u00e5 det n\u00e5r vi g\u00e5r natt. Kroppen er litt sl\u00f8vere enn i dagmodus, s\u00e5 det er viktigere \u00e5 tenke seg om. Vi holder ogs\u00e5 p\u00e5 med ekstreme, store ting, som du ser, sier Eriksen og vifter med h\u00e5nda ut i den store hallen. <\/p>\n<p class=\"tekst\">Trikset er \u00e5 ta det rolig og tenke seg ekstra godt om, if\u00f8lge Eriksen. Han opplever at de ansatte er sv\u00e6rt stolte av \u00e5 holde hjulene p\u00e5 verket i gang gjennom hele d\u00f8gnet. <\/p>\n<p class=\"tekst\">\u2013 Jeg f\u00f8ler veldig p\u00e5 at jeg har lyst \u00e5 bidra her for at det skal g\u00e5 rundt og vi f\u00e5r produsert mest mulig.<\/p>\n","protected":false},"excerpt":{"rendered":"Tonje Paulsen Solem (tekst) tonje@lomedia.no Rebekka Johannessen Litland (foto) rebekka@lomedia.no Ole-Jacob Hoff startet p\u00e5 oppl\u00e6ring i januar 2017.&hellip;\n","protected":false},"author":2,"featured_media":122887,"comment_status":"","ping_status":"","sticky":false,"template":"","format":"standard","meta":{"footnotes":""},"categories":[5],"tags":[20,21,24,25,15,19,22,23,17,18,13,30,28,29,14,16,26,27],"class_list":{"0":"post-122886","1":"post","2":"type-post","3":"status-publish","4":"format-standard","5":"has-post-thumbnail","7":"category-overskrifter","8":"tag-breaking-news","9":"tag-breakingnews","10":"tag-featured-news","11":"tag-featurednews","12":"tag-headlines","13":"tag-hovedoppslag","14":"tag-latest-news","15":"tag-latestnews","16":"tag-main-news","17":"tag-mainnews","18":"tag-news","19":"tag-no","20":"tag-norge","21":"tag-norway","22":"tag-nyheter","23":"tag-overskrifter","24":"tag-top-stories","25":"tag-topstories"},"share_on_mastodon":{"url":"https:\/\/pubeurope.com\/@no\/115792309515840372","error":""},"_links":{"self":[{"href":"https:\/\/www.europesays.com\/no\/wp-json\/wp\/v2\/posts\/122886","targetHints":{"allow":["GET"]}}],"collection":[{"href":"https:\/\/www.europesays.com\/no\/wp-json\/wp\/v2\/posts"}],"about":[{"href":"https:\/\/www.europesays.com\/no\/wp-json\/wp\/v2\/types\/post"}],"author":[{"embeddable":true,"href":"https:\/\/www.europesays.com\/no\/wp-json\/wp\/v2\/users\/2"}],"replies":[{"embeddable":true,"href":"https:\/\/www.europesays.com\/no\/wp-json\/wp\/v2\/comments?post=122886"}],"version-history":[{"count":0,"href":"https:\/\/www.europesays.com\/no\/wp-json\/wp\/v2\/posts\/122886\/revisions"}],"wp:featuredmedia":[{"embeddable":true,"href":"https:\/\/www.europesays.com\/no\/wp-json\/wp\/v2\/media\/122887"}],"wp:attachment":[{"href":"https:\/\/www.europesays.com\/no\/wp-json\/wp\/v2\/media?parent=122886"}],"wp:term":[{"taxonomy":"category","embeddable":true,"href":"https:\/\/www.europesays.com\/no\/wp-json\/wp\/v2\/categories?post=122886"},{"taxonomy":"post_tag","embeddable":true,"href":"https:\/\/www.europesays.com\/no\/wp-json\/wp\/v2\/tags?post=122886"}],"curies":[{"name":"wp","href":"https:\/\/api.w.org\/{rel}","templated":true}]}}