{"id":122890,"date":"2025-12-27T15:52:14","date_gmt":"2025-12-27T15:52:14","guid":{"rendered":"https:\/\/www.europesays.com\/no\/122890\/"},"modified":"2025-12-27T15:52:14","modified_gmt":"2025-12-27T15:52:14","slug":"jonas-gahr-store-volodymyr-zelenskyj-2","status":"publish","type":"post","link":"https:\/\/www.europesays.com\/no\/122890\/","title":{"rendered":"Jonas Gahr St\u00f8re, Volodymyr Zelenskyj"},"content":{"rendered":"\n<p>Statsminister Jonas Gahr St\u00f8re deltar p\u00e5 et digitalt m\u00f8te med Ukrainas president Volodymyr Zelenskyj og europeiske ledere i kveld, i forkant av det planlagte m\u00f8tet mellom Zelenskyj og USAs president Donald Trump i Florida i morgen s\u00f8ndag, opplyser Statsministerens kontor (SMK) til NTB.<\/p>\n<p>Ogs\u00e5 EU-kommisjonens leder Ursula von der Leyen skal delta i telefonm\u00f8tet.<\/p>\n<p><b>Les ogs\u00e5: <a class=\"simple-relation related-teaser article--c-eRUmMG article--c-eRUmMG-fZoQSp-design-nettavisen article--c-eRUmMG-gwthdJ-cv\" href=\"https:\/\/www.nettavisen.no\/stort-angrep-mot-kyiv-over-natten-angrep-med-500-droner\/s\/5-95-2798144\" rel=\"nofollow noopener\" target=\"_blank\">Stort angrep mot Kyiv over natten: \u2013 Angrep med 500 droner<\/a><\/b><\/p>\n<p>Temaet for m\u00f8tet skal if\u00f8lge SMK v\u00e6re prosessen mot en v\u00e5penhvile og arbeidet med en varig og rettferdig fred i Ukraina.<\/p>\n<p>Volodymyr Zelenskyj skal m\u00f8te Donald Trump klokken 15 lokal tid i Florida s\u00f8ndag.<\/p>\n<p>Norge har gjennom julen hatt tett kontakt med b\u00e5de Ukraina, andre europeiske ledere og amerikanske myndigheter om arbeidet med en fredsplan, opplyser SMK.<\/p>\n<p>St\u00f8re har i l\u00f8pet av den siste uken hatt flere samtaler med Ukrainas president Zelenskyj, if\u00f8lge SMK.<\/p>\n<p><b>Les ogs\u00e5:<a class=\"simple-relation related-teaser article--c-eRUmMG article--c-eRUmMG-fZoQSp-design-nettavisen article--c-eRUmMG-gwthdJ-cv\" href=\"https:\/\/www.nettavisen.no\/slar-russland-alarm-europa-er-ikke-klare\/s\/5-95-2797235\" rel=\"nofollow noopener\" target=\"_blank\">Sl\u00e5r Russland-alarm: Europa er ikke klare<\/a> <\/b><\/p>\n","protected":false},"excerpt":{"rendered":"Statsminister Jonas Gahr St\u00f8re deltar p\u00e5 et digitalt m\u00f8te med Ukrainas president Volodymyr Zelenskyj og europeiske ledere i&hellip;\n","protected":false},"author":2,"featured_media":115515,"comment_status":"","ping_status":"","sticky":false,"template":"","format":"standard","meta":{"footnotes":""},"categories":[10],"tags":[20,21,24,25,15,22,23,13,30,28,29,14,16,26,27],"class_list":{"0":"post-122890","1":"post","2":"type-post","3":"status-publish","4":"format-standard","5":"has-post-thumbnail","7":"category-norge","8":"tag-breaking-news","9":"tag-breakingnews","10":"tag-featured-news","11":"tag-featurednews","12":"tag-headlines","13":"tag-latest-news","14":"tag-latestnews","15":"tag-news","16":"tag-no","17":"tag-norge","18":"tag-norway","19":"tag-nyheter","20":"tag-overskrifter","21":"tag-top-stories","22":"tag-topstories"},"share_on_mastodon":{"url":"https:\/\/pubeurope.com\/@no\/115792336810298213","error":""},"_links":{"self":[{"href":"https:\/\/www.europesays.com\/no\/wp-json\/wp\/v2\/posts\/122890","targetHints":{"allow":["GET"]}}],"collection":[{"href":"https:\/\/www.europesays.com\/no\/wp-json\/wp\/v2\/posts"}],"about":[{"href":"https:\/\/www.europesays.com\/no\/wp-json\/wp\/v2\/types\/post"}],"author":[{"embeddable":true,"href":"https:\/\/www.europesays.com\/no\/wp-json\/wp\/v2\/users\/2"}],"replies":[{"embeddable":true,"href":"https:\/\/www.europesays.com\/no\/wp-json\/wp\/v2\/comments?post=122890"}],"version-history":[{"count":0,"href":"https:\/\/www.europesays.com\/no\/wp-json\/wp\/v2\/posts\/122890\/revisions"}],"wp:featuredmedia":[{"embeddable":true,"href":"https:\/\/www.europesays.com\/no\/wp-json\/wp\/v2\/media\/115515"}],"wp:attachment":[{"href":"https:\/\/www.europesays.com\/no\/wp-json\/wp\/v2\/media?parent=122890"}],"wp:term":[{"taxonomy":"category","embeddable":true,"href":"https:\/\/www.europesays.com\/no\/wp-json\/wp\/v2\/categories?post=122890"},{"taxonomy":"post_tag","embeddable":true,"href":"https:\/\/www.europesays.com\/no\/wp-json\/wp\/v2\/tags?post=122890"}],"curies":[{"name":"wp","href":"https:\/\/api.w.org\/{rel}","templated":true}]}}