{"id":122892,"date":"2025-12-27T16:06:21","date_gmt":"2025-12-27T16:06:21","guid":{"rendered":"https:\/\/www.europesays.com\/no\/122892\/"},"modified":"2025-12-27T16:06:21","modified_gmt":"2025-12-27T16:06:21","slug":"brann-bamble-brann-i-enebolig-beboere-evakuert","status":"publish","type":"post","link":"https:\/\/www.europesays.com\/no\/122892\/","title":{"rendered":"Brann, Bamble | Brann i enebolig \u2013 beboere evakuert"},"content":{"rendered":"\n<p>L\u00f8rdag klokka 10.48 melder S\u00f8r-\u00d8st politidistrikt om brann i en enebolig i Bamble.\u00a0<\/p>\n<p>\u2013 Boligen er evakuert og det skal ikke v\u00e6re personer inne, melder operasjonsleder Marius Fosvold.\u00a0<\/p>\n<p>Brannen skal ha startet mellom to etasjer.\u00a0<\/p>\n<p>\u2013 Brannvesenet har slukket brannen og politiet har gjort unders\u00f8kelser p\u00e5 stedet og oppretter sak. Det har begynt \u00e5 brenne i etasjeskillet mellom to etasjer. To personer ble evakuert ut uskadd og boligen er inntil videre ubeboelig, oppdaterer operasjonsleder klokka 12.08.\u00a0<\/p>\n<p>Innsatsleder i Grenland brann og redning, Stian Frislie, opplyser at brannvesenet har f\u00e5tt begrenset skaden.\u00a0<\/p>\n<p>\u2013 I boligen har vi begrenset skaden til det rommet hvor det brant, men det er noe brann- og r\u00f8ykskader, sier han til TA.\u00a0<\/p>\n<p>B\u00e5de politi, brannvesen og ambulanse er p\u00e5 stedet. Brannvesenet rykket ut fra b\u00e5de Bamble og Porsgrunn.\u00a0<\/p>\n<p>   <img decoding=\"async\" width=\"4032\" height=\"3024\" fetchpriority=\"low\"  loading=\"lazy\"  src=\"https:\/\/www.europesays.com\/no\/wp-content\/uploads\/2025\/12\/unnamed+-+2025-12-27T121348.473.jpg\" alt=\"\" class=\"brick-c-cFOWSL\" style=\"--brick-image-ratio: 4032 \/ 3024;\"\/><\/p>\n<p>      Innsatsleder Stian Frislie<br \/>\n      Foto: \u00d8rnulf Holen\n    <\/p>\n","protected":false},"excerpt":{"rendered":"L\u00f8rdag klokka 10.48 melder S\u00f8r-\u00d8st politidistrikt om brann i en enebolig i Bamble.\u00a0 \u2013 Boligen er evakuert og&hellip;\n","protected":false},"author":2,"featured_media":122893,"comment_status":"","ping_status":"","sticky":false,"template":"","format":"standard","meta":{"footnotes":""},"categories":[10],"tags":[36,1696,367,20,21,24,25,15,22,23,13,30,28,29,14,16,254,1510,26,27],"class_list":{"0":"post-122892","1":"post","2":"type-post","3":"status-publish","4":"format-standard","5":"has-post-thumbnail","7":"category-norge","8":"tag-art","9":"tag-bamble","10":"tag-brann","11":"tag-breaking-news","12":"tag-breakingnews","13":"tag-featured-news","14":"tag-featurednews","15":"tag-headlines","16":"tag-latest-news","17":"tag-latestnews","18":"tag-news","19":"tag-no","20":"tag-norge","21":"tag-norway","22":"tag-nyheter","23":"tag-overskrifter","24":"tag-politi","25":"tag-story","26":"tag-top-stories","27":"tag-topstories"},"share_on_mastodon":{"url":"https:\/\/pubeurope.com\/@no\/115792392310368304","error":""},"_links":{"self":[{"href":"https:\/\/www.europesays.com\/no\/wp-json\/wp\/v2\/posts\/122892","targetHints":{"allow":["GET"]}}],"collection":[{"href":"https:\/\/www.europesays.com\/no\/wp-json\/wp\/v2\/posts"}],"about":[{"href":"https:\/\/www.europesays.com\/no\/wp-json\/wp\/v2\/types\/post"}],"author":[{"embeddable":true,"href":"https:\/\/www.europesays.com\/no\/wp-json\/wp\/v2\/users\/2"}],"replies":[{"embeddable":true,"href":"https:\/\/www.europesays.com\/no\/wp-json\/wp\/v2\/comments?post=122892"}],"version-history":[{"count":0,"href":"https:\/\/www.europesays.com\/no\/wp-json\/wp\/v2\/posts\/122892\/revisions"}],"wp:featuredmedia":[{"embeddable":true,"href":"https:\/\/www.europesays.com\/no\/wp-json\/wp\/v2\/media\/122893"}],"wp:attachment":[{"href":"https:\/\/www.europesays.com\/no\/wp-json\/wp\/v2\/media?parent=122892"}],"wp:term":[{"taxonomy":"category","embeddable":true,"href":"https:\/\/www.europesays.com\/no\/wp-json\/wp\/v2\/categories?post=122892"},{"taxonomy":"post_tag","embeddable":true,"href":"https:\/\/www.europesays.com\/no\/wp-json\/wp\/v2\/tags?post=122892"}],"curies":[{"name":"wp","href":"https:\/\/api.w.org\/{rel}","templated":true}]}}