{"id":122894,"date":"2025-12-27T16:07:10","date_gmt":"2025-12-27T16:07:10","guid":{"rendered":"https:\/\/www.europesays.com\/no\/122894\/"},"modified":"2025-12-27T16:07:10","modified_gmt":"2025-12-27T16:07:10","slug":"uver-herjar-i-innlandet-sverige-og-finland-nrk-norge-oversikt-over-nyheter-fra-ulike-deler-av-landet","status":"publish","type":"post","link":"https:\/\/www.europesays.com\/no\/122894\/","title":{"rendered":"Uv\u00ear herjar i Innlandet, Sverige og Finland \u2013 NRK Norge \u2013 Oversikt over nyheter fra ulike deler av landet"},"content":{"rendered":"<p>Den kraftige vinden herjar i nordlege delar av Innlandet og s\u00f8rlege delar av Tr\u00f8ndelag.<\/p>\n<p>\u00d8ystein Lind var ute og gjekk p\u00e5 Lillehammer ved 13.30-tida laurdag. Han fortel at ved Nordre Gravlund gjekk den st\u00f8rste furua i bakken.<\/p>\n<p><strong>\u2013 Det hang igjen i rota litt, f\u00f8r ho deisa i bakken, seier Lind. Han ansl\u00e5r at det var minst 15 sekundmeter i kasta, kanskje meir.<\/strong><\/p>\n<p><img decoding=\"async\"   src=\"data:image\/gif;base64,R0lGODlhAQABAIAAAAAAAP\/\/\/yH5BAEAAAAALAAAAAABAAEAAAIBRAA7\" loading=\"eager\" alt=\"et tre som har veltet over et hus\" title=\"Foto: Elin Fossum \/ NRK\"\/><\/p>\n<p class=\"\">P\u00e5 Vingsnes i Lillehammer har eit tre velta over eit hus.<\/p>\n<p>Foto: Elin Fossum \/ NRK<\/p>\n<p>\u2013 Der det bl\u00e5ser mest i S\u00f8r-Noreg n\u00e5, er i Innlandet fylke. Der er det ganske sterk vind fr\u00e5 nord-nordvestleg retning. Det seier vakthavande meteorolog Per Egil Haga med Meteorologisk institutt.<\/p>\n<p>Han seier at den sterkaste vinden er m\u00e5lt p\u00e5 fjellstasjonane.<\/p>\n<p><strong>\u2013 Vi har ein m\u00e5lstasjon p\u00e5 Kvitfjell, ligg p\u00e5 1030 meter. Der har vi n\u00e5 ein vind p\u00e5 26,3 meter i sekundet. Det svarer full til storm, seier Haga.<\/strong><\/p>\n<p>Han seier at i kasta kan vinden p\u00e5 Kvitfjell komme opp i over 33 meter i sekundet.<\/p>\n<p>Koparplater losnar<\/p>\n<p>P\u00e5 Lillehammer er det m\u00e5lt 21,2 meter i sekundet.<\/p>\n<p>Koparplater p\u00e5 fleire tonn er i ferd med \u00e5 losne fr\u00e5 Lillehammer kyrkje p\u00e5 grunn av sterk vind. Det skriv <a href=\"https:\/\/www.gd.no\/frykter-flere-tonn-tunge-plater-skal-losne-hold-dere-unna\/s\/5-18-2431216\" ec-id=\"https:\/\/www.gd.no\/frykter-flere-tonn-tunge-plater-skal-losne-hold-dere-unna\/s\/5-18-2431216\" ec-name=\"GD\" rel=\"nofollow noopener\" target=\"_blank\">GD<\/a>.<\/p>\n<p><strong>J\u00f8rn Smidesang fr\u00e5 Vingrom bygg har inspisert bygget og seier til avisa at det er ein kritisk situasjon, og at det er \u00abrisikofylt \u00e5 vere i omr\u00e5det\u00bb.<\/strong><\/p>\n<p>P\u00e5 Vingnes i Lillehammer har eit tre velta over eit hus etter \u00e5 ha blitt tatt av vinden.<\/p>\n<p>Kraftig vind p\u00e5 Femunden<\/p>\n<p>Video: Marianne Skille, NRK<\/p>\n<p>Tre trefte bil<\/p>\n<p>I \u00c5mot har ein bil f\u00e5tt eit tre over seg. Det melder politiet.<\/p>\n<p>Det var to personar i bilen. Dei skal ikkje ha blitt alvorleg skadde.<\/p>\n<p>Rundt 4000 av Elvias straumkundar har mista straumen. Dei fleste i Trysil og Ringsaker.<\/p>\n<p><strong>Meteorolog Haga seier at vinden vil gi seg utover kvelden.<\/strong><\/p>\n<p>Ein person d\u00f8d i Sverige<\/p>\n<p>I Sverige stormen f\u00e5tt namnet \u00abJohannes\u00bb. I Noreg har stormen ikkje vore sterk nok til \u00e5 f\u00e5 namn.<\/p>\n<p>Over 30.000 husstandar har mista straumen i Sverige, <a href=\"https:\/\/www.svt.se\/nyheter\/inrikes\/stormen-johannes-drar-in-over-sverige-smhi-varnar?inlagg=e597bbf50ea752a067343a51f123da03\" ec-id=\"https:\/\/www.svt.se\/nyheter\/inrikes\/stormen-johannes-drar-in-over-sverige-smhi-varnar\" ec-name=\"melder SVT\" rel=\"nofollow noopener\" target=\"_blank\">melder SVT<\/a>.<\/p>\n<p><strong>Den ber\u00f8mte julebukken i G\u00e4vle blei tatt av vinden og velta.<\/strong><\/p>\n<p>Utanfor Sandviken har ein person mista livet etter \u00e5 ha f\u00e5tt eit tre over seg.<\/p>\n<p>Ogs\u00e5 Finland blir herja av uv\u00earet. Der har fleire tusen mista straumen, melder <a href=\"https:\/\/yle.fi\/a\/74-20201571\" ec-id=\"https:\/\/yle.fi\/a\/74-20201571\" ec-name=\"Yle\" rel=\"nofollow noopener\" target=\"_blank\">Yle<\/a>.<\/p>\n<p>Publisert<\/p>\n<p>27.12.2025, kl. 16.27<\/p>\n<p>Oppdatert<\/p>\n<p>27.12.2025, kl. 17.06<\/p>\n","protected":false},"excerpt":{"rendered":"Den kraftige vinden herjar i nordlege delar av Innlandet og s\u00f8rlege delar av Tr\u00f8ndelag. \u00d8ystein Lind var ute&hellip;\n","protected":false},"author":2,"featured_media":122895,"comment_status":"","ping_status":"","sticky":false,"template":"","format":"standard","meta":{"footnotes":""},"categories":[5],"tags":[20,21,24,25,15,19,22,23,17,18,13,30,28,29,14,16,26,27],"class_list":{"0":"post-122894","1":"post","2":"type-post","3":"status-publish","4":"format-standard","5":"has-post-thumbnail","7":"category-overskrifter","8":"tag-breaking-news","9":"tag-breakingnews","10":"tag-featured-news","11":"tag-featurednews","12":"tag-headlines","13":"tag-hovedoppslag","14":"tag-latest-news","15":"tag-latestnews","16":"tag-main-news","17":"tag-mainnews","18":"tag-news","19":"tag-no","20":"tag-norge","21":"tag-norway","22":"tag-nyheter","23":"tag-overskrifter","24":"tag-top-stories","25":"tag-topstories"},"share_on_mastodon":{"url":"https:\/\/pubeurope.com\/@no\/115792395837704202","error":""},"_links":{"self":[{"href":"https:\/\/www.europesays.com\/no\/wp-json\/wp\/v2\/posts\/122894","targetHints":{"allow":["GET"]}}],"collection":[{"href":"https:\/\/www.europesays.com\/no\/wp-json\/wp\/v2\/posts"}],"about":[{"href":"https:\/\/www.europesays.com\/no\/wp-json\/wp\/v2\/types\/post"}],"author":[{"embeddable":true,"href":"https:\/\/www.europesays.com\/no\/wp-json\/wp\/v2\/users\/2"}],"replies":[{"embeddable":true,"href":"https:\/\/www.europesays.com\/no\/wp-json\/wp\/v2\/comments?post=122894"}],"version-history":[{"count":0,"href":"https:\/\/www.europesays.com\/no\/wp-json\/wp\/v2\/posts\/122894\/revisions"}],"wp:featuredmedia":[{"embeddable":true,"href":"https:\/\/www.europesays.com\/no\/wp-json\/wp\/v2\/media\/122895"}],"wp:attachment":[{"href":"https:\/\/www.europesays.com\/no\/wp-json\/wp\/v2\/media?parent=122894"}],"wp:term":[{"taxonomy":"category","embeddable":true,"href":"https:\/\/www.europesays.com\/no\/wp-json\/wp\/v2\/categories?post=122894"},{"taxonomy":"post_tag","embeddable":true,"href":"https:\/\/www.europesays.com\/no\/wp-json\/wp\/v2\/tags?post=122894"}],"curies":[{"name":"wp","href":"https:\/\/api.w.org\/{rel}","templated":true}]}}