{"id":122898,"date":"2025-12-27T16:13:15","date_gmt":"2025-12-27T16:13:15","guid":{"rendered":"https:\/\/www.europesays.com\/no\/122898\/"},"modified":"2025-12-27T16:13:15","modified_gmt":"2025-12-27T16:13:15","slug":"kjorte-bat-gjennom-isen-for-a-holde-tradisjon-agderposten-no","status":"publish","type":"post","link":"https:\/\/www.europesays.com\/no\/122898\/","title":{"rendered":"(+) Kj\u00f8rte b\u00e5t gjennom isen for \u00e5 holde tradisjon &#8211; agderposten.no"},"content":{"rendered":"<ol>\n<li><a href=\"https:\/\/news.google.com\/rss\/articles\/CBMiwAFBVV95cUxNMTI3VklCVG1fLWt0REQyS3NBdWpQZXRTNWdQb0pyYnVDUTdoZ0VOeVRnQzc0anVIaVQyR0NUZERUbTc1VnVoeDFWQzJmcmR4MG5rQXhIbzd1cnE2OWhvNno3WTdMSEhCclJXZ0tYMTRkeHppY0pLeGNTTmFLelhGS0NxZ2pqNnl3RTRQblJJY3RIbkxQR1ZPV3paZDJzTnJSeWt1N3FUNGRQM0ZJbVdBWkFXWXNETjVHaXlZTEtoSzk?oc=5\" target=\"_blank\" rel=\"nofollow noopener\">(+) Kj\u00f8rte b\u00e5t gjennom isen for \u00e5 holde tradisjon<\/a>&nbsp;&nbsp;agderposten.no<\/li>\n<li><a href=\"https:\/\/news.google.com\/rss\/articles\/CBMitAFBVV95cUxQZ1BCOWZ4Rjd5RkI5dWdwbEtNUE1EbzNKUkc2d2t4WXFhRHlUMGRJdU1PcS1TYlB6aXpDelRkNDROOGJ0Tmg1NkZHbC1YbWVrcm5rdm11ckJGaGFtNDAzeTR5djBwcjRRdE5GdXg1MXdmTTV1SDBQLVRQQzVZTk9EVEZtMkJLbjJqMmllelN0MzlyT2dQR0RXQmRKc0E3MjZmWGNJeU9BbFF3SS12N0x1UjRXN2c?oc=5\" target=\"_blank\" rel=\"nofollow noopener\">Barsjef Ylva er klar for storinnrykk: \u2013 2. juledag er utelivets nasjonaldag<\/a>&nbsp;&nbsp;Stavanger Aftenblad<\/li>\n<li><a href=\"https:\/\/news.google.com\/rss\/articles\/CBMiogFBVV95cUxQeW9lMkI4c25iSzFuOG1IQ3dnck1rdngxZ0xJRmRHVWZLZzdQRi1vb1NXcjFpSnRwakROUl9fT0NMRFllaUlRVXk5dkJIdnhyWms5bHlFQWF4RFBCemVjdm5OUVFWbnExazh0M041LXFYRzZnNlJoMG04SElaaHRIZ19JUDMycW1iMXAtaWZ1aTQzdGpSVTh6Wkx3dGNSOGhoOWc?oc=5\" target=\"_blank\" rel=\"nofollow noopener\">Jul, Romjul | Utelivets h\u00f8ytidsdag: \u2013 Julaften er som eksamen. Dette er eksamensfesten!<\/a>&nbsp;&nbsp;Bergensavisen<\/li>\n<li><a href=\"https:\/\/news.google.com\/rss\/articles\/CBMivgFBVV95cUxON0J6elE5SEdQVzVLcHdDbE9ub2hsQjN2dFhxa0VMS1htSlJ4YkhCZ1lEZnhpa1BZNk5sT0ViVUd1dWRFN2o4NjRvdFYtS1NaVGgwdDNDOEYxaFZPYVRYZ3k1TW9hVzlXR0FpbUZSVDlVSDZUaEtSZjdPb2NiX0ZhelpKQ24temFoeWE1Q3BJaWwxS0tpMnZvYzRGVDl1OHYyNEdWX1RaRXlRMnE5aXpxNGJkdWhaZHZoT2hLZ1FR?oc=5\" target=\"_blank\" rel=\"nofollow noopener\">Forbereder seg p\u00e5 ny kaoskveld: \u2013 H\u00e5per det blir s\u00e5 fullt at de nesten sloss om \u00e5 komme inn<\/a>&nbsp;&nbsp;Romerikes Blad<\/li>\n<li><a href=\"https:\/\/news.google.com\/rss\/articles\/CBMioAFBVV95cUxQa3JxSHd3Z3V4VUQ0ajFqN0U2ZWZiMkRPdU5raGhpN2xpRjRKcVVKa1hxRW5mMGV3SHlrR2I3SmI2R0JVSmc1TVYzSDJsSmh4dnViRWRrYjBPLWE2Q2dhYkxTV0MwNk5WcGU0NWc1QXluZnlxVV81UWpyeUd4WlQ5MFlWY2FjMWVraGVYN3h3RGxNb3l2bmJIdVp2LUU0a1J1?oc=5\" target=\"_blank\" rel=\"nofollow noopener\">2. juledag, Uteliv | Storinnrykk p\u00e5 byen: &#8211; Det pleier \u00e5 bli kaos<\/a>&nbsp;&nbsp;Tvedestrandsposten<\/li>\n<\/ol>\n","protected":false},"excerpt":{"rendered":"(+) Kj\u00f8rte b\u00e5t gjennom isen for \u00e5 holde tradisjon&nbsp;&nbsp;agderposten.no Barsjef Ylva er klar for storinnrykk: \u2013 2. juledag&hellip;\n","protected":false},"author":2,"featured_media":122899,"comment_status":"","ping_status":"","sticky":false,"template":"","format":"standard","meta":{"footnotes":""},"categories":[10],"tags":[20,21,24,25,15,22,23,13,30,28,29,14,16,14560,11445,26,27,1738],"class_list":{"0":"post-122898","1":"post","2":"type-post","3":"status-publish","4":"format-standard","5":"has-post-thumbnail","7":"category-norge","8":"tag-breaking-news","9":"tag-breakingnews","10":"tag-featured-news","11":"tag-featurednews","12":"tag-headlines","13":"tag-latest-news","14":"tag-latestnews","15":"tag-news","16":"tag-no","17":"tag-norge","18":"tag-norway","19":"tag-nyheter","20":"tag-overskrifter","21":"tag-pa-byen","22":"tag-pub","23":"tag-top-stories","24":"tag-topstories","25":"tag-tvedestrand"},"share_on_mastodon":{"url":"https:\/\/pubeurope.com\/@no\/115792419534929464","error":""},"_links":{"self":[{"href":"https:\/\/www.europesays.com\/no\/wp-json\/wp\/v2\/posts\/122898","targetHints":{"allow":["GET"]}}],"collection":[{"href":"https:\/\/www.europesays.com\/no\/wp-json\/wp\/v2\/posts"}],"about":[{"href":"https:\/\/www.europesays.com\/no\/wp-json\/wp\/v2\/types\/post"}],"author":[{"embeddable":true,"href":"https:\/\/www.europesays.com\/no\/wp-json\/wp\/v2\/users\/2"}],"replies":[{"embeddable":true,"href":"https:\/\/www.europesays.com\/no\/wp-json\/wp\/v2\/comments?post=122898"}],"version-history":[{"count":0,"href":"https:\/\/www.europesays.com\/no\/wp-json\/wp\/v2\/posts\/122898\/revisions"}],"wp:featuredmedia":[{"embeddable":true,"href":"https:\/\/www.europesays.com\/no\/wp-json\/wp\/v2\/media\/122899"}],"wp:attachment":[{"href":"https:\/\/www.europesays.com\/no\/wp-json\/wp\/v2\/media?parent=122898"}],"wp:term":[{"taxonomy":"category","embeddable":true,"href":"https:\/\/www.europesays.com\/no\/wp-json\/wp\/v2\/categories?post=122898"},{"taxonomy":"post_tag","embeddable":true,"href":"https:\/\/www.europesays.com\/no\/wp-json\/wp\/v2\/tags?post=122898"}],"curies":[{"name":"wp","href":"https:\/\/api.w.org\/{rel}","templated":true}]}}