{"id":122900,"date":"2025-12-27T16:14:45","date_gmt":"2025-12-27T16:14:45","guid":{"rendered":"https:\/\/www.europesays.com\/no\/122900\/"},"modified":"2025-12-27T16:14:45","modified_gmt":"2025-12-27T16:14:45","slug":"voldshendelse-ved-utested-i-sykkylven-nrk-more-og-romsdal-lokale-nyheter-tv-og-radio","status":"publish","type":"post","link":"https:\/\/www.europesays.com\/no\/122900\/","title":{"rendered":"Voldshendelse ved utested i Sykkylven \u2013 NRK M\u00f8re og Romsdal \u2013 Lokale nyheter, TV og radio"},"content":{"rendered":"<p>En person ble fraktet til legevakt med ambulanse etter en voldshendelse ved et utested i Sykkylven natt til l\u00f8rdag.<\/p>\n<p>If\u00f8lge politiet skal flere personer ha blitt utsatt for vold av samme person. En mann i 50-\u00e5rene ble p\u00e5grepet etter hendelsen.<\/p>\n<p>Ogs\u00e5 andre steder i fylket har politiet v\u00e6rt involvert. I Her\u00f8y rykket de ut etter en voldshendelse ved et utested. Ingen skal ha blitt skadd. Det samme skjedde i \u00c5lesund. I \u00c5lesund blir ogs\u00e5 en mann anmeldt etter at han skal ha urinert i en politibil. Ogs\u00e5 i Molde skal en person ha blitt sl\u00e5tt, men alt i alt har det if\u00f8lge politiet v\u00e6rt ei forholdsvis rolig natt.<\/p>\n<p>\u2013 Det har v\u00e6rt mye folk ute, men det har ikke v\u00e6rt s\u00e5 mye \u00e5 gj\u00f8re for politiet som tidligere \u00e5r, opplyser operasjonsleder Sindre Molnes.<\/p>\n","protected":false},"excerpt":{"rendered":"En person ble fraktet til legevakt med ambulanse etter en voldshendelse ved et utested i Sykkylven natt til&hellip;\n","protected":false},"author":2,"featured_media":62464,"comment_status":"","ping_status":"","sticky":false,"template":"","format":"standard","meta":{"footnotes":""},"categories":[5],"tags":[20,21,24,25,15,19,22,23,17,18,13,30,28,29,14,16,26,27],"class_list":{"0":"post-122900","1":"post","2":"type-post","3":"status-publish","4":"format-standard","5":"has-post-thumbnail","7":"category-overskrifter","8":"tag-breaking-news","9":"tag-breakingnews","10":"tag-featured-news","11":"tag-featurednews","12":"tag-headlines","13":"tag-hovedoppslag","14":"tag-latest-news","15":"tag-latestnews","16":"tag-main-news","17":"tag-mainnews","18":"tag-news","19":"tag-no","20":"tag-norge","21":"tag-norway","22":"tag-nyheter","23":"tag-overskrifter","24":"tag-top-stories","25":"tag-topstories"},"share_on_mastodon":{"url":"https:\/\/pubeurope.com\/@no\/115792423354265771","error":""},"_links":{"self":[{"href":"https:\/\/www.europesays.com\/no\/wp-json\/wp\/v2\/posts\/122900","targetHints":{"allow":["GET"]}}],"collection":[{"href":"https:\/\/www.europesays.com\/no\/wp-json\/wp\/v2\/posts"}],"about":[{"href":"https:\/\/www.europesays.com\/no\/wp-json\/wp\/v2\/types\/post"}],"author":[{"embeddable":true,"href":"https:\/\/www.europesays.com\/no\/wp-json\/wp\/v2\/users\/2"}],"replies":[{"embeddable":true,"href":"https:\/\/www.europesays.com\/no\/wp-json\/wp\/v2\/comments?post=122900"}],"version-history":[{"count":0,"href":"https:\/\/www.europesays.com\/no\/wp-json\/wp\/v2\/posts\/122900\/revisions"}],"wp:featuredmedia":[{"embeddable":true,"href":"https:\/\/www.europesays.com\/no\/wp-json\/wp\/v2\/media\/62464"}],"wp:attachment":[{"href":"https:\/\/www.europesays.com\/no\/wp-json\/wp\/v2\/media?parent=122900"}],"wp:term":[{"taxonomy":"category","embeddable":true,"href":"https:\/\/www.europesays.com\/no\/wp-json\/wp\/v2\/categories?post=122900"},{"taxonomy":"post_tag","embeddable":true,"href":"https:\/\/www.europesays.com\/no\/wp-json\/wp\/v2\/tags?post=122900"}],"curies":[{"name":"wp","href":"https:\/\/api.w.org\/{rel}","templated":true}]}}