{"id":122903,"date":"2025-12-27T16:21:09","date_gmt":"2025-12-27T16:21:09","guid":{"rendered":"https:\/\/www.europesays.com\/no\/122903\/"},"modified":"2025-12-27T16:21:09","modified_gmt":"2025-12-27T16:21:09","slug":"de-har-vaert-sammen-i-20-ar-for-forste-gang-ma-janine-opheim-bytte-en-gave-bergens-tidende","status":"publish","type":"post","link":"https:\/\/www.europesays.com\/no\/122903\/","title":{"rendered":"De har v\u00e6rt sammen i 20 \u00e5r. For f\u00f8rste gang m\u00e5 Janine Opheim bytte en gave. &#8211; Bergens Tidende"},"content":{"rendered":"<ol>\n<li><a href=\"https:\/\/news.google.com\/rss\/articles\/CBMioAFBVV95cUxPcGJPVXpwZjl4M1g0dmJwRjlYRVVEbzhJQURXSmV4ajl5UXRxSTduOF9IR1FzRmZCcHJXUXpHLXVzekdrV0kxdkU4dFhPajk4RkVaUTBtWDl5ZUYzUmphSXVXclgtdGRxMlQ5OXFTQ01hQkdtV1JwVEdhZFpHUE9KUGNZaTIya2UyZlhWc1JEeG1JXzVMMmRCNVlzSkxRblpq?oc=5\" target=\"_blank\" rel=\"nofollow noopener\">De har v\u00e6rt sammen i 20 \u00e5r. For f\u00f8rste gang m\u00e5 Janine Opheim bytte en gave.<\/a>&nbsp;&nbsp;Bergens Tidende<\/li>\n<li><a href=\"https:\/\/news.google.com\/rss\/articles\/CBMilAFBVV95cUxORUJwd3kwQkdPMHQ2a2ZwWXdKMkE2WXE2Q2VqWU1yZFBaYnRkM3lSRVhkT3I3S0lHaXBjdkJ5Qm9TMUdXWXFjSktMeEJkbWlSbUgyVEtGMmlDenFkN19zMHEzdFJjMFplaFVwcEk4cjNwRTM3QTZXUWZBdW5QZ2t3RkhJODlQdVNjbnBrS0hpUG1OY3Bf?oc=5\" target=\"_blank\" rel=\"nofollow noopener\">Bytte en julegave? \u2013 dette har du krav p\u00e5<\/a>&nbsp;&nbsp;NRK<\/li>\n<li><a href=\"https:\/\/news.google.com\/rss\/articles\/CBMirwFBVV95cUxOSXpTT1RYV2xQUUhma0NhSFlyZzY1amljZURxeHNIN3Vua3pnYjVzUFBCYnQ3ZnZwcFFKcTgzb1RueUxBcEJRSWVneEVrUjN6QkNsZ1AzVFZjZmFDMWZOTE94UTVFd3JJTkRaWm5kQ05zbzdNczF0NnVDX0kyX2hoRWh4aEI5bWEyTm1BZ3paQVltRmJRcG9lNEhaNldKc0ZDc093by1qRVRhRFFoUFpn?oc=5\" target=\"_blank\" rel=\"nofollow noopener\">Forbrukerr\u00e5det: Bytt eller gi bort \u2013 ikke stapp u\u00f8nskede gaver i en skuff<\/a>&nbsp;&nbsp;Budstikka<\/li>\n<li><a href=\"https:\/\/news.google.com\/rss\/articles\/CBMickFVX3lxTE92MmhGWktzWFNoSHRUUng1Z05qQ3NVWC04ZkMwZE9qX3MtNjZLajh6V20wb0lBM2tZSWNqMkFtc0xTMWpkZXZsdzVsbDQzNHJpcFhDcHFjWnkxWWtqTWNwWExzZHlXTmNqaVgxUmI4TUlSUQ?oc=5\" target=\"_blank\" rel=\"nofollow noopener\">N\u00e6ringsliv, Handel | Har \u00f8kt bemanningen: \u2013 Venter det store trykket<\/a>&nbsp;&nbsp;Haugesunds Avis<\/li>\n<li><a href=\"https:\/\/news.google.com\/rss\/articles\/CBMiiwFBVV95cUxPZWFrLVQ2dXU4YnBCSVRSQnZMSTQtaUpNYXFpTmNENjJ3T2Z6Z3NMeUo1clEtXzhuc3JMMkc2c3AwdDJjWEo4VnNsbDFKWTl2dUpNanVpMzA4Tmo4d3ZuLWtYWFozNUp1UDN1RjBHY0pCSldQemhfa3B2MVFTaE1OTlVDM1FZakxHRzVR?oc=5\" target=\"_blank\" rel=\"nofollow noopener\">Den store byttedagen: \u2013 Det har g\u00e5tt i ett!<\/a>&nbsp;&nbsp;Stavanger Aftenblad<\/li>\n<\/ol>\n","protected":false},"excerpt":{"rendered":"De har v\u00e6rt sammen i 20 \u00e5r. For f\u00f8rste gang m\u00e5 Janine Opheim bytte en gave.&nbsp;&nbsp;Bergens Tidende Bytte&hellip;\n","protected":false},"author":2,"featured_media":122904,"comment_status":"","ping_status":"","sticky":false,"template":"","format":"standard","meta":{"footnotes":""},"categories":[10],"tags":[20,21,24,25,15,22,23,13,30,28,29,14,16,26,27],"class_list":{"0":"post-122903","1":"post","2":"type-post","3":"status-publish","4":"format-standard","5":"has-post-thumbnail","7":"category-norge","8":"tag-breaking-news","9":"tag-breakingnews","10":"tag-featured-news","11":"tag-featurednews","12":"tag-headlines","13":"tag-latest-news","14":"tag-latestnews","15":"tag-news","16":"tag-no","17":"tag-norge","18":"tag-norway","19":"tag-nyheter","20":"tag-overskrifter","21":"tag-top-stories","22":"tag-topstories"},"share_on_mastodon":{"url":"https:\/\/pubeurope.com\/@no\/115792450822062310","error":""},"_links":{"self":[{"href":"https:\/\/www.europesays.com\/no\/wp-json\/wp\/v2\/posts\/122903","targetHints":{"allow":["GET"]}}],"collection":[{"href":"https:\/\/www.europesays.com\/no\/wp-json\/wp\/v2\/posts"}],"about":[{"href":"https:\/\/www.europesays.com\/no\/wp-json\/wp\/v2\/types\/post"}],"author":[{"embeddable":true,"href":"https:\/\/www.europesays.com\/no\/wp-json\/wp\/v2\/users\/2"}],"replies":[{"embeddable":true,"href":"https:\/\/www.europesays.com\/no\/wp-json\/wp\/v2\/comments?post=122903"}],"version-history":[{"count":0,"href":"https:\/\/www.europesays.com\/no\/wp-json\/wp\/v2\/posts\/122903\/revisions"}],"wp:featuredmedia":[{"embeddable":true,"href":"https:\/\/www.europesays.com\/no\/wp-json\/wp\/v2\/media\/122904"}],"wp:attachment":[{"href":"https:\/\/www.europesays.com\/no\/wp-json\/wp\/v2\/media?parent=122903"}],"wp:term":[{"taxonomy":"category","embeddable":true,"href":"https:\/\/www.europesays.com\/no\/wp-json\/wp\/v2\/categories?post=122903"},{"taxonomy":"post_tag","embeddable":true,"href":"https:\/\/www.europesays.com\/no\/wp-json\/wp\/v2\/tags?post=122903"}],"curies":[{"name":"wp","href":"https:\/\/api.w.org\/{rel}","templated":true}]}}