{"id":122911,"date":"2025-12-27T16:35:14","date_gmt":"2025-12-27T16:35:14","guid":{"rendered":"https:\/\/www.europesays.com\/no\/122911\/"},"modified":"2025-12-27T16:35:14","modified_gmt":"2025-12-27T16:35:14","slug":"liverpool-florian-wirtz-utskjelte-wirtz-med-sin-forste-pl-scoring-for-liverpool","status":"publish","type":"post","link":"https:\/\/www.europesays.com\/no\/122911\/","title":{"rendered":"Liverpool, Florian wirtz | Utskjelte Wirtz med sin f\u00f8rste PL-scoring for Liverpool"},"content":{"rendered":"\n<p><a href=\"https:\/\/live.nettavisen.no\/fotball\/1\/2025-12-27\/kamp\/2636430\" rel=\"Follow nofollow noopener\" target=\"_blank\">LIVERPOOL &#8211; WOLVERHAMPTON 2-1 (kampen p\u00e5g\u00e5r)<\/a><\/p>\n<p>Liverpool stanget og stanget, men s\u00e5 eksploderte de mot slutten av f\u00f8rsteomgang.<\/p>\n<p>Wirtz-scoring<\/p>\n<p>F\u00f8rst var det Ryan Gravenberch som ekspederte et herlig forarbeid fra Jeremie Frimpong, men s\u00e5 kom det store fra Arne Slots menn.<\/p>\n<p>Florian Wirtz har f\u00e5tt enormt med kritikk i sitt f\u00f8rste halv\u00e5r i klubben, men har de siste kampene virkelig levert varene.<\/p>\n<p><b>Les ogs\u00e5<\/b>: <a href=\"https:\/\/www.nettavisen.no\/sport\/rayan-cherki-sendte-city-opp-pa-tabelltopp-erling-braut-haaland-mallos-av-banen\/s\/5-95-2798496\" rel=\"Follow nofollow noopener\" target=\"_blank\">Cherki sendte City opp p\u00e5 tabelltopp: Haaland m\u00e5ll\u00f8s av banen<\/a><\/p>\n<p>F\u00e5 minutter f\u00f8r hvilen ble han spilt gjennom av Hugo Ekitik\u00e9, tok et perfekt touch og trillet inn sitt f\u00f8rste Premier League-m\u00e5l for sesongen.<\/p>\n<p>\u2013 Han sl\u00e5r seg p\u00e5 klubbemblemet. Han har v\u00e6rt veldig god i den f\u00f8rste omgangen, kom det fra Viaplays Andreas Toft.<\/p>\n<p>   <img decoding=\"async\" width=\"3651\" height=\"2434\" fetchpriority=\"low\"  loading=\"lazy\"  src=\"https:\/\/www.europesays.com\/no\/wp-content\/uploads\/2025\/12\/NTB_7eOcvYLDBpk.jpg\" alt=\"Liverpool's Florian Wirtz, right, celebrates with Liverpool's Hugo Ekitike after scoring his side's second goal during the English Premier League soccer match between Liverpool and Wolverhampton Wanderers in Liverpool, Sunday, Dec. 27, 2025. (AP Photo\/Ian Hodgson)\" class=\"brick-c-cFOWSL\" style=\"--brick-image-ratio: 3651 \/ 2434;\"\/><\/p>\n<p>      HERJET: Hugo Ekitik\u00e9 og Florian Wirtz var str\u00e5lende for Liverpool i f\u00f8rsteomgang.<br \/>\n      Foto: Ian Hodgson (AP)\n    <\/p>\n<p>  Marerittstart p\u00e5 omgangen<\/p>\n<p>Det hele s\u00e5 ut til \u00e5 bli en veldig behagelig dag p\u00e5 jobben for Liverpool og Arne Slot.<\/p>\n<p>Men bare noen minutter etter hvilen var det Wolverhampton som kunne juble for scoring.<\/p>\n<p>Tolu Arokodare steg til v\u00e6rs og stanget mot m\u00e5l, og Alisson m\u00e5tte gi retur.<\/p>\n<p>Der hadde Santi Bueno kommet seg foran Liverpool-forsvaret, og kunne enkelt krangle inn 2-1.<\/p>\n","protected":false},"excerpt":{"rendered":"LIVERPOOL &#8211; WOLVERHAMPTON 2-1 (kampen p\u00e5g\u00e5r) Liverpool stanget og stanget, men s\u00e5 eksploderte de mot slutten av f\u00f8rsteomgang.&hellip;\n","protected":false},"author":2,"featured_media":122912,"comment_status":"","ping_status":"","sticky":false,"template":"","format":"standard","meta":{"footnotes":""},"categories":[12],"tags":[20,21,24,25,15,22,23,13,30,28,29,14,16,26,27,42,43,44,45],"class_list":{"0":"post-122911","1":"post","2":"type-post","3":"status-publish","4":"format-standard","5":"has-post-thumbnail","7":"category-verden","8":"tag-breaking-news","9":"tag-breakingnews","10":"tag-featured-news","11":"tag-featurednews","12":"tag-headlines","13":"tag-latest-news","14":"tag-latestnews","15":"tag-news","16":"tag-no","17":"tag-norge","18":"tag-norway","19":"tag-nyheter","20":"tag-overskrifter","21":"tag-top-stories","22":"tag-topstories","23":"tag-verden","24":"tag-world","25":"tag-world-news","26":"tag-worldnews"},"share_on_mastodon":{"url":"https:\/\/pubeurope.com\/@no\/115792506400834803","error":""},"_links":{"self":[{"href":"https:\/\/www.europesays.com\/no\/wp-json\/wp\/v2\/posts\/122911","targetHints":{"allow":["GET"]}}],"collection":[{"href":"https:\/\/www.europesays.com\/no\/wp-json\/wp\/v2\/posts"}],"about":[{"href":"https:\/\/www.europesays.com\/no\/wp-json\/wp\/v2\/types\/post"}],"author":[{"embeddable":true,"href":"https:\/\/www.europesays.com\/no\/wp-json\/wp\/v2\/users\/2"}],"replies":[{"embeddable":true,"href":"https:\/\/www.europesays.com\/no\/wp-json\/wp\/v2\/comments?post=122911"}],"version-history":[{"count":0,"href":"https:\/\/www.europesays.com\/no\/wp-json\/wp\/v2\/posts\/122911\/revisions"}],"wp:featuredmedia":[{"embeddable":true,"href":"https:\/\/www.europesays.com\/no\/wp-json\/wp\/v2\/media\/122912"}],"wp:attachment":[{"href":"https:\/\/www.europesays.com\/no\/wp-json\/wp\/v2\/media?parent=122911"}],"wp:term":[{"taxonomy":"category","embeddable":true,"href":"https:\/\/www.europesays.com\/no\/wp-json\/wp\/v2\/categories?post=122911"},{"taxonomy":"post_tag","embeddable":true,"href":"https:\/\/www.europesays.com\/no\/wp-json\/wp\/v2\/tags?post=122911"}],"curies":[{"name":"wp","href":"https:\/\/api.w.org\/{rel}","templated":true}]}}