{"id":122917,"date":"2025-12-27T16:49:08","date_gmt":"2025-12-27T16:49:08","guid":{"rendered":"https:\/\/www.europesays.com\/no\/122917\/"},"modified":"2025-12-27T16:49:08","modified_gmt":"2025-12-27T16:49:08","slug":"vaer-uvaer-stormen-johannes-herjer-i-sverige-gavlebocken-har-veltet","status":"publish","type":"post","link":"https:\/\/www.europesays.com\/no\/122917\/","title":{"rendered":"V\u00e6r, Uv\u00e6r | Stormen Johannes herjer i Sverige \u2013 G\u00e4vlebocken har veltet"},"content":{"rendered":"\n<p>En rekke svenske medier, deriblant <a rel=\"noopener nofollow\" href=\"https:\/\/www.svt.se\/nyheter\/inrikes\/stormen-johannes-drar-in-over-sverige-smhi-varnar?inlagg=849cf5b93ab01601313525dcc95b6717\" target=\"_blank\">SVT<\/a> , har lagt ut et bilde av at julebukken i G\u00e4vle bukker under for stormen. G\u00e4vlebocken er ellers mest kjent for at den ofte blir brent ned en gang f\u00f8r jul, en skjebne den har unnsluppet i \u00e5r.<\/p>\n<p>En person d\u00f8de av skadene etter \u00e5 ha blitt klemt fast under et tre utenfor byen Sandviken like ved. Over 40.000 husstander har mistet str\u00f8mmen.<\/p>\n<p>Sveriges meteorologiske institutt SMHI advarer om kraftige vindkast med tidvis stormbyger for store deler av Norrland, nordre Dalarna og nord\u00f8stre Svealand. Uv\u00e6ret har f\u00e5tt navnet Johannes, og det ventes \u00e5 for\u00e5rsake store trafikkforstyrrelser.<\/p>\n<p>Allerede i forkant av uv\u00e6ret stengte trafikkvesenet i Sverige togtrafikken mellom Br\u00e4cke og Storlien i en periode hvor mange juleferierende hadde tenkt \u00e5 st\u00e5 p\u00e5 ski i J\u00e4mtlandsfjellene. Trafikkvesenet oppfordrer folk til ikke \u00e5 dra ut p\u00e5 veiene med mindre det er helt n\u00f8dvendig.<\/p>\n<p>Ogs\u00e5 i Finland, der stormen har f\u00e5tt navnet Hannes, merkes den kraftige vinden. Her er ogs\u00e5 flere tusen husstander uten str\u00f8m. P\u00e5 flyplassen ved nordlysdestinasjonen Kittila bl\u00e5ste to passasjerfly av rullebanen. Ett av flyene hadde anslagsvis 150 passasjerer om bord. Ingen ble skadet i ulykken.<\/p>\n","protected":false},"excerpt":{"rendered":"En rekke svenske medier, deriblant SVT , har lagt ut et bilde av at julebukken i G\u00e4vle bukker&hellip;\n","protected":false},"author":2,"featured_media":122918,"comment_status":"","ping_status":"","sticky":false,"template":"","format":"standard","meta":{"footnotes":""},"categories":[12],"tags":[20,21,24,25,15,22,23,13,30,28,29,14,16,26,27,42,43,44,45],"class_list":{"0":"post-122917","1":"post","2":"type-post","3":"status-publish","4":"format-standard","5":"has-post-thumbnail","7":"category-verden","8":"tag-breaking-news","9":"tag-breakingnews","10":"tag-featured-news","11":"tag-featurednews","12":"tag-headlines","13":"tag-latest-news","14":"tag-latestnews","15":"tag-news","16":"tag-no","17":"tag-norge","18":"tag-norway","19":"tag-nyheter","20":"tag-overskrifter","21":"tag-top-stories","22":"tag-topstories","23":"tag-verden","24":"tag-world","25":"tag-world-news","26":"tag-worldnews"},"share_on_mastodon":{"url":"https:\/\/pubeurope.com\/@no\/115792561104767289","error":""},"_links":{"self":[{"href":"https:\/\/www.europesays.com\/no\/wp-json\/wp\/v2\/posts\/122917","targetHints":{"allow":["GET"]}}],"collection":[{"href":"https:\/\/www.europesays.com\/no\/wp-json\/wp\/v2\/posts"}],"about":[{"href":"https:\/\/www.europesays.com\/no\/wp-json\/wp\/v2\/types\/post"}],"author":[{"embeddable":true,"href":"https:\/\/www.europesays.com\/no\/wp-json\/wp\/v2\/users\/2"}],"replies":[{"embeddable":true,"href":"https:\/\/www.europesays.com\/no\/wp-json\/wp\/v2\/comments?post=122917"}],"version-history":[{"count":0,"href":"https:\/\/www.europesays.com\/no\/wp-json\/wp\/v2\/posts\/122917\/revisions"}],"wp:featuredmedia":[{"embeddable":true,"href":"https:\/\/www.europesays.com\/no\/wp-json\/wp\/v2\/media\/122918"}],"wp:attachment":[{"href":"https:\/\/www.europesays.com\/no\/wp-json\/wp\/v2\/media?parent=122917"}],"wp:term":[{"taxonomy":"category","embeddable":true,"href":"https:\/\/www.europesays.com\/no\/wp-json\/wp\/v2\/categories?post=122917"},{"taxonomy":"post_tag","embeddable":true,"href":"https:\/\/www.europesays.com\/no\/wp-json\/wp\/v2\/tags?post=122917"}],"curies":[{"name":"wp","href":"https:\/\/api.w.org\/{rel}","templated":true}]}}