{"id":122919,"date":"2025-12-27T16:50:10","date_gmt":"2025-12-27T16:50:10","guid":{"rendered":"https:\/\/www.europesays.com\/no\/122919\/"},"modified":"2025-12-27T16:50:10","modified_gmt":"2025-12-27T16:50:10","slug":"hva-vi-mister-nar-vi-mister-natur-ytring","status":"publish","type":"post","link":"https:\/\/www.europesays.com\/no\/122919\/","title":{"rendered":"Hva vi mister n\u00e5r vi mister natur \u2013 Ytring"},"content":{"rendered":"<p>Mange har opplevd det samme som jeg f\u00f8ler akkurat n\u00e5. Jeg f\u00f8lger en liten sti i h\u00f8ststille skog en tidlig morgen. En sti jeg ofte bruker, men n\u00e5 er det noen uker siden jeg gikk her sist. Plutselig er terrenget radikalt forandret. <\/p>\n<p>Der stien pleide \u00e5 sno seg gjennom tung gammelskog, er det n\u00e5 en \u00e5pen hogstflate som minner mest om en krigsskueplass. <\/p>\n<p>Skogen er borte og landskapet er et kaos av kvist og kvas og dype hjulspor fylt av gj\u00f8rme, forandret til det ugjenkjennelige og stort sett uframkommelig for annet enn skogsmaskiner.<\/p>\n<p><strong>Dessverre er dette et stadig vanligere syn<\/strong> rundt om i landet. Det setter f\u00f8lelser i sving hos meg og andre. S\u00e5pass kraftig at opplevelsene har skapt et nytt begrep: \u00f8kosorg. <\/p>\n<p>Jeg synes det er et godt ord som rommer mye \u2013 sorg, tristhet, fortvilelse, tap av mening og tilknytning og ikke minst sinne over noe som har g\u00e5tt tapt.\n<\/p>\n<p><strong>Debatten om naturtap <\/strong>i Norge har tatt seg opp i senere \u00e5r. Det er ikke lenger noe politikere og andre beslutningstagere kan skyve vekk som underordnet alle andre samfunnsbehov. <\/p>\n<p>Faktaene er <a href=\"http:\/\/www.nrk.no\/dokumentar\/xl\/nrk-avslorer_-44.000-inngrep-i-norsk-natur-pa-fem-ar-1.16573560\" ec-id=\"pp:article:1.16573560\" ec-name=\"godt dokumentert\" rel=\"nofollow noopener\" target=\"_blank\">godt dokumentert<\/a> og skremmende nok i seg selv. Naturen bygges ned i h\u00f8yt tempo, det skjer stort sett over hele landet og tap av arealer og arter skjer i foruroligende tempo. Norge er faktisk <a href=\"http:\/\/www.nrk.no\/dokumentar\/xl\/europa-fra-gront-til-gratt_-nordmenn-bygger-ned-mest-natur_-viser-europeisk-kartlegging-1.17577504\" ec-id=\"pp:article:1.17577504\" ec-name=\"en versting\" rel=\"nofollow noopener\" target=\"_blank\">en versting<\/a> i internasjonal sammenheng.<\/p>\n<p>Mens jeg skuer utover restene av det som en gang var en naturskog, kjenner jeg frustrasjonen vokse over hvor mye kunnskap som ikke f\u00e5r den n\u00f8dvendige plassen i denne debatten. <\/p>\n<p>Vi har et akutt behov for \u00e5 utvikle alternative \u00abm\u00e5lestokker\u00bb som kan l\u00f8fte fram helt essensiell kunnskap om naturens evne til \u00e5 styrke livskvalitet, trivsel og helse. <\/p>\n<p><strong>Den stille tragedien <\/strong>er at uhyre viktige egenskaper ved naturen for oss mennesker bare forsvinner, mens vi st\u00e5r og ser p\u00e5 uten \u00e5 foreta oss noe s\u00e6rlig.\n<\/p>\n<p>Samfunnsfaglig og medisinsk forskning kan fortelle oss mye om hva som st\u00e5r p\u00e5 spill. Det overordnete budskapet er at interaksjon med natur har betydelige og m\u00e5lbare kognitive, f\u00f8lelsesmessige og helsemessige positive effekter. <\/p>\n<p>Som sv\u00e6rt mange har erfart n\u00e5r man er i naturlige omgivelser, kan dette gi en opplevelse av velv\u00e6re, trivsel, glede mestring, ro, avslapning og andre former for gunstige f\u00f8lelser, for ikke \u00e5 snakke om bedre fysisk form. <\/p>\n<p>Medisinsk forskning viser for eksempel at fysisk aktivitet og opphold i naturen, i mange tilfeller kan gi mer effektive bidrag enn medisiner. <\/p>\n<p>De kan bidra til \u00e5 redusere de typiske livsstilssykdommene som diabetes, ulike kreftformer, hjerte-kar problemer, h\u00f8yt blodtrykk og flere andre lidelser. <\/p>\n<p><strong>Jeg stopper opp <\/strong>og leter etter en farbar vei rundt slagmarken foran, og det sl\u00e5r meg nok en gang hvor fort opplevelsen av et kjent omr\u00e5de kan endre seg fra glede til tristhet.<\/p>\n<p>Psykologisk forskning dokumenter at naturkontakt styrker f\u00f8lelsen av tilknytning til sted, mening, identitetsutvikling, \u00f8kt selvinnsikt og stressmestring \u2013 blant annet. N\u00e5r \u00f8kosorgen sl\u00e5r til s\u00e5 er det disse f\u00f8lelsene, minnene og opplevelsene som angripes. <\/p>\n<p><strong>Naturen som ikke lenger er der <\/strong>i sin tidligere form, blir et s\u00e5rt minne om noe kj\u00e6rt som har g\u00e5tt tapt, ofte p\u00e5 en uforst\u00e5elig og derfor ikke akseptabel m\u00e5te.<\/p>\n<p>Men vi kan g\u00e5 enda mer klinisk til verks. Grundige studier viser at natur kan ha en direkte rehabiliterende effekt under somatiske sykdomsforl\u00f8p, som etter operasjoner og kreftbehandling. <\/p>\n<p>Pasienter som har tilgang til natur, om det s\u00e5 bare er utsikten fra et vindu, blir fortere friskere ogs\u00e5 av alvorlige sykdommer, enn de som ikke har den muligheten. <\/p>\n<p>Naturkontakt har vist seg \u00e5 v\u00e6re en kraftfull faktor i styrkingen av mental helse og behandlingen av psykiske lidelser som depresjon.\n<\/p>\n<p><strong>Effektene er store <\/strong>ogs\u00e5 for den mer eller mindre friske delen av befolkningen, som jo tross alt teller de fleste av oss.\n<\/p>\n<p><img decoding=\"async\"   src=\"data:image\/gif;base64,R0lGODlhAQABAIAAAAAAAP\/\/\/yH5BAEAAAAALAAAAAABAAEAAAIBRAA7\" loading=\"eager\" alt=\"Naturtap\" title=\"Foto: Bj\u00f8rn P. Kaltenborn \/ Bj\u00f8rn P. Kaltenborn\"\/><\/p>\n<p class=\"\">Naturen bygges ned i h\u00f8yt tempo, det skjer stort sett over hele landet og tap av arealer og arter skjer i foruroligende tempo, skriver kronikkforfatteren.<\/p>\n<p>Foto: Bj\u00f8rn P. Kaltenborn \/ Bj\u00f8rn P. Kaltenborn<\/p>\n<p>For eksempel er det slik at selv korte turer i naturlige omgivelser, det vil si helt ned i tjue minutter av gangen, har m\u00e5lbare positive effekter p\u00e5 konsentrasjon, oppmerksomhet og arbeidsminne. Det vil si hjernens evne til \u00e5 holde p\u00e5 informasjon som kan brukes i bevisste tankeprosesser. <\/p>\n<p>Nok en gang tenker jeg at det jeg alltid har satt pris p\u00e5 ved nettopp denne stien er roen jeg f\u00f8ler hver gang jeg har stoppet opp litt og sett utover det langstrakte skoglandskapet. <\/p>\n<p><strong>Hva er det med denne utsikten <\/strong>som gj\u00f8r at naturen har denne forbl\u00f8ffende evnen til \u00e5 styrke v\u00e5r mentale kapasitet? En fascinerende del av svaret ligger i naturmilj\u00f8ets visuelle kompleksitet. <\/p>\n<p>Naturen fremst\u00e5r nesten alltid som variasjoner over ikke-line\u00e6re former, det vi si buede, sirkul\u00e6re, ikke -symmetriske former i komplekse m\u00f8nstre, i motsetning til menneskeskapte milj\u00f8er som preges av rette linjer og vinkler. <\/p>\n<p>Underlig nok, eller kanskje ikke s\u00e5 rart, gitt v\u00e5r evolusjon\u00e6re historie som mennesker, s\u00e5 tolker hjernen v\u00e5r denne ikke-line\u00e6re visuelle kompleksiteten som beroligende.\n<\/p>\n<p>Mer presist betyr det at naturinntrykk ikke p\u00e5kaller hjernens ufrivillige oppmerksomhet p\u00e5 samme m\u00e5te som menneskeskapte visuelle inntrykk. <\/p>\n<p>De best\u00e5r i st\u00f8rre grad av rette linjer og former \u2013 som alts\u00e5 i et utviklings perspektiv er \u2018unaturlig\u2019 og derfor mer krevende og forstyrrende for hjernen. Synsinntrykk fra natur virker beroligende og dermed restituerende p\u00e5 en stresset hjerne.<\/p>\n<p><strong>Natur kan v\u00e6re stille og gratis terapi <\/strong>for et oppjaget og stresset samfunn. Det virkelig alvorlige er at nedbygging av natur reduserer muligheter til \u00e5 styrke livskvalitet og mental og fysisk helse, p\u00e5 m\u00e5ter som ofte er mer effektive enn medisiner og helt uten negative bivirkninger. <\/p>\n<p>I m\u00f8te med nok et stykke rasert natur, s\u00e5 tenker jeg at det haster mer enn noensinne \u00e5 skj\u00f8nne hva vi mister. <\/p>\n<p>Og jeg m\u00e5 nok finne meg en ny sti til mine vandringer. <\/p>\n<p>Send oss din ytring<\/p>\n<p><strong>Lyst til \u00e5 skrive?<\/strong> Kontakt gjerne oss i NRK Ytring med ditt innlegg. Retningslinjene finner du <a href=\"https:\/\/www.nrk.no\/ytring\/send-oss-din-ytring-1.8271030\" ec-id=\"pp:article:1.8271030\" ec-name=\"her\" rel=\"nofollow noopener\" target=\"_blank\"><strong>her<\/strong><\/a>.<\/p>\n<p>Publisert<\/p>\n<p>27.12.2025, kl. 17.19<\/p>\n","protected":false},"excerpt":{"rendered":"Mange har opplevd det samme som jeg f\u00f8ler akkurat n\u00e5. Jeg f\u00f8lger en liten sti i h\u00f8ststille skog&hellip;\n","protected":false},"author":2,"featured_media":122920,"comment_status":"","ping_status":"","sticky":false,"template":"","format":"standard","meta":{"footnotes":""},"categories":[10],"tags":[20,21,24,25,15,22,23,13,30,28,29,14,16,26,27],"class_list":{"0":"post-122919","1":"post","2":"type-post","3":"status-publish","4":"format-standard","5":"has-post-thumbnail","7":"category-norge","8":"tag-breaking-news","9":"tag-breakingnews","10":"tag-featured-news","11":"tag-featurednews","12":"tag-headlines","13":"tag-latest-news","14":"tag-latestnews","15":"tag-news","16":"tag-no","17":"tag-norge","18":"tag-norway","19":"tag-nyheter","20":"tag-overskrifter","21":"tag-top-stories","22":"tag-topstories"},"share_on_mastodon":{"url":"https:\/\/pubeurope.com\/@no\/115792565052738777","error":""},"_links":{"self":[{"href":"https:\/\/www.europesays.com\/no\/wp-json\/wp\/v2\/posts\/122919","targetHints":{"allow":["GET"]}}],"collection":[{"href":"https:\/\/www.europesays.com\/no\/wp-json\/wp\/v2\/posts"}],"about":[{"href":"https:\/\/www.europesays.com\/no\/wp-json\/wp\/v2\/types\/post"}],"author":[{"embeddable":true,"href":"https:\/\/www.europesays.com\/no\/wp-json\/wp\/v2\/users\/2"}],"replies":[{"embeddable":true,"href":"https:\/\/www.europesays.com\/no\/wp-json\/wp\/v2\/comments?post=122919"}],"version-history":[{"count":0,"href":"https:\/\/www.europesays.com\/no\/wp-json\/wp\/v2\/posts\/122919\/revisions"}],"wp:featuredmedia":[{"embeddable":true,"href":"https:\/\/www.europesays.com\/no\/wp-json\/wp\/v2\/media\/122920"}],"wp:attachment":[{"href":"https:\/\/www.europesays.com\/no\/wp-json\/wp\/v2\/media?parent=122919"}],"wp:term":[{"taxonomy":"category","embeddable":true,"href":"https:\/\/www.europesays.com\/no\/wp-json\/wp\/v2\/categories?post=122919"},{"taxonomy":"post_tag","embeddable":true,"href":"https:\/\/www.europesays.com\/no\/wp-json\/wp\/v2\/tags?post=122919"}],"curies":[{"name":"wp","href":"https:\/\/api.w.org\/{rel}","templated":true}]}}