{"id":122921,"date":"2025-12-27T16:51:13","date_gmt":"2025-12-27T16:51:13","guid":{"rendered":"https:\/\/www.europesays.com\/no\/122921\/"},"modified":"2025-12-27T16:51:13","modified_gmt":"2025-12-27T16:51:13","slug":"rekordmange-kvinnelige-politimestere-pa-nyaret","status":"publish","type":"post","link":"https:\/\/www.europesays.com\/no\/122921\/","title":{"rendered":"Rekordmange kvinnelige politimestere p\u00e5 ny\u00e5ret"},"content":{"rendered":"<p data-testid=\"textWithMarkup-markup\" data-v-62d58f52=\"\"> \u2013 N\u00e5 er det s\u00e5nn at politimesterrollen egentlig ikke skal v\u00e6re kj\u00f8nnsavhengig verken for menn eller for kvinner. Men det har i mange \u00e5r v\u00e6rt mannsdominert, s\u00e5 det at pendelen har tippet, er jo hyggelig, sier Nordlands politimester Heidi Kl\u00f8kstad til <a href=\"https:\/\/www.politiforum.no\/rekordmange-kvinnelige-politimestere-hyggelig-at-pendelen-har-tippet\/285655\" rel=\"noopener nofollow\" target=\"_blank\">fagbladet<\/a>.<\/p>\n<p data-testid=\"textWithMarkup-text\" data-v-81d7dc2b=\"\" data-v-62d58f52=\"\">1. januar tar Kathrine Stein over etter Ole B. S\u00e6verud i S\u00f8r\u00f8st politidistrikt, mens Elin Anja Dr\u00f8nen erstatter Ingar B\u00f8en i M\u00f8re og Romsdal. Utnevnelsene gj\u00f8res av Politidirektoratet (POD) og Justisdepartementet. <\/p>\n<p data-testid=\"textWithMarkup-text\" data-v-81d7dc2b=\"\" data-v-62d58f52=\"\">\u2013 Jeg tenker det bare er fint at ni av tolv politimestere er kvinner. Likestillingsarbeidet har v\u00e6rt m\u00e5lrettet, og jeg liker \u00e5 tro at det har virket, sier politimester Hans Vik i S\u00f8rvest politidistrikt.<\/p>\n<p data-testid=\"textWithMarkup-text\" data-v-81d7dc2b=\"\" data-v-62d58f52=\"\">Kl\u00f8kstad og Dr\u00f8nen knytter utviklingen b\u00e5de til politiets likestillingsarbeid og den \u00f8vrige samfunnsutviklingen.<\/p>\n<p data-testid=\"textWithMarkup-text\" data-v-81d7dc2b=\"\" data-v-62d58f52=\"\">De \u00f8vrige distriktene ledes av Kjerstin Askholt (Agder), Ellen Katrine H\u00e6tta (Finnmark), Johan Brekke (Innlandet), Nils Kristian Moe (Tr\u00f8ndelag), Ida Melbo \u00d8ystese (Oslo), Astrid Elisabeth Nilsen (Troms), Ane Kvaal (Vest) og Cecilie Lilaas-Skari (\u00d8st).<\/p>\n","protected":false},"excerpt":{"rendered":"\u2013 N\u00e5 er det s\u00e5nn at politimesterrollen egentlig ikke skal v\u00e6re kj\u00f8nnsavhengig verken for menn eller for kvinner.&hellip;\n","protected":false},"author":2,"featured_media":122922,"comment_status":"","ping_status":"","sticky":false,"template":"","format":"standard","meta":{"footnotes":""},"categories":[5],"tags":[20,21,24,25,15,19,22,23,17,18,13,30,28,29,14,16,26,27],"class_list":{"0":"post-122921","1":"post","2":"type-post","3":"status-publish","4":"format-standard","5":"has-post-thumbnail","7":"category-overskrifter","8":"tag-breaking-news","9":"tag-breakingnews","10":"tag-featured-news","11":"tag-featurednews","12":"tag-headlines","13":"tag-hovedoppslag","14":"tag-latest-news","15":"tag-latestnews","16":"tag-main-news","17":"tag-mainnews","18":"tag-news","19":"tag-no","20":"tag-norge","21":"tag-norway","22":"tag-nyheter","23":"tag-overskrifter","24":"tag-top-stories","25":"tag-topstories"},"share_on_mastodon":{"url":"https:\/\/pubeurope.com\/@no\/115792568834147351","error":""},"_links":{"self":[{"href":"https:\/\/www.europesays.com\/no\/wp-json\/wp\/v2\/posts\/122921","targetHints":{"allow":["GET"]}}],"collection":[{"href":"https:\/\/www.europesays.com\/no\/wp-json\/wp\/v2\/posts"}],"about":[{"href":"https:\/\/www.europesays.com\/no\/wp-json\/wp\/v2\/types\/post"}],"author":[{"embeddable":true,"href":"https:\/\/www.europesays.com\/no\/wp-json\/wp\/v2\/users\/2"}],"replies":[{"embeddable":true,"href":"https:\/\/www.europesays.com\/no\/wp-json\/wp\/v2\/comments?post=122921"}],"version-history":[{"count":0,"href":"https:\/\/www.europesays.com\/no\/wp-json\/wp\/v2\/posts\/122921\/revisions"}],"wp:featuredmedia":[{"embeddable":true,"href":"https:\/\/www.europesays.com\/no\/wp-json\/wp\/v2\/media\/122922"}],"wp:attachment":[{"href":"https:\/\/www.europesays.com\/no\/wp-json\/wp\/v2\/media?parent=122921"}],"wp:term":[{"taxonomy":"category","embeddable":true,"href":"https:\/\/www.europesays.com\/no\/wp-json\/wp\/v2\/categories?post=122921"},{"taxonomy":"post_tag","embeddable":true,"href":"https:\/\/www.europesays.com\/no\/wp-json\/wp\/v2\/tags?post=122921"}],"curies":[{"name":"wp","href":"https:\/\/api.w.org\/{rel}","templated":true}]}}