{"id":122927,"date":"2025-12-27T16:57:07","date_gmt":"2025-12-27T16:57:07","guid":{"rendered":"https:\/\/www.europesays.com\/no\/122927\/"},"modified":"2025-12-27T16:57:07","modified_gmt":"2025-12-27T16:57:07","slug":"skistavene-var-rosa-skjorta-for-trang-fvn-no","status":"publish","type":"post","link":"https:\/\/www.europesays.com\/no\/122927\/","title":{"rendered":"(+) Skistavene var rosa, skjorta for trang &#8211; fvn.no"},"content":{"rendered":"<ol>\n<li><a href=\"https:\/\/news.google.com\/rss\/articles\/CBMickFVX3lxTFBMUVpqM3Nkckt1b0F1MDBneU5KTk1pUlNGSU1nUkhSaHV3ZE51YzV3YXdiVFB0QUhwOS1xWm9GMGo3S3VOa2huR0FCd1pOTVlmRWk1NnhQbFl4c1BDX0xRUXZicm1UNDJITmhWZWplTkZrUQ?oc=5\" target=\"_blank\" rel=\"nofollow noopener\">(+) Skistavene var rosa, skjorta for trang<\/a>&nbsp;&nbsp;fvn.no<\/li>\n<li><a href=\"https:\/\/news.google.com\/rss\/articles\/CBMioAFBVV95cUxPcGJPVXpwZjl4M1g0dmJwRjlYRVVEbzhJQURXSmV4ajl5UXRxSTduOF9IR1FzRmZCcHJXUXpHLXVzekdrV0kxdkU4dFhPajk4RkVaUTBtWDl5ZUYzUmphSXVXclgtdGRxMlQ5OXFTQ01hQkdtV1JwVEdhZFpHUE9KUGNZaTIya2UyZlhWc1JEeG1JXzVMMmRCNVlzSkxRblpq?oc=5\" target=\"_blank\" rel=\"nofollow noopener\">De har v\u00e6rt sammen i 20 \u00e5r. For f\u00f8rste gang m\u00e5 Janine Opheim bytte en gave.<\/a>&nbsp;&nbsp;Bergens Tidende<\/li>\n<li><a href=\"https:\/\/news.google.com\/rss\/articles\/CBMilAFBVV95cUxORUJwd3kwQkdPMHQ2a2ZwWXdKMkE2WXE2Q2VqWU1yZFBaYnRkM3lSRVhkT3I3S0lHaXBjdkJ5Qm9TMUdXWXFjSktMeEJkbWlSbUgyVEtGMmlDenFkN19zMHEzdFJjMFplaFVwcEk4cjNwRTM3QTZXUWZBdW5QZ2t3RkhJODlQdVNjbnBrS0hpUG1OY3Bf?oc=5\" target=\"_blank\" rel=\"nofollow noopener\">Bytte en julegave? \u2013 dette har du krav p\u00e5<\/a>&nbsp;&nbsp;NRK<\/li>\n<li><a href=\"https:\/\/news.google.com\/rss\/articles\/CBMickFVX3lxTE92MmhGWktzWFNoSHRUUng1Z05qQ3NVWC04ZkMwZE9qX3MtNjZLajh6V20wb0lBM2tZSWNqMkFtc0xTMWpkZXZsdzVsbDQzNHJpcFhDcHFjWnkxWWtqTWNwWExzZHlXTmNqaVgxUmI4TUlSUQ?oc=5\" target=\"_blank\" rel=\"nofollow noopener\">N\u00e6ringsliv, Handel | Har \u00f8kt bemanningen: \u2013 Venter det store trykket<\/a>&nbsp;&nbsp;Haugesunds Avis<\/li>\n<li><a href=\"https:\/\/news.google.com\/rss\/articles\/CBMiiwFBVV95cUxPZWFrLVQ2dXU4YnBCSVRSQnZMSTQtaUpNYXFpTmNENjJ3T2Z6Z3NMeUo1clEtXzhuc3JMMkc2c3AwdDJjWEo4VnNsbDFKWTl2dUpNanVpMzA4Tmo4d3ZuLWtYWFozNUp1UDN1RjBHY0pCSldQemhfa3B2MVFTaE1OTlVDM1FZakxHRzVR?oc=5\" target=\"_blank\" rel=\"nofollow noopener\">Den store byttedagen: \u2013 Det har g\u00e5tt i ett!<\/a>&nbsp;&nbsp;Stavanger Aftenblad<\/li>\n<\/ol>\n","protected":false},"excerpt":{"rendered":"(+) Skistavene var rosa, skjorta for trang&nbsp;&nbsp;fvn.no De har v\u00e6rt sammen i 20 \u00e5r. For f\u00f8rste gang m\u00e5&hellip;\n","protected":false},"author":2,"featured_media":122928,"comment_status":"","ping_status":"","sticky":false,"template":"","format":"standard","meta":{"footnotes":""},"categories":[10],"tags":[20,21,24,25,15,331,22,23,13,30,28,29,14,16,14562,26,27],"class_list":{"0":"post-122927","1":"post","2":"type-post","3":"status-publish","4":"format-standard","5":"has-post-thumbnail","7":"category-norge","8":"tag-breaking-news","9":"tag-breakingnews","10":"tag-featured-news","11":"tag-featurednews","12":"tag-headlines","13":"tag-kristiansand","14":"tag-latest-news","15":"tag-latestnews","16":"tag-news","17":"tag-no","18":"tag-norge","19":"tag-norway","20":"tag-nyheter","21":"tag-overskrifter","22":"tag-sorlandssenteret","23":"tag-top-stories","24":"tag-topstories"},"share_on_mastodon":{"url":"https:\/\/pubeurope.com\/@no\/115792593028778829","error":""},"_links":{"self":[{"href":"https:\/\/www.europesays.com\/no\/wp-json\/wp\/v2\/posts\/122927","targetHints":{"allow":["GET"]}}],"collection":[{"href":"https:\/\/www.europesays.com\/no\/wp-json\/wp\/v2\/posts"}],"about":[{"href":"https:\/\/www.europesays.com\/no\/wp-json\/wp\/v2\/types\/post"}],"author":[{"embeddable":true,"href":"https:\/\/www.europesays.com\/no\/wp-json\/wp\/v2\/users\/2"}],"replies":[{"embeddable":true,"href":"https:\/\/www.europesays.com\/no\/wp-json\/wp\/v2\/comments?post=122927"}],"version-history":[{"count":0,"href":"https:\/\/www.europesays.com\/no\/wp-json\/wp\/v2\/posts\/122927\/revisions"}],"wp:featuredmedia":[{"embeddable":true,"href":"https:\/\/www.europesays.com\/no\/wp-json\/wp\/v2\/media\/122928"}],"wp:attachment":[{"href":"https:\/\/www.europesays.com\/no\/wp-json\/wp\/v2\/media?parent=122927"}],"wp:term":[{"taxonomy":"category","embeddable":true,"href":"https:\/\/www.europesays.com\/no\/wp-json\/wp\/v2\/categories?post=122927"},{"taxonomy":"post_tag","embeddable":true,"href":"https:\/\/www.europesays.com\/no\/wp-json\/wp\/v2\/tags?post=122927"}],"curies":[{"name":"wp","href":"https:\/\/api.w.org\/{rel}","templated":true}]}}