{"id":122929,"date":"2025-12-27T16:58:09","date_gmt":"2025-12-27T16:58:09","guid":{"rendered":"https:\/\/www.europesays.com\/no\/122929\/"},"modified":"2025-12-27T16:58:09","modified_gmt":"2025-12-27T16:58:09","slug":"nyhet-paraidrett-landslagskaptein-steinar-veda-er-dod-rullestolhandballen-har-mistet-en-av-sine-mest-markante-personligheter","status":"publish","type":"post","link":"https:\/\/www.europesays.com\/no\/122929\/","title":{"rendered":"Nyhet, Paraidrett | Landslagskaptein Steinar Ved\u00e5 er d\u00f8d: \u2013 Rullestolh\u00e5ndballen har mistet en av sine mest markante personligheter"},"content":{"rendered":"\n<p>Paraidrettsskikkelsen Steinar Ved\u00e5 sovnet inn lille julaften, etter kort tids sykeleie. Det opplyser h\u00e5ndballpresident Randi Gustad p\u00e5 vegne av Norges H\u00e5ndballforbund i et minneord p\u00e5 deres nettsider l\u00f8rdag ettermiddag.<\/p>\n<p>Gustad opplyser at sykdommen gjorde at Ved\u00e5 f\u00f8rst m\u00e5tte melde forfall til landslagssamlingen i august, f\u00f8r den ogs\u00e5 kom i veien for Steinars deltakelse i EM i Litauen i november.<\/p>\n<p>\u00abMed Steinar Ved\u00e5s bortgang har norsk rullestolh\u00e5ndball mistet en av sine mest markante personligheter\u00bb, heter det i minneordet, hvor forbundet minnes at Ved\u00e5 var \u00aben naturlig kaptein for klubblaget Mathopen IL s\u00e5 vel som for rullestollandslaget\u00bb og at han var uvurderlig p\u00e5 og utenfor banen.<\/p>\n<p>\u00abHan vil bli husket som en grunnstein for utviklingen av rullestolh\u00e5ndball her til lands\u00bb, skriver h\u00e5ndballforbundet.<\/p>\n<p>Skadet ryggen etter fall<\/p>\n<p>I et intervju med BA i 2021 <a href=\"https:\/\/www.ba.no\/steinar-sokte-jobber-i-seks-syv-ar-uten-a-fa-napp\/s\/5-8-1653628\" rel=\"Follow nofollow noopener\" target=\"_blank\">fortalte Ved\u00e5 om hvordan han i 2002 falt fra et stillas mens han var l\u00e6rling<\/a>, fikk ryggmargsskade- Ulykken f\u00f8rte til at han m\u00e5tte tilbringe et halvt \u00e5r p\u00e5 Haukeland sykehus, at han m\u00e5tte bruke rullestol og at livet hans br\u00e5tt ble forandret.<\/p>\n<p><b>\u2013 Jeg skj\u00f8nte at dette kom til \u00e5 bli annerledes, men verden stopper ikke opp, den g\u00e5r videre, sa Ved\u00e5 om livet etter skaden.<\/b><\/p>\n<p>  <a href=\"https:\/\/www.ba.no\/5-8-1653628\" class=\"related-teaser has-image default-story-teaser article--c-eRUmMG article--c-eRUmMG-jKCPdD-design-default\" rel=\"nofollow noopener\" target=\"_blank\"><\/p>\n<p>    <img decoding=\"async\" loading=\"lazy\"  src=\"https:\/\/www.europesays.com\/no\/wp-content\/uploads\/2025\/12\/BA78739.jpg\" alt=\"\" class=\"brick-c-cFOWSL\" style=\"\"\/><\/p>\n<p>\n            Les ogs\u00e5<\/p>\n<p>              Steinar s\u00f8kte jobber i seks-syv \u00e5r uten \u00e5 f\u00e5 napp\n        <\/p>\n<p>  <\/a><\/p>\n<p>Ved\u00e5 omskolerte seg til dataelektroniker med fagbrev, og fikk senere jobb i Itslearning etter \u00e5 ha s\u00f8kt p\u00e5 hundrevis av jobber over seks\u2013syv \u00e5r, fortalte han.<\/p>\n<p>Ledet Norge til VM-bronse<\/p>\n<p>I idretten opplevde Ved\u00e5 som landslagskaptein guttedr\u00f8mmen i 2022, skriver Norges H\u00e5ndballforbund i minneordet. Da ledet han rullestollandslaget i lagets f\u00f8rste mesterskap, og tok bronse under VM\/EM i Portugal.<\/p>\n<p>\u00abI etterkant av mesterskapet la ikke Steinar skjul p\u00e5 hvor sterkt det var for ham \u00e5 h\u00f8re nasjonalsangen mens han satt kampklar med flagget p\u00e5 brystet\u00bb, heter det i nekrologen, som takker Ved\u00e5 for innsatsen han gjorde for andre:<\/p>\n<p>\u00abB\u00e5de i klubb- og landslagsmilj\u00f8et, s\u00e5 vel som i H\u00e5ndball-Norge generelt, er vi i dag sv\u00e6rt mange som i \u00e6rb\u00f8dighet og takknemlighet minnes Steinars unike evne til \u00e5 hjelpe og l\u00f8fte alle andre rundt seg. Til \u00e5 ta seg tid til hver enkelt av sine lagkamerater og -venninner. Til \u00e5 motivere alle til \u00e5 yte sitt beste mot et felles m\u00e5l. Vi lyser fred over Steinar Ved\u00e5s minne\u00bb, skriver Gustad, som uttaler at han i idrettsmilj\u00f8et vil bli husket i all tid:<\/p>\n<p>\u00abAvtrykkene han har satt i norsk rullestolh\u00e5ndball gj\u00f8r imidlertid at Steinars arv aldri vil bli glemt\u00bb.<\/p>\n","protected":false},"excerpt":{"rendered":"Paraidrettsskikkelsen Steinar Ved\u00e5 sovnet inn lille julaften, etter kort tids sykeleie. Det opplyser h\u00e5ndballpresident Randi Gustad p\u00e5 vegne&hellip;\n","protected":false},"author":2,"featured_media":122930,"comment_status":"","ping_status":"","sticky":false,"template":"","format":"standard","meta":{"footnotes":""},"categories":[5],"tags":[36,20,21,576,24,25,15,19,2211,22,23,17,18,13,30,28,29,447,14,16,14563,83,1510,26,27],"class_list":{"0":"post-122929","1":"post","2":"type-post","3":"status-publish","4":"format-standard","5":"has-post-thumbnail","7":"category-overskrifter","8":"tag-art","9":"tag-breaking-news","10":"tag-breakingnews","11":"tag-dodsfall","12":"tag-featured-news","13":"tag-featurednews","14":"tag-headlines","15":"tag-hovedoppslag","16":"tag-idrett","17":"tag-latest-news","18":"tag-latestnews","19":"tag-main-news","20":"tag-mainnews","21":"tag-news","22":"tag-no","23":"tag-norge","24":"tag-norway","25":"tag-nyhet","26":"tag-nyheter","27":"tag-overskrifter","28":"tag-paraidrett","29":"tag-sport","30":"tag-story","31":"tag-top-stories","32":"tag-topstories"},"share_on_mastodon":{"url":"https:\/\/pubeurope.com\/@no\/115792596708112985","error":""},"_links":{"self":[{"href":"https:\/\/www.europesays.com\/no\/wp-json\/wp\/v2\/posts\/122929","targetHints":{"allow":["GET"]}}],"collection":[{"href":"https:\/\/www.europesays.com\/no\/wp-json\/wp\/v2\/posts"}],"about":[{"href":"https:\/\/www.europesays.com\/no\/wp-json\/wp\/v2\/types\/post"}],"author":[{"embeddable":true,"href":"https:\/\/www.europesays.com\/no\/wp-json\/wp\/v2\/users\/2"}],"replies":[{"embeddable":true,"href":"https:\/\/www.europesays.com\/no\/wp-json\/wp\/v2\/comments?post=122929"}],"version-history":[{"count":0,"href":"https:\/\/www.europesays.com\/no\/wp-json\/wp\/v2\/posts\/122929\/revisions"}],"wp:featuredmedia":[{"embeddable":true,"href":"https:\/\/www.europesays.com\/no\/wp-json\/wp\/v2\/media\/122930"}],"wp:attachment":[{"href":"https:\/\/www.europesays.com\/no\/wp-json\/wp\/v2\/media?parent=122929"}],"wp:term":[{"taxonomy":"category","embeddable":true,"href":"https:\/\/www.europesays.com\/no\/wp-json\/wp\/v2\/categories?post=122929"},{"taxonomy":"post_tag","embeddable":true,"href":"https:\/\/www.europesays.com\/no\/wp-json\/wp\/v2\/tags?post=122929"}],"curies":[{"name":"wp","href":"https:\/\/api.w.org\/{rel}","templated":true}]}}