{"id":122931,"date":"2025-12-27T17:05:00","date_gmt":"2025-12-27T17:05:00","guid":{"rendered":"https:\/\/www.europesays.com\/no\/122931\/"},"modified":"2025-12-27T17:05:00","modified_gmt":"2025-12-27T17:05:00","slug":"beordrer-okning-avgjorende","status":"publish","type":"post","link":"https:\/\/www.europesays.com\/no\/122931\/","title":{"rendered":"Beordrer \u00f8kning: &#8211; Avgj\u00f8rende"},"content":{"rendered":"<p class=\"kicker \" style=\"\">Nord-Korea<\/p>\n<p>  Nord-Koreas leder Kim Jong-un har gitt ordre om \u00e5 utvide og modernisere landets rakettproduksjon neste \u00e5r, melder statlige medier.<\/p>\n<p>\n    Et udatert bilde av Kim Jong-un p\u00e5 bes\u00f8k ved en rakett- og ammunisjonsfabrikk. Fredag kunngjorde den nordkoreanske lederen at han har beordret \u00f8kt produksjon av raketter neste \u00e5r. Foto: Korean Central News Agency \/ Korea News Service \/ AP \/ NTB\n  <\/p>\n<p>Ett av tiltakene Kim kunngjorde da han bes\u00f8kte en v\u00e5penfabrikk fredag er bygging av nye fabrikker for \u00e5 m\u00f8te \u00f8kende ettersp\u00f8rselen og \u00abde statlige rakett- og artilleristyrkenes forest\u00e5ende behov\u00bb.<\/p>\n<p>\u2013 Rakett- og ammunisjonsindustrien er avgj\u00f8rende for \u00e5 styrke avskrekkingen, sa den totalit\u00e6re lederen, if\u00f8lge det statlige nyhetsbyr\u00e5et KCNA.<\/p>\n<p>De siste \u00e5rene har Nord-Korea trappet opp testingen av raketter kraftig. Analytikere sier m\u00e5let med dette er \u00e5 \u00f8ke kapasiteten til \u00e5 gjennomf\u00f8re presisjonsangrep, utfordre USA og S\u00f8r-Korea samt \u00e5 teste v\u00e5pen f\u00f8r mulig eksport til Russland.<\/p>\n<p>Uttalelsen kommer dagen etter at Kim bes\u00f8kte et ub\u00e5tverft sammen med datteren og overvar testing av en ny type h\u00f8yt- og langtrekkende luftvernrakett.<\/p>\n","protected":false},"excerpt":{"rendered":"Nord-Korea Nord-Koreas leder Kim Jong-un har gitt ordre om \u00e5 utvide og modernisere landets rakettproduksjon neste \u00e5r, melder&hellip;\n","protected":false},"author":2,"featured_media":122932,"comment_status":"","ping_status":"","sticky":false,"template":"","format":"standard","meta":{"footnotes":""},"categories":[12],"tags":[20,21,24,25,15,22,23,13,30,28,29,14,16,26,27,42,43,44,45],"class_list":{"0":"post-122931","1":"post","2":"type-post","3":"status-publish","4":"format-standard","5":"has-post-thumbnail","7":"category-verden","8":"tag-breaking-news","9":"tag-breakingnews","10":"tag-featured-news","11":"tag-featurednews","12":"tag-headlines","13":"tag-latest-news","14":"tag-latestnews","15":"tag-news","16":"tag-no","17":"tag-norge","18":"tag-norway","19":"tag-nyheter","20":"tag-overskrifter","21":"tag-top-stories","22":"tag-topstories","23":"tag-verden","24":"tag-world","25":"tag-world-news","26":"tag-worldnews"},"share_on_mastodon":{"url":"https:\/\/pubeurope.com\/@no\/115792624034057745","error":""},"_links":{"self":[{"href":"https:\/\/www.europesays.com\/no\/wp-json\/wp\/v2\/posts\/122931","targetHints":{"allow":["GET"]}}],"collection":[{"href":"https:\/\/www.europesays.com\/no\/wp-json\/wp\/v2\/posts"}],"about":[{"href":"https:\/\/www.europesays.com\/no\/wp-json\/wp\/v2\/types\/post"}],"author":[{"embeddable":true,"href":"https:\/\/www.europesays.com\/no\/wp-json\/wp\/v2\/users\/2"}],"replies":[{"embeddable":true,"href":"https:\/\/www.europesays.com\/no\/wp-json\/wp\/v2\/comments?post=122931"}],"version-history":[{"count":0,"href":"https:\/\/www.europesays.com\/no\/wp-json\/wp\/v2\/posts\/122931\/revisions"}],"wp:featuredmedia":[{"embeddable":true,"href":"https:\/\/www.europesays.com\/no\/wp-json\/wp\/v2\/media\/122932"}],"wp:attachment":[{"href":"https:\/\/www.europesays.com\/no\/wp-json\/wp\/v2\/media?parent=122931"}],"wp:term":[{"taxonomy":"category","embeddable":true,"href":"https:\/\/www.europesays.com\/no\/wp-json\/wp\/v2\/categories?post=122931"},{"taxonomy":"post_tag","embeddable":true,"href":"https:\/\/www.europesays.com\/no\/wp-json\/wp\/v2\/tags?post=122931"}],"curies":[{"name":"wp","href":"https:\/\/api.w.org\/{rel}","templated":true}]}}