{"id":122936,"date":"2025-12-27T17:12:09","date_gmt":"2025-12-27T17:12:09","guid":{"rendered":"https:\/\/www.europesays.com\/no\/122936\/"},"modified":"2025-12-27T17:12:09","modified_gmt":"2025-12-27T17:12:09","slug":"er-harald-peter-stette-forfort","status":"publish","type":"post","link":"https:\/\/www.europesays.com\/no\/122936\/","title":{"rendered":"Er Harald Peter Stette forf\u00f8rt?"},"content":{"rendered":"<p class=\"kicker font-weight-bold m-font-weight-bold\" style=\"\">| Debatt<\/p>\n<p>\n        LANDL\u00d8FTE: Harald Peter Stette, som bruker Bibelen til forsvar for sine synspunkter, burde vite at Bibelen over 270 ganger p\u00e5 ulike vis sier at Gud har gitt j\u00f8dene dette landet, skriver innsenderen.<br \/>\n        Privat\n    <\/p>\n<p>Harald Peter Stette har l\u00f8rdag 20. desember et <a href=\"https:\/\/www.dagen.no\/meninger\/er-israels-venner-forforte\/1517110\" rel=\"nofollow noopener\" target=\"_blank\">innlegg i Dagen <\/a>der han lurer p\u00e5 om Israels venner er forf\u00f8rte.\u00a0<\/p>\n<p>Allerede i f\u00f8rste avsnitt roter han. Hvordan? F\u00f8rst nevner han kristnes \u00abst\u00f8tte\u00bb til Israel, og i neste omgang sier han \u00abukritisk st\u00f8tte\u00bb. St\u00f8tte er ikke ensbetydende med ukritisk st\u00f8tte. Det er enkel logikk.\u00a0<\/p>\n<p>Videre i innlegget anklager han oss kristne at vi gj\u00f8r forskjell p\u00e5 folk, fordi vi godtar at j\u00f8dene er et folk, men nekter palestinerne det samme. Her trengs voksenoppl\u00e6ring. De som i nyere tid kaller seg palestinere er ikke et eget folk, de er arabere. Det sier arabiske ledere selv. Et eksempel er hva Zahir Muhsein, en av lederne i PLO, sa i 1977 til den nederlandske avisen TROUW (sitat):\u00a0Det palestinske folket eksisterer ikke. Opprettelsen av en palestinsk stat er bare et middel for \u00e5 fortsette kampen mot staten Israel\u2026.I dag er det i realiteten ingen forskjell mellom jordanere, palestinere, syrere og libanesere. Bare av politiske og taktiske grunner snakker vi i dag om eksistensen av et palestinsk folk,\u2026(sitat slutt).\u00a0<\/p>\n","protected":false},"excerpt":{"rendered":"| Debatt LANDL\u00d8FTE: Harald Peter Stette, som bruker Bibelen til forsvar for sine synspunkter, burde vite at Bibelen&hellip;\n","protected":false},"author":2,"featured_media":122937,"comment_status":"","ping_status":"","sticky":false,"template":"","format":"standard","meta":{"footnotes":""},"categories":[12],"tags":[20,21,24,25,15,22,23,13,30,28,29,14,16,26,27,42,43,44,45],"class_list":{"0":"post-122936","1":"post","2":"type-post","3":"status-publish","4":"format-standard","5":"has-post-thumbnail","7":"category-verden","8":"tag-breaking-news","9":"tag-breakingnews","10":"tag-featured-news","11":"tag-featurednews","12":"tag-headlines","13":"tag-latest-news","14":"tag-latestnews","15":"tag-news","16":"tag-no","17":"tag-norge","18":"tag-norway","19":"tag-nyheter","20":"tag-overskrifter","21":"tag-top-stories","22":"tag-topstories","23":"tag-verden","24":"tag-world","25":"tag-world-news","26":"tag-worldnews"},"share_on_mastodon":{"url":"https:\/\/pubeurope.com\/@no\/115792651507693985","error":""},"_links":{"self":[{"href":"https:\/\/www.europesays.com\/no\/wp-json\/wp\/v2\/posts\/122936","targetHints":{"allow":["GET"]}}],"collection":[{"href":"https:\/\/www.europesays.com\/no\/wp-json\/wp\/v2\/posts"}],"about":[{"href":"https:\/\/www.europesays.com\/no\/wp-json\/wp\/v2\/types\/post"}],"author":[{"embeddable":true,"href":"https:\/\/www.europesays.com\/no\/wp-json\/wp\/v2\/users\/2"}],"replies":[{"embeddable":true,"href":"https:\/\/www.europesays.com\/no\/wp-json\/wp\/v2\/comments?post=122936"}],"version-history":[{"count":0,"href":"https:\/\/www.europesays.com\/no\/wp-json\/wp\/v2\/posts\/122936\/revisions"}],"wp:featuredmedia":[{"embeddable":true,"href":"https:\/\/www.europesays.com\/no\/wp-json\/wp\/v2\/media\/122937"}],"wp:attachment":[{"href":"https:\/\/www.europesays.com\/no\/wp-json\/wp\/v2\/media?parent=122936"}],"wp:term":[{"taxonomy":"category","embeddable":true,"href":"https:\/\/www.europesays.com\/no\/wp-json\/wp\/v2\/categories?post=122936"},{"taxonomy":"post_tag","embeddable":true,"href":"https:\/\/www.europesays.com\/no\/wp-json\/wp\/v2\/tags?post=122936"}],"curies":[{"name":"wp","href":"https:\/\/api.w.org\/{rel}","templated":true}]}}