{"id":122938,"date":"2025-12-27T17:13:11","date_gmt":"2025-12-27T17:13:11","guid":{"rendered":"https:\/\/www.europesays.com\/no\/122938\/"},"modified":"2025-12-27T17:13:11","modified_gmt":"2025-12-27T17:13:11","slug":"tettet-igjen-en-vask-og-satt-pa-vannet-stor-oslo","status":"publish","type":"post","link":"https:\/\/www.europesays.com\/no\/122938\/","title":{"rendered":"\u2013 Tettet igjen en vask og satt p\u00e5 vannet \u2013 Stor-Oslo"},"content":{"rendered":"<p>\u2013 Vi er overrasket over at noen valgte \u00e5 angripe akkurat bibliotekene v\u00e5re, sier biblioteksjef i B\u00e6rum kommune Trine O. Sch\u00f8ning.<\/p>\n<p>Bibliotekene p\u00e5 Fornebu, Bekkestua, Eiksmarka, og Sandvika i B\u00e6rum har alle blitt rammet av h\u00e6rverk de siste dagene.<\/p>\n<p>P\u00e5 bibliotekene har det v\u00e6rt knuste ruter, oversv\u00f8mmelser fra tette vasker, h\u00e6rverk p\u00e5 m\u00f8blene og ting har blitt tatt, forteller Sch\u00f8ning.<\/p>\n<p>\u2013 Noen har tatt seg inn i lokalene, tettet igjen en vask og satt p\u00e5 vannet, melder operasjonsleder Vidar Pedersen i politiet.<\/p>\n<p>    <img decoding=\"async\" class=\"dh-video-videoLoop__fallbackImage\" src=\"https:\/\/www.europesays.com\/no\/wp-content\/uploads\/2025\/12\/5027dbb8-606b-43fc-a7db-b8606b13fc28_360.jpg\" alt=\"\"\/><video preload=\"none\" muted=\"\" poster=\"https:\/\/www.europesays.com\/no\/wp-content\/uploads\/2025\/12\/5027dbb8-606b-43fc-a7db-b8606b13fc28_360.jpg\" style=\"--poster:url(https:\/\/www.europesays.com\/no\/wp-content\/uploads\/2025\/12\/5027dbb8-606b-43fc-a7db-b8606b13fc28_360.jpg);\"><\/video><img decoding=\"async\" class=\"dh-video-videoLoop__fallbackImage\" src=\"https:\/\/www.europesays.com\/no\/wp-content\/uploads\/2025\/12\/5027dbb8-606b-43fc-a7db-b8606b13fc28_720.jpg\" alt=\"\"\/><video preload=\"none\" muted=\"\" poster=\"https:\/\/www.europesays.com\/no\/wp-content\/uploads\/2025\/12\/5027dbb8-606b-43fc-a7db-b8606b13fc28_720.jpg\" style=\"--poster:url(https:\/\/www.europesays.com\/no\/wp-content\/uploads\/2025\/12\/5027dbb8-606b-43fc-a7db-b8606b13fc28_720.jpg);\"><\/video><img decoding=\"async\" class=\"dh-video-videoLoop__fallbackImage\" src=\"https:\/\/www.europesays.com\/no\/wp-content\/uploads\/2025\/12\/5027dbb8-606b-43fc-a7db-b8606b13fc28_1080.jpg\" alt=\"\"\/><video preload=\"none\" muted=\"\" poster=\"https:\/\/www.europesays.com\/no\/wp-content\/uploads\/2025\/12\/5027dbb8-606b-43fc-a7db-b8606b13fc28_1080.jpg\" style=\"--poster:url(https:\/\/www.europesays.com\/no\/wp-content\/uploads\/2025\/12\/5027dbb8-606b-43fc-a7db-b8606b13fc28_1080.jpg);\"><\/video><\/p>\n<p>P\u00e5 biblioteket p\u00e5 Bekkestua er ruta blitt knust med en stein.<\/p>\n<p>Torbj\u00f8rn Brovold<\/p>\n<p>Skal ha sneket seg inn<\/p>\n<p>N\u00e5 skal biblioteket gjennomg\u00e5 overv\u00e5kingskameraene som er utstyrt p\u00e5 de ulike bibliotekene.<\/p>\n<p>\u2013 Vi vil g\u00e5 gjennom alt dette materialet. I tillegg har vi ogs\u00e5 vektertjeneste ved alle bibliotekene i B\u00e6rum, s\u00e5 vi vil ogs\u00e5 g\u00e5 gjennom rapportene fra vekterne.<\/p>\n<p><img decoding=\"async\"   src=\"data:image\/gif;base64,R0lGODlhAQABAIAAAAAAAP\/\/\/yH5BAEAAAAALAAAAAABAAEAAAIBRAA7\" loading=\"eager\" alt=\"Bildet viser inngangen til en bygning med et synlig defekt glassvindu. P\u00e5 en s\u00f8yle st\u00e5r en hjertestarter godt synlig, mens det henger et skilt om videokontroll ved inngangen. R\u00f8d og hvit avsperringstape er brukt for \u00e5 markere et omr\u00e5de, der det er p\u00e5f\u00f8rt et skilt som advarer om at glasset ikke skal ber\u00f8res. Ingen personer er synlige i bildet. (Bildebeskrivelsen er laget av en KI-tjeneste)\" title=\"Foto: B\u00e6rum kommune\"\/><\/p>\n<p>Foto: B\u00e6rum kommune<\/p>\n<p>De vet ikke hvem som st\u00e5r bak, eller om det er noe sammenheng mellom innbruddene.<\/p>\n<p>Siden lille julaften har det v\u00e6rt \u00abmer\u00e5pent\u00bb p\u00e5 bibliotekene, alts\u00e5 at det ikke har v\u00e6rt ansatte til stede, men at brukerne kan l\u00e5se seg inn selv etter \u00e5 ha registrert egen bruker.<\/p>\n<p>Bibliotekssjefen sier at de mistenker at personene har sneket seg inn bak noen som har benyttet seg av bibliotekene.<\/p>\n<p>\u00abMer\u00e5pent\u00bb er n\u00e5 stengt ved alle de fire bibliotekene denne helgen.<\/p>\n<p><img decoding=\"async\"   src=\"data:image\/gif;base64,R0lGODlhAQABAIAAAAAAAP\/\/\/yH5BAEAAAAALAAAAAABAAEAAAIBRAA7\" loading=\"eager\" alt=\"Bildet viser en person med blondt, kr\u00f8llete h\u00e5r if\u00f8rt en svart jakke og et fargerikt skjerf. Personen st\u00e5r i en utend\u00f8rs setting med bygninger i bakgrunnen, opplyst av lavvinklet sollys. Det er svake skygger i bakgrunnen, som gir bildet en dramatisk effekt. Omgivelsene bidrar til en informell atmosf\u00e6re. (Bildebeskrivelsen er laget av en KI-tjeneste)\" title=\"Foto: Torbj\u00f8rn Brovold \/ NRK\"\/><\/p>\n<p class=\"\">Trine O. Sch\u00f8ning er sjef over bibliotekene i B\u00e6rum.<\/p>\n<p>Foto: Torbj\u00f8rn Brovold \/ NRK<\/p>\n<p>\u2013 Bevisst \u00f8deleggelse<\/p>\n<p>\u2013 Bibliotekene er en felles m\u00f8teplass som betyr veldig mye for mange. Hit kommer alle, i alle aldre og i alle samfunnslag.<\/p>\n<p>Sch\u00f8ning synes det er trist at noen bevisst \u00f8delegger utstyret p\u00e5 bibliotekene.<\/p>\n<p>\u2013 Dette er jo bevisst \u00f8deleggelse av utstyr som er til for fellesskapet.<\/p>\n<p>Hun forteller at de kommer til \u00e5 levere en anmeldelse til politiet n\u00e5r de har oversikt over situasjonen.<\/p>\n<p>Publisert<\/p>\n<p>27.12.2025, kl. 17.39<\/p>\n","protected":false},"excerpt":{"rendered":"\u2013 Vi er overrasket over at noen valgte \u00e5 angripe akkurat bibliotekene v\u00e5re, sier biblioteksjef i B\u00e6rum kommune&hellip;\n","protected":false},"author":2,"featured_media":122939,"comment_status":"","ping_status":"","sticky":false,"template":"","format":"standard","meta":{"footnotes":""},"categories":[10],"tags":[20,21,24,25,15,22,23,13,30,28,29,14,16,26,27],"class_list":{"0":"post-122938","1":"post","2":"type-post","3":"status-publish","4":"format-standard","5":"has-post-thumbnail","7":"category-norge","8":"tag-breaking-news","9":"tag-breakingnews","10":"tag-featured-news","11":"tag-featurednews","12":"tag-headlines","13":"tag-latest-news","14":"tag-latestnews","15":"tag-news","16":"tag-no","17":"tag-norge","18":"tag-norway","19":"tag-nyheter","20":"tag-overskrifter","21":"tag-top-stories","22":"tag-topstories"},"share_on_mastodon":{"url":"https:\/\/pubeurope.com\/@no\/115792655866680359","error":""},"_links":{"self":[{"href":"https:\/\/www.europesays.com\/no\/wp-json\/wp\/v2\/posts\/122938","targetHints":{"allow":["GET"]}}],"collection":[{"href":"https:\/\/www.europesays.com\/no\/wp-json\/wp\/v2\/posts"}],"about":[{"href":"https:\/\/www.europesays.com\/no\/wp-json\/wp\/v2\/types\/post"}],"author":[{"embeddable":true,"href":"https:\/\/www.europesays.com\/no\/wp-json\/wp\/v2\/users\/2"}],"replies":[{"embeddable":true,"href":"https:\/\/www.europesays.com\/no\/wp-json\/wp\/v2\/comments?post=122938"}],"version-history":[{"count":0,"href":"https:\/\/www.europesays.com\/no\/wp-json\/wp\/v2\/posts\/122938\/revisions"}],"wp:featuredmedia":[{"embeddable":true,"href":"https:\/\/www.europesays.com\/no\/wp-json\/wp\/v2\/media\/122939"}],"wp:attachment":[{"href":"https:\/\/www.europesays.com\/no\/wp-json\/wp\/v2\/media?parent=122938"}],"wp:term":[{"taxonomy":"category","embeddable":true,"href":"https:\/\/www.europesays.com\/no\/wp-json\/wp\/v2\/categories?post=122938"},{"taxonomy":"post_tag","embeddable":true,"href":"https:\/\/www.europesays.com\/no\/wp-json\/wp\/v2\/tags?post=122938"}],"curies":[{"name":"wp","href":"https:\/\/api.w.org\/{rel}","templated":true}]}}