{"id":122942,"date":"2025-12-27T17:15:08","date_gmt":"2025-12-27T17:15:08","guid":{"rendered":"https:\/\/www.europesays.com\/no\/122942\/"},"modified":"2025-12-27T17:15:08","modified_gmt":"2025-12-27T17:15:08","slug":"na-bronsemedaljen-avgjores-med-hockeystraffer-agderposten-no","status":"publish","type":"post","link":"https:\/\/www.europesays.com\/no\/122942\/","title":{"rendered":"N\u00c5: Bronsemedaljen avgj\u00f8res med hockeystraffer! &#8211; agderposten.no"},"content":{"rendered":"<ol>\n<li><a href=\"https:\/\/news.google.com\/rss\/articles\/CBMif0FVX3lxTE4tZFJBYXpOck9zRUl1cUp2M3U0Tng0WlFiRGx5ejM2azFWUUhmYnhwSGVmb3o4bXZvNWo4cW9YeE52WGwzRTJCVUptcU9zZ2ZpM0gwY3g3SkRZa192RVk1U1dqeUlvUnQ1VmQ2V3ZJa2hHNW9RZEgzeVI4TFNDQzA?oc=5\" target=\"_blank\" rel=\"nofollow noopener\">N\u00c5: Bronsemedaljen avgj\u00f8res med hockeystraffer!<\/a>&nbsp;&nbsp;agderposten.no<\/li>\n<li><a href=\"https:\/\/news.google.com\/rss\/articles\/CBMitAFBVV95cUxQa2l2OGg0QWZROWUxR0EyS1dkVFg1VnU0SFBqQWlUREREYUt3UTVsemkxQld4UDBvcXlYS0EwN1ZmbmVIbHk4N1ZUSW1aLUVSWUs4RENZSm8zOW43R2VRc2dvY2lkSG5peEFXcGthaEJvN1Vha0tGTHJzWnVUejRQWWNOaWRZT1NpN1pCN2R1Tms3X1ByQ2xESklzWWFuVk5CUERCY3J6dlJsVkh2VjZ4TXMtWW8?oc=5\" target=\"_blank\" rel=\"nofollow noopener\">Sport, N\u00e6r\u00f8ysund arena | NIL-spiller Niklas spilte for KIL p\u00e5 Ribbecup: \u2013 Det f\u00f8les litt kriminelt<\/a>&nbsp;&nbsp;Namdalsavisa<\/li>\n<li><a href=\"https:\/\/news.google.com\/rss\/articles\/CBMiakFVX3lxTE9KV2IwWURLUGtOV096WmdZenNoNV9LZEtSQ3NTa1FVWXdZc3FyOU5CLXZsOWJqbnpvWi1ZNVBzbDlnbi1fVlI4VUJaLUUweTlNT3dhWUEyb1hrZS01bXJzTkc4YVJ3S3BDTWc?oc=5\" target=\"_blank\" rel=\"nofollow noopener\">Disse vant Ribbecup<\/a>&nbsp;&nbsp;Fremover<\/li>\n<li><a href=\"https:\/\/news.google.com\/rss\/articles\/CBMiS0FVX3lxTE0zbXZnbU5FaXcxbUF5a1dDdTFVTEFBaUZVcjFnVkdCUENUV0FoOTJoSGNjc2lyaXVGWWRScWVybzNQcWJLYWhCSHE0OA?oc=5\" target=\"_blank\" rel=\"nofollow noopener\">Se bilder og video: Ribbecupen 2025 \u2013 Full innsats og et blodig alvor<\/a>&nbsp;&nbsp;Ytringen<\/li>\n<li><a href=\"https:\/\/news.google.com\/rss\/articles\/CBMimwFBVV95cUxQTTI1aXFQR2hTZmMxRmI4YnVrUmZrMXZyeGFtay16R21lNVFpaC1OaTVrMldNejJhNGVSYWI2YUptOEhjckdoM3ZncUtxRk50NlRHZ180cUZjd0lmM2p3ekVoYjVhS1F4LUs1ekdCMmEyYkZmTmdZUlhSNlMtMTRpWFBpdjl3c21GYUVlM1V3NlFFd0t5eXZ4VEdjRQ?oc=5\" target=\"_blank\" rel=\"nofollow noopener\">Rekordp\u00e5melding: Ribbecupen starter allerede f\u00f8rste juledag<\/a>&nbsp;&nbsp;Rana No<\/li>\n<\/ol>\n","protected":false},"excerpt":{"rendered":"N\u00c5: Bronsemedaljen avgj\u00f8res med hockeystraffer!&nbsp;&nbsp;agderposten.no Sport, N\u00e6r\u00f8ysund arena | NIL-spiller Niklas spilte for KIL p\u00e5 Ribbecup: \u2013 Det&hellip;\n","protected":false},"author":2,"featured_media":122943,"comment_status":"","ping_status":"","sticky":false,"template":"","format":"standard","meta":{"footnotes":""},"categories":[59],"tags":[30,28,29,83,82],"class_list":{"0":"post-122942","1":"post","2":"type-post","3":"status-publish","4":"format-standard","5":"has-post-thumbnail","7":"category-sport","8":"tag-no","9":"tag-norge","10":"tag-norway","11":"tag-sport","12":"tag-sports"},"share_on_mastodon":{"url":"https:\/\/pubeurope.com\/@no\/115792663201441264","error":""},"_links":{"self":[{"href":"https:\/\/www.europesays.com\/no\/wp-json\/wp\/v2\/posts\/122942","targetHints":{"allow":["GET"]}}],"collection":[{"href":"https:\/\/www.europesays.com\/no\/wp-json\/wp\/v2\/posts"}],"about":[{"href":"https:\/\/www.europesays.com\/no\/wp-json\/wp\/v2\/types\/post"}],"author":[{"embeddable":true,"href":"https:\/\/www.europesays.com\/no\/wp-json\/wp\/v2\/users\/2"}],"replies":[{"embeddable":true,"href":"https:\/\/www.europesays.com\/no\/wp-json\/wp\/v2\/comments?post=122942"}],"version-history":[{"count":0,"href":"https:\/\/www.europesays.com\/no\/wp-json\/wp\/v2\/posts\/122942\/revisions"}],"wp:featuredmedia":[{"embeddable":true,"href":"https:\/\/www.europesays.com\/no\/wp-json\/wp\/v2\/media\/122943"}],"wp:attachment":[{"href":"https:\/\/www.europesays.com\/no\/wp-json\/wp\/v2\/media?parent=122942"}],"wp:term":[{"taxonomy":"category","embeddable":true,"href":"https:\/\/www.europesays.com\/no\/wp-json\/wp\/v2\/categories?post=122942"},{"taxonomy":"post_tag","embeddable":true,"href":"https:\/\/www.europesays.com\/no\/wp-json\/wp\/v2\/tags?post=122942"}],"curies":[{"name":"wp","href":"https:\/\/api.w.org\/{rel}","templated":true}]}}