{"id":122946,"date":"2025-12-27T17:20:18","date_gmt":"2025-12-27T17:20:18","guid":{"rendered":"https:\/\/www.europesays.com\/no\/122946\/"},"modified":"2025-12-27T17:20:18","modified_gmt":"2025-12-27T17:20:18","slug":"kan-ta-tid-for-alle-far-strommen-tilbake-nrk-nordland","status":"publish","type":"post","link":"https:\/\/www.europesays.com\/no\/122946\/","title":{"rendered":"Kan ta tid f\u00f8r alle f\u00e5r str\u00f8mmen tilbake \u2013 NRK Nordland"},"content":{"rendered":"<p>Det har v\u00e6rt et dramatisk d\u00f8gn i Nordland, og problemene er ikke over. Tusenvis av kunder mangler fortsatt str\u00f8m, og n\u00e5 bekrefter meteorologene at det er mer i vente.<\/p>\n<p>\u2013 Det blir mer v\u00e6r de neste dagene. Men det er i dag vi tror det verste har v\u00e6rt, sier vakthavende meteorolog Eirin Ristesund.<\/p>\n<p><img decoding=\"async\"   src=\"data:image\/gif;base64,R0lGODlhAQABAIAAAAAAAP\/\/\/yH5BAEAAAAALAAAAAABAAEAAAIBRAA7\" loading=\"eager\" alt=\"En stue med juletre i m\u00f8rket (Bildebeskrivelsen er laget av en KI-tjeneste) \" title=\"Foto: Beth M\u00f8rch Pettersen \/ NRK\"\/><\/p>\n<p class=\"\">Tilsammen omkring 20.000 str\u00f8mkunder var uten str\u00f8m i Nordland i romjula p\u00e5 grunn av stormen.<\/p>\n<p>Foto: Beth M\u00f8rch Pettersen \/ NRK<\/p>\n<p>Dette skaper store utfordringer for nettselskapet Linea, som fors\u00f8ker \u00e5 rette feil i stormen.<\/p>\n<p>\u2013 V\u00e5re mont\u00f8rer har n\u00e5 avdekket et linjebrudd p\u00e5 regionalnettslinjen mellom Langfjorden og Sjona, som er en hoved\u00e5rsak til de store utfallene vi ser, sier Frode Dorp, kommunikasjonsansvarlig i Linea.<\/p>\n<p>\u2013 Vinden er ikke p\u00e5 v\u00e5r side<\/p>\n<p>Det er i kommunene Alstahaug, D\u00f8nna og Her\u00f8y problemene er st\u00f8rst. Linea fors\u00f8ker n\u00e5 en n\u00f8dl\u00f8sning for \u00e5 f\u00e5 lyset tilbake til noen av kundene.<\/p>\n<p>Selskapet jobber med \u00e5 koble om nettet for \u00e5 hente str\u00f8m fra et kraftverk som kj\u00f8res i s\u00e5kalt \u00f8ydrift. Lykkes dette, vil det gi delvis gjenoppretting av str\u00f8mmen i deler av regionen.<\/p>\n<ul class=\"dhpg__gallery__list\">\n<li class=\"dhpg__gallery__listItem\"><img alt=\"Kommunikasjonsansvarleg i Linea, Frode Dorp \"  width=\"2400\" height=\"2400\" loading=\"lazy\"\/>Frode Dorp\n<ul>\n<li>Kommunikasjonsansvarlig i Linea<\/li>\n<\/ul>\n<\/li>\n<\/ul>\n<p>Men arbeidet ute i felt er sv\u00e6rt vanskelig.<\/p>\n<p>\u2013 Vi har s\u00e5 mye folk ute n\u00e5, men det er krevende \u00e5 komme seg frem blant annet fordi det ligger mye tr\u00e6r i veiene, sier Dorp.<\/p>\n<p>Han legger ikke skjul p\u00e5 at det blir et kappl\u00f8p med tiden.<\/p>\n<p>\u2013 Det er en utfordring. Vi har noen f\u00e5 timer igjen med dagslys hvor vi jobber for fullt. Men blir det veldig langvarig trenger mannskapet \u00e5 hvile, og vi m\u00e5 ogs\u00e5 gj\u00f8re vurderinger om hvor vi skal sette inn mannskapene, sier han.<\/p>\n<p><img decoding=\"async\"   src=\"data:image\/gif;base64,R0lGODlhAQABAIAAAAAAAP\/\/\/yH5BAEAAAAALAAAAAABAAEAAAIBRAA7\" loading=\"eager\" alt=\"Tre har veltet i uv\u00e6r i R\u00f8nvika i Bod\u00f8\" title=\"Foto: Lars-Bj\u00f8rn Martinsen \/ NRK\"\/><\/p>\n<p class=\"\">Tre har veltet i uv\u00e6r i R\u00f8nvika i Bod\u00f8.<\/p>\n<p>Foto: Lars-Bj\u00f8rn Martinsen \/ NRK<\/p>\n<p>Bekymret for de s\u00e5rbare<\/p>\n<p>Frode Dorp er tydelig p\u00e5 at situasjonen kan bli langvarig fordi &laquo;vinden ikke er p\u00e5 deres side&raquo;.<\/p>\n<p>Derfor har selskapet sendt ut varsel til ber\u00f8rte kommuner, slik at kriseledelsen lokalt kan ta sine forholdsregler.<\/p>\n<p>    <img decoding=\"async\" class=\"dh-video-videoLoop__fallbackImage\" src=\"https:\/\/www.europesays.com\/no\/wp-content\/uploads\/2025\/12\/3be41e01-52e3-441c-a41e-0152e3041c6c_360.jpg\" alt=\"\"\/><video preload=\"none\" muted=\"\" poster=\"https:\/\/www.europesays.com\/no\/wp-content\/uploads\/2025\/12\/3be41e01-52e3-441c-a41e-0152e3041c6c_360.jpg\" style=\"--poster:url(https:\/\/www.europesays.com\/no\/wp-content\/uploads\/2025\/12\/3be41e01-52e3-441c-a41e-0152e3041c6c_360.jpg);\"><\/video><img decoding=\"async\" class=\"dh-video-videoLoop__fallbackImage\" src=\"https:\/\/www.europesays.com\/no\/wp-content\/uploads\/2025\/12\/3be41e01-52e3-441c-a41e-0152e3041c6c_720.jpg\" alt=\"\"\/><video preload=\"none\" muted=\"\" poster=\"https:\/\/www.europesays.com\/no\/wp-content\/uploads\/2025\/12\/3be41e01-52e3-441c-a41e-0152e3041c6c_720.jpg\" style=\"--poster:url(https:\/\/www.europesays.com\/no\/wp-content\/uploads\/2025\/12\/3be41e01-52e3-441c-a41e-0152e3041c6c_720.jpg);\"><\/video><img decoding=\"async\" class=\"dh-video-videoLoop__fallbackImage\" src=\"https:\/\/www.europesays.com\/no\/wp-content\/uploads\/2025\/12\/3be41e01-52e3-441c-a41e-0152e3041c6c_1080.jpg\" alt=\"\"\/><video preload=\"none\" muted=\"\" poster=\"https:\/\/www.europesays.com\/no\/wp-content\/uploads\/2025\/12\/3be41e01-52e3-441c-a41e-0152e3041c6c_1080.jpg\" style=\"--poster:url(https:\/\/www.europesays.com\/no\/wp-content\/uploads\/2025\/12\/3be41e01-52e3-441c-a41e-0152e3041c6c_1080.jpg);\"><\/video><\/p>\n<p>Her fell eit tre over riksveg 80 ved Nordvika.<\/p>\n<p>STEINAR PEDERSEN<\/p>\n<p>Det er spesielt bortfall av elektronisk kommunikasjon som bekymrer. Dersom str\u00f8mmen er borte over tid, vil basestasjoner for mobilnettet g\u00e5 tomme for batteri.<\/p>\n<p>\u2013 Kommunene m\u00e5 v\u00e6re forberedt p\u00e5 at det kan bli vanskelig \u00e5 f\u00e5 kontakt med personer som er pleietrengende og bor hjemme, dersom mobildekningen faller bort, advarer Dorp.<\/p>\n<p><img decoding=\"async\"   src=\"data:image\/gif;base64,R0lGODlhAQABAIAAAAAAAP\/\/\/yH5BAEAAAAALAAAAAABAAEAAAIBRAA7\" loading=\"eager\" alt=\"Bildet viser en lekeplass med et \u00f8delagt lekeaparat utformet som et skipsvrak, omgitt av grener og kvister. I bakgrunnen er det en liten hytte og boliger synlig, samt et \u00e5pent omr\u00e5de med gress. Omr\u00e5det ser forlatt ut, og himmelen er m\u00f8rk og overskyet. Det er flere nedfalte grener rundt lekeplassen som tyder p\u00e5 d\u00e5rlig v\u00e6r. (Bildebeskrivelsen er laget av en KI-tjeneste)\" title=\"Foto: Stefan Wollenhaupt\"\/><\/p>\n<p class=\"\">Stormen har ikke spart p\u00e5 noe. Her er en lekeplass rasert av vinden.<\/p>\n<p>Foto: Stefan Wollenhaupt<\/p>\n<p>Advarer: Ikke r\u00f8r ledningene<\/p>\n<p>Ogs\u00e5 nettselskapet Noranett merker uv\u00e6ret godt. De g\u00e5r n\u00e5 ut med en klar advarsel om livsfare til folk som ferdes ute i terrenget.<\/p>\n<p>\u2013 Vi vet at v\u00e6ret har f\u00f8rt til at det er ledninger p\u00e5 bakken noen steder. Disse kan v\u00e6re str\u00f8mf\u00f8rende, og m\u00e5 IKKE r\u00f8res, skriver selskapet i en melding.<\/p>\n<p>    <img decoding=\"async\" class=\"dh-video-videoLoop__fallbackImage\" src=\"https:\/\/www.europesays.com\/no\/wp-content\/uploads\/2025\/12\/c614d05f-303d-48e9-94d0-5f303dd8e902_360.jpg\" alt=\"\"\/><video preload=\"none\" muted=\"\" poster=\"https:\/\/www.europesays.com\/no\/wp-content\/uploads\/2025\/12\/c614d05f-303d-48e9-94d0-5f303dd8e902_360.jpg\" style=\"--poster:url(https:\/\/www.europesays.com\/no\/wp-content\/uploads\/2025\/12\/c614d05f-303d-48e9-94d0-5f303dd8e902_360.jpg);\"><\/video><img decoding=\"async\" class=\"dh-video-videoLoop__fallbackImage\" src=\"https:\/\/www.europesays.com\/no\/wp-content\/uploads\/2025\/12\/c614d05f-303d-48e9-94d0-5f303dd8e902_720.jpg\" alt=\"\"\/><video preload=\"none\" muted=\"\" poster=\"https:\/\/www.europesays.com\/no\/wp-content\/uploads\/2025\/12\/c614d05f-303d-48e9-94d0-5f303dd8e902_720.jpg\" style=\"--poster:url(https:\/\/www.europesays.com\/no\/wp-content\/uploads\/2025\/12\/c614d05f-303d-48e9-94d0-5f303dd8e902_720.jpg);\"><\/video><img decoding=\"async\" class=\"dh-video-videoLoop__fallbackImage\" src=\"https:\/\/www.europesays.com\/no\/wp-content\/uploads\/2025\/12\/c614d05f-303d-48e9-94d0-5f303dd8e902_1080.jpg\" alt=\"\"\/><video preload=\"none\" muted=\"\" poster=\"https:\/\/www.europesays.com\/no\/wp-content\/uploads\/2025\/12\/c614d05f-303d-48e9-94d0-5f303dd8e902_1080.jpg\" style=\"--poster:url(https:\/\/www.europesays.com\/no\/wp-content\/uploads\/2025\/12\/c614d05f-303d-48e9-94d0-5f303dd8e902_1080.jpg);\"><\/video><\/p>\n<p>Mer alvorlig enn at str\u00f8mkabler til julelys har l\u00f8snet, er det at str\u00f8mkabler har l\u00f8snet flere steder i fylket.<\/p>\n<p>De opplyser at de har kalt inn ekstra mannskaper, og at det jobbes med feilretting og innkobling der det er v\u00e6rmessig forsvarlig.<\/p>\n<p>To m\u00e5neders v\u00e6r p\u00e5 \u00e9n uke<\/p>\n<p>Selv om meteorologene tror vindtoppen er n\u00e5dd, blir det ikke stille med det f\u00f8rste.<\/p>\n<p>Meteorolog Eirin Ristesund beskriver utsiktene slik:<\/p>\n<p>\u2013 Vi klarer oss. Men n\u00e5 f\u00e5r vi betalt for en rolig start p\u00e5 vinteren. N\u00e5 f\u00e5r vi to m\u00e5neders v\u00e6r p\u00e5 \u00e9n uke. Men vi st\u00e5r han av, sier hun.<\/p>\n<p>Det betyr at folk i Nordland m\u00e5 belage seg p\u00e5 sv\u00e6rt varierende forhold gjennom helgen.<\/p>\n<p><img decoding=\"async\"   src=\"data:image\/gif;base64,R0lGODlhAQABAIAAAAAAAP\/\/\/yH5BAEAAAAALAAAAAABAAEAAAIBRAA7\" loading=\"eager\" alt=\"Et avfallsskur st\u00e5r skjevt etter \u00e5 ha blitt p\u00e5virket av vind eller annen p\u00e5kjenning. Skuret rommer flere s\u00f8ppelkasser, inkludert en bl\u00e5 og en svart. I n\u00e6rheten er en r\u00f8d bil parkert p\u00e5 en gr\u00e5 asfaltflate. Bakgrunnen viser leilighetsbygg og en r\u00f8d hus med gjerde. (Bildebeskrivelsen er laget av en KI-tjeneste)\" title=\"Foto: Sofie Retterst\u00f8l Olaisen \/ NRK\"\/><\/p>\n<p class=\"\">De kraftige vindkastene har f\u00f8rt til store materielle skader. Her har et avfallsskur bl\u00e5st overende og landet over en parkert bil.<\/p>\n<p>Foto: Sofie Retterst\u00f8l Olaisen \/ NRK<\/p>\n<p>Krevende p\u00e5 veiene<\/p>\n<p>Meteorologen trekker frem &laquo;sn\u00f8&raquo; som stikkordet for tiden fremover, og advarer bilister om at det kan bli &laquo;ganske begredelig&raquo; p\u00e5 veiene.<\/p>\n<p>\u2013 S\u00f8r i Nordland vil det bli skiftende temperaturer med d\u00e5rlige kj\u00f8reforhold med en del slaps. Temperaturene svinger opp og ned som en jojo og det blir en del vind.<\/p>\n<p>\nDin nettleser st\u00f8tter ikke innbygging av eksternt innhold\n<\/p>\n<p>Vindkartet viser de kraftige vindkastene. Meteorologen varsler at selv om vindtoppen kanskje er n\u00e5dd, venter n\u00e5 sn\u00f8fokk og vanskelige kj\u00f8reforhold.<\/p>\n<p>Lengst nord i fylket vil det holde seg stort sett p\u00e5 bl\u00e5 grader. Men faren er ikke over s\u00f8ndag.<\/p>\n<p>\u2013 Inn mot s\u00f8ndagen blir det kraftig vind og mulighet for liten storm i Lofoten ogs\u00e5. Det blir ikke fint v\u00e6r, for \u00e5 si det s\u00e5nn, sier Ristesund.<\/p>\n<p>    <img decoding=\"async\" class=\"dh-video-videoLoop__fallbackImage\" src=\"https:\/\/www.europesays.com\/no\/wp-content\/uploads\/2025\/12\/12a98b7a-cf75-4abb-a98b-7acf75eabb64_360.jpg\" alt=\"\"\/><video preload=\"none\" muted=\"\" poster=\"https:\/\/www.europesays.com\/no\/wp-content\/uploads\/2025\/12\/12a98b7a-cf75-4abb-a98b-7acf75eabb64_360.jpg\" style=\"--poster:url(https:\/\/www.europesays.com\/no\/wp-content\/uploads\/2025\/12\/12a98b7a-cf75-4abb-a98b-7acf75eabb64_360.jpg);\"><\/video><img decoding=\"async\" class=\"dh-video-videoLoop__fallbackImage\" src=\"https:\/\/www.europesays.com\/no\/wp-content\/uploads\/2025\/12\/12a98b7a-cf75-4abb-a98b-7acf75eabb64_720.jpg\" alt=\"\"\/><video preload=\"none\" muted=\"\" poster=\"https:\/\/www.europesays.com\/no\/wp-content\/uploads\/2025\/12\/12a98b7a-cf75-4abb-a98b-7acf75eabb64_720.jpg\" style=\"--poster:url(https:\/\/www.europesays.com\/no\/wp-content\/uploads\/2025\/12\/12a98b7a-cf75-4abb-a98b-7acf75eabb64_720.jpg);\"><\/video><img decoding=\"async\" class=\"dh-video-videoLoop__fallbackImage\" src=\"https:\/\/www.europesays.com\/no\/wp-content\/uploads\/2025\/12\/12a98b7a-cf75-4abb-a98b-7acf75eabb64_1080.jpg\" alt=\"\"\/><video preload=\"none\" muted=\"\" poster=\"https:\/\/www.europesays.com\/no\/wp-content\/uploads\/2025\/12\/12a98b7a-cf75-4abb-a98b-7acf75eabb64_1080.jpg\" style=\"--poster:url(https:\/\/www.europesays.com\/no\/wp-content\/uploads\/2025\/12\/12a98b7a-cf75-4abb-a98b-7acf75eabb64_1080.jpg);\"><\/video><\/p>\n<p>Kraftig vind ved Bestemorenga i Bod\u00f8 l\u00f8rdag morgen<\/p>\n<p>INNSTRANDA IDRETTSLAG<\/p>\n<p>Det er f\u00f8rst n\u00e5r vi n\u00e6rmer oss rakettoppskyting at v\u00e6ret spiller p\u00e5 lag.<\/p>\n<p>\u2013 Da ser det ut til at v\u00e6ret skal roe seg. Hvertfall nord i Nordland kan det bli fine forhold p\u00e5 nytt\u00e5rsaften, avslutter meteorologen.<\/p>\n<p>\nDin nettleser st\u00f8tter ikke innbygging av eksternt innhold\n<\/p>\n<p>M\u00f8rke tunneler og stengte ferger<\/p>\n<p>Statens vegvesen bekrefter at uv\u00e6ret skaper farlige situasjoner p\u00e5 veiene, og ber folk v\u00e6re s\u00e6rlig oppmerksomme p\u00e5 tr\u00e6r i veibanen.<\/p>\n<p>Str\u00f8mbruddet p\u00e5 Helgeland f\u00e5r ogs\u00e5 konsekvenser for E6. B\u00e5de Nessettunnelen og Finneidfjordtunnelen er m\u00f8rklagt p\u00e5 grunn av str\u00f8mmangel. I den lange Korgfjelltunnelen er det satt inn patruljering.<\/p>\n<p>\u2013 Kj\u00f8r forsiktig i tunnelene og vis hensyn til andre trafikanter, sier Roar Falch Hanssen p\u00e5 vegtrafikksentralen.<\/p>\n<p><img decoding=\"async\"   src=\"data:image\/gif;base64,R0lGODlhAQABAIAAAAAAAP\/\/\/yH5BAEAAAAALAAAAAABAAEAAAIBRAA7\" loading=\"eager\" alt=\"Sn\u00f8dekket vei\" title=\"Foto: Statens vegvesen\"\/><\/p>\n<p class=\"\">Statens vegvesen advarer om vanskelige kj\u00f8reforhold, m\u00f8rklagte tunneler p\u00e5 E6 og innstilte ferger.<\/p>\n<p>Foto: Statens vegvesen<\/p>\n<p>Vinden har ogs\u00e5 satt fergetrafikken ut av spill. Sambandene Bod\u00f8\u2013V\u00e6r\u00f8y\u2013R\u00f8st\u2013Moskenes, Bognes\u2013L\u00f8dingen og E6 Skarberget\u2013Bognes holder stengt frem til sent l\u00f8rdag kveld.<\/p>\n<p>Publisert<\/p>\n<p>27.12.2025, kl. 17.17<\/p>\n","protected":false},"excerpt":{"rendered":"Det har v\u00e6rt et dramatisk d\u00f8gn i Nordland, og problemene er ikke over. Tusenvis av kunder mangler fortsatt&hellip;\n","protected":false},"author":2,"featured_media":122947,"comment_status":"","ping_status":"","sticky":false,"template":"","format":"standard","meta":{"footnotes":""},"categories":[10],"tags":[20,21,24,25,15,22,23,13,30,28,29,14,16,26,27],"class_list":{"0":"post-122946","1":"post","2":"type-post","3":"status-publish","4":"format-standard","5":"has-post-thumbnail","7":"category-norge","8":"tag-breaking-news","9":"tag-breakingnews","10":"tag-featured-news","11":"tag-featurednews","12":"tag-headlines","13":"tag-latest-news","14":"tag-latestnews","15":"tag-news","16":"tag-no","17":"tag-norge","18":"tag-norway","19":"tag-nyheter","20":"tag-overskrifter","21":"tag-top-stories","22":"tag-topstories"},"share_on_mastodon":{"url":"https:\/\/pubeurope.com\/@no\/115792683302263785","error":""},"_links":{"self":[{"href":"https:\/\/www.europesays.com\/no\/wp-json\/wp\/v2\/posts\/122946","targetHints":{"allow":["GET"]}}],"collection":[{"href":"https:\/\/www.europesays.com\/no\/wp-json\/wp\/v2\/posts"}],"about":[{"href":"https:\/\/www.europesays.com\/no\/wp-json\/wp\/v2\/types\/post"}],"author":[{"embeddable":true,"href":"https:\/\/www.europesays.com\/no\/wp-json\/wp\/v2\/users\/2"}],"replies":[{"embeddable":true,"href":"https:\/\/www.europesays.com\/no\/wp-json\/wp\/v2\/comments?post=122946"}],"version-history":[{"count":0,"href":"https:\/\/www.europesays.com\/no\/wp-json\/wp\/v2\/posts\/122946\/revisions"}],"wp:featuredmedia":[{"embeddable":true,"href":"https:\/\/www.europesays.com\/no\/wp-json\/wp\/v2\/media\/122947"}],"wp:attachment":[{"href":"https:\/\/www.europesays.com\/no\/wp-json\/wp\/v2\/media?parent=122946"}],"wp:term":[{"taxonomy":"category","embeddable":true,"href":"https:\/\/www.europesays.com\/no\/wp-json\/wp\/v2\/categories?post=122946"},{"taxonomy":"post_tag","embeddable":true,"href":"https:\/\/www.europesays.com\/no\/wp-json\/wp\/v2\/tags?post=122946"}],"curies":[{"name":"wp","href":"https:\/\/api.w.org\/{rel}","templated":true}]}}