{"id":122948,"date":"2025-12-27T17:21:10","date_gmt":"2025-12-27T17:21:10","guid":{"rendered":"https:\/\/www.europesays.com\/no\/122948\/"},"modified":"2025-12-27T17:21:10","modified_gmt":"2025-12-27T17:21:10","slug":"odegaard-scoret-sitt-forste-ligamal-for-arsenal-denne-sesongen","status":"publish","type":"post","link":"https:\/\/www.europesays.com\/no\/122948\/","title":{"rendered":"\u00d8degaard scoret sitt f\u00f8rste ligam\u00e5l for Arsenal denne sesongen"},"content":{"rendered":"\n<p class=\"_lead_o9xde_2 _lead_xtcu6_50 layout-component text-serif-m layout-normal text-serif-l layout-component layout-wide layout-padded _wide_17hqh_1 layout-padded\">Drammenseren tegnet seg p\u00e5 scoringslisten for f\u00f8rste gang i Premier League denne sesongen i seieren mot Brighton.<\/p>\n<p><img alt=\" Foto: Kirsty Wigglesworth \/ AP \/ NTB\" class=\"_image_qp4xg_65 layout-component layout-wide\" data-fullscreen- data-track-element-type=\"Article image fullscreen\" data-track-name=\"ImageFullscreen\" fetchpriority=\"high\" decoding=\"sync\" loading=\"eager\" height=\"2958\" itemprop=\"image\"  src=\"https:\/\/www.europesays.com\/no\/wp-content\/uploads\/2025\/12\/77b5445e-f2d0-44bb-872c-c08040715edd\"  style=\"object-position:0% 0%\" width=\"4436\"\/> Foto: Kirsty Wigglesworth \/ AP \/ NTB<\/p>\n<ul aria-hidden=\"true\" class=\"_images_ntbth_112\">\n<li><a class=\"_link_ntbth_117\" href=\"https:\/\/www.vg.no\/forfatter\/andreas-almli\" style=\"z-index:2\" title=\"Andreas Almli\" rel=\"nofollow noopener\" target=\"_blank\"><img alt=\"Bilde av Andreas Almli\" class=\"_image_ntbth_93\" fetchpriority=\"low\" loading=\"lazy\" decoding=\"async\" itemprop=\"image\"  src=\"https:\/\/www.europesays.com\/no\/wp-content\/uploads\/2025\/12\/1766856069_886_375927d7-c3ac-45fd-a424-5db85cd85b8f\"  width=\"480\"\/><\/a><\/li>\n<li><a class=\"_link_ntbth_117\" href=\"https:\/\/www.vg.no\/forfatter\/ntb\" style=\"z-index:1\" title=\"NTB\" rel=\"nofollow noopener\" target=\"_blank\"><img alt=\"Bilde av NTB\" class=\"_image_ntbth_93\" fetchpriority=\"low\" loading=\"lazy\" decoding=\"async\" itemprop=\"image\"  src=\"https:\/\/www.europesays.com\/no\/wp-content\/uploads\/2025\/12\/1766856070_797_c33980b0-5d07-4027-84a1-813f90a7c8d6\"  width=\"480\"\/><\/a><\/li>\n<\/ul>\n<p> Oppdatert l\u00f8rdag 27. desember kl. 18:12    <\/p>\n<ul class=\"_list_o9xde_3 _list_64s2r_85 _unordered_o9xde_106 text-sans-m\">\n<li class=\"_item_o9xde_30\">Martin \u00d8degaard scoret sitt f\u00f8rste Premier League-m\u00e5l denne sesongen i Arsenals seier mot Brighton.<\/li>\n<li class=\"_item_o9xde_30\">\u00d8degaards m\u00e5l hjalp Arsenal til \u00e5 ta tilbake tabelltoppen fra Manchester City.<\/li>\n<li class=\"_item_o9xde_30\">Dette var \u00d8degaards f\u00f8rste scoring i Premier League siden mai. <\/li>\n<\/ul>\n<p>Vis mer <\/p>\n<p class=\"_paragraph_o9xde_4 _paragraph_xtcu6_10 layout-component text-serif-m layout-normal text-serif-m layout-padded\">\u2013 <a href=\"https:\/\/www.vg.no\/tag\/martin-oedegaard?utm_source=vg-article&amp;utm_medium=auto-tagger&amp;utm_campaign=ArdJvq\" class=\"_link_o9xde_39\" rel=\"nofollow noopener\" target=\"_blank\">Martin \u00d8degaard<\/a> er tilbake, utbr\u00f8t Viaplay-kommentator Kjetil \u00c5nnevik. <\/p>\n<p class=\"_paragraph_o9xde_4 _paragraph_xtcu6_10 layout-component text-serif-m layout-normal text-serif-m layout-padded\">Den forl\u00f8sende nettkjenningen kom etter rundt et kvarter spilt. Declan Rice vant ballen p\u00e5 Brightons halvdel og spilte opp til Bukayo Saka som spilte videre til \u00d8degaard rett p\u00e5 utsiden av 16-meteren.<\/p>\n<p class=\"_paragraph_o9xde_4 _paragraph_xtcu6_10 layout-component text-serif-m layout-normal text-serif-m layout-padded\">27-\u00e5ringen fra Drammen hamret inn et skudd ved n\u00e6rmeste hj\u00f8rnet. Det var \u00d8degaards f\u00f8rste scoring i Premier League denne sesongen etter en h\u00f8st med mye skadetr\u00f8bbel.<\/p>\n<p class=\"_paragraph_o9xde_4 _paragraph_xtcu6_10 layout-component text-serif-m layout-normal text-serif-m layout-padded\">\u2013 Jeg har ventet p\u00e5 den scoringen. Jeg har jobbet mye med avslutningene mine p\u00e5 trening, s\u00e5 jeg er veldig forn\u00f8yd, sier \u00d8degaard til Sky Sports.<\/p>\n<p class=\"_paragraph_o9xde_4 _paragraph_xtcu6_10 layout-component text-serif-m layout-normal text-serif-m layout-padded\">Norges landslagskaptein sto med kun en m\u00e5lgivende i ligaen f\u00f8r oppgj\u00f8ret mot Brighton. Den forrige scoringen til midtbanestjernen kom for Norge i 11-1-seieren over Moldova 9. september.<\/p>\n<p class=\"_paragraph_o9xde_4 _paragraph_xtcu6_10 layout-component text-serif-m layout-normal text-serif-m layout-padded\">\u00d8degaard scoret sitt forrige ligam\u00e5l i sesongavslutningen mot Southampton 25. mai.<\/p>\n<p class=\"_paragraph_o9xde_4 _paragraph_xtcu6_10 layout-component text-serif-m layout-normal text-serif-m layout-padded\">1\u20130 scoringen satte standarden for Arsenal, som holdt et jerngrep om Brighton i kampens f\u00f8rste omgang. Gjestene slet med presisjonen, og fikk en t\u00f8ff jobb med \u00e5 bryte ned et standhaftig Arsenal-forsvar.<\/p>\n<p class=\"_paragraph_o9xde_4 _paragraph_xtcu6_10 layout-component text-serif-m layout-normal text-serif-m layout-padded\">Bedre ble det ikke da Georginio Rutter satte ballen i eget nett etter 52 minutter.<\/p>\n<p class=\"_paragraph_o9xde_4 _paragraph_xtcu6_10 layout-component text-serif-m layout-normal text-serif-m layout-padded\">Det m\u00e5tte spilles over en time f\u00f8r det skulle l\u00f8sne for Brighton. Diego Gomez tente h\u00e5pet for gjestene da han satte inn reduseringen etter 64 minutter spilt.<\/p>\n<p class=\"_paragraph_o9xde_4 _paragraph_xtcu6_10 layout-component text-serif-m layout-normal text-serif-m layout-padded\">\u2013 Han bl\u00e5ser for alvor liv i kampen igjen, etter at det s\u00e5 ut som Arsenal hadde full kontroll p\u00e5 det her, sa \u00c5nnevik.<\/p>\n<p class=\"_paragraph_o9xde_4 _paragraph_xtcu6_10 layout-component text-serif-m layout-normal text-serif-m layout-padded\">Brighton kjempet tappert etter reduseringen, men maktet ikke \u00e5 skvise ut flere scoringer.<\/p>\n<p class=\"_paragraph_o9xde_4 _paragraph_xtcu6_10 layout-component text-serif-m layout-normal text-serif-m layout-padded\">\u2013 Det ble t\u00f8ft til slutt, men jeg synes vi spilte en god kamp. Vi var dominerende fra start, de fikk litt momentum mot slutten, men vi tok tre veldig viktige poeng.<\/p>\n<p class=\"_paragraph_o9xde_4 _paragraph_xtcu6_10 layout-component text-serif-m layout-normal text-serif-m layout-padded\">\u2013  Jeg synes vi spilte veldig bra og hadde kontroll p\u00e5 kampen, men vi kunne gjort det bedre og ikke latt dem score slik de gjorde. Da de scoret fikk de momentum og troen tilbake, men vi var gode i forsvar, sier \u00d8degaard om kampen. <\/p>\n<p class=\"_paragraph_o9xde_4 _paragraph_xtcu6_10 layout-component text-serif-m layout-normal text-serif-m layout-padded\">Med seier tok Arsenal tilbake tabelltoppen, etter at Manchester City vant mot Nottingham Forest tidligere p\u00e5 dagen l\u00f8rdag. <\/p>\n","protected":false},"excerpt":{"rendered":"Drammenseren tegnet seg p\u00e5 scoringslisten for f\u00f8rste gang i Premier League denne sesongen i seieren mot Brighton. Foto:&hellip;\n","protected":false},"author":2,"featured_media":122949,"comment_status":"","ping_status":"","sticky":false,"template":"","format":"standard","meta":{"footnotes":""},"categories":[5],"tags":[328,20,21,2139,24,25,15,19,22,23,17,18,181,13,30,28,29,14,16,161,26,27],"class_list":{"0":"post-122948","1":"post","2":"type-post","3":"status-publish","4":"format-standard","5":"has-post-thumbnail","7":"category-overskrifter","8":"tag-arsenal","9":"tag-breaking-news","10":"tag-breakingnews","11":"tag-brighton-hove-albion-fc","12":"tag-featured-news","13":"tag-featurednews","14":"tag-headlines","15":"tag-hovedoppslag","16":"tag-latest-news","17":"tag-latestnews","18":"tag-main-news","19":"tag-mainnews","20":"tag-martin-odegaard","21":"tag-news","22":"tag-no","23":"tag-norge","24":"tag-norway","25":"tag-nyheter","26":"tag-overskrifter","27":"tag-premier-league","28":"tag-top-stories","29":"tag-topstories"},"share_on_mastodon":{"url":"https:\/\/pubeurope.com\/@no\/115792687119825594","error":""},"_links":{"self":[{"href":"https:\/\/www.europesays.com\/no\/wp-json\/wp\/v2\/posts\/122948","targetHints":{"allow":["GET"]}}],"collection":[{"href":"https:\/\/www.europesays.com\/no\/wp-json\/wp\/v2\/posts"}],"about":[{"href":"https:\/\/www.europesays.com\/no\/wp-json\/wp\/v2\/types\/post"}],"author":[{"embeddable":true,"href":"https:\/\/www.europesays.com\/no\/wp-json\/wp\/v2\/users\/2"}],"replies":[{"embeddable":true,"href":"https:\/\/www.europesays.com\/no\/wp-json\/wp\/v2\/comments?post=122948"}],"version-history":[{"count":0,"href":"https:\/\/www.europesays.com\/no\/wp-json\/wp\/v2\/posts\/122948\/revisions"}],"wp:featuredmedia":[{"embeddable":true,"href":"https:\/\/www.europesays.com\/no\/wp-json\/wp\/v2\/media\/122949"}],"wp:attachment":[{"href":"https:\/\/www.europesays.com\/no\/wp-json\/wp\/v2\/media?parent=122948"}],"wp:term":[{"taxonomy":"category","embeddable":true,"href":"https:\/\/www.europesays.com\/no\/wp-json\/wp\/v2\/categories?post=122948"},{"taxonomy":"post_tag","embeddable":true,"href":"https:\/\/www.europesays.com\/no\/wp-json\/wp\/v2\/tags?post=122948"}],"curies":[{"name":"wp","href":"https:\/\/api.w.org\/{rel}","templated":true}]}}