{"id":122950,"date":"2025-12-27T17:22:08","date_gmt":"2025-12-27T17:22:08","guid":{"rendered":"https:\/\/www.europesays.com\/no\/122950\/"},"modified":"2025-12-27T17:22:08","modified_gmt":"2025-12-27T17:22:08","slug":"fotball-folk-silje-21-fra-eigeroy-klar-for-tysk-klubb","status":"publish","type":"post","link":"https:\/\/www.europesays.com\/no\/122950\/","title":{"rendered":"Fotball, Folk | Silje (21) fra Eiger\u00f8y klar for tysk klubb"},"content":{"rendered":"\n<p>Det skriver den tyske klubben p\u00e5 <a href=\"https:\/\/www.fc-union-berlin.de\/en\/news\/norwegian-defensive-talent-silje-helgesen-is-unions-first-winter-signing-07TLA5\" rel=\"Follow nofollow noopener\" target=\"_blank\">sine nettsider<\/a> l\u00f8rdag.<\/p>\n<p>I h\u00f8st offentliggjorde Helgesen at hun ikke kom til \u00e5 fortsette i Stab\u00e6k, hvor hun har spilt siden 2022 etter overgangen fra Viking. Hun ble en viktig brikke i Stab\u00e6k-forsvaret og spilte 72 kamper, 67 av dem fra start. 24 av kampene endte uten baklengsm\u00e5l.<\/p>\n<p>Og n\u00e5 blir det alts\u00e5 overgang til Bundesliga for 21-\u00e5ringen, som startet karrieren i Eiger.<\/p>\n<p>\u2013 Det er veldig spesielt for meg \u00e5 forlate Norge for f\u00f8rste gang. Da jeg gikk i dialog med Union, ble jeg umiddelbart interessert. Jeg ser en klar plan og store ambisjoner her, som passer perfekt med mine egne \u00f8nsker. Jeg gleder meg til \u00e5 bli kjent med laget og spille p\u00e5 stadion snart, sier hun til klubbens hjemmeside.<\/p>\n","protected":false},"excerpt":{"rendered":"Det skriver den tyske klubben p\u00e5 sine nettsider l\u00f8rdag. I h\u00f8st offentliggjorde Helgesen at hun ikke kom til&hellip;\n","protected":false},"author":2,"featured_media":122951,"comment_status":"","ping_status":"","sticky":false,"template":"","format":"standard","meta":{"footnotes":""},"categories":[59],"tags":[36,14564,88,89,92,30,28,29,83,82,1510],"class_list":{"0":"post-122950","1":"post","2":"type-post","3":"status-publish","4":"format-standard","5":"has-post-thumbnail","7":"category-sport","8":"tag-art","9":"tag-eiger-fk","10":"tag-eigersund","11":"tag-folk","12":"tag-fotball","13":"tag-no","14":"tag-norge","15":"tag-norway","16":"tag-sport","17":"tag-sports","18":"tag-story"},"share_on_mastodon":{"url":"https:\/\/pubeurope.com\/@no\/115792690755669484","error":""},"_links":{"self":[{"href":"https:\/\/www.europesays.com\/no\/wp-json\/wp\/v2\/posts\/122950","targetHints":{"allow":["GET"]}}],"collection":[{"href":"https:\/\/www.europesays.com\/no\/wp-json\/wp\/v2\/posts"}],"about":[{"href":"https:\/\/www.europesays.com\/no\/wp-json\/wp\/v2\/types\/post"}],"author":[{"embeddable":true,"href":"https:\/\/www.europesays.com\/no\/wp-json\/wp\/v2\/users\/2"}],"replies":[{"embeddable":true,"href":"https:\/\/www.europesays.com\/no\/wp-json\/wp\/v2\/comments?post=122950"}],"version-history":[{"count":0,"href":"https:\/\/www.europesays.com\/no\/wp-json\/wp\/v2\/posts\/122950\/revisions"}],"wp:featuredmedia":[{"embeddable":true,"href":"https:\/\/www.europesays.com\/no\/wp-json\/wp\/v2\/media\/122951"}],"wp:attachment":[{"href":"https:\/\/www.europesays.com\/no\/wp-json\/wp\/v2\/media?parent=122950"}],"wp:term":[{"taxonomy":"category","embeddable":true,"href":"https:\/\/www.europesays.com\/no\/wp-json\/wp\/v2\/categories?post=122950"},{"taxonomy":"post_tag","embeddable":true,"href":"https:\/\/www.europesays.com\/no\/wp-json\/wp\/v2\/tags?post=122950"}],"curies":[{"name":"wp","href":"https:\/\/api.w.org\/{rel}","templated":true}]}}