{"id":122952,"date":"2025-12-27T17:26:14","date_gmt":"2025-12-27T17:26:14","guid":{"rendered":"https:\/\/www.europesays.com\/no\/122952\/"},"modified":"2025-12-27T17:26:14","modified_gmt":"2025-12-27T17:26:14","slug":"zelenskyj-pa-vei-for-a-mote-trump","status":"publish","type":"post","link":"https:\/\/www.europesays.com\/no\/122952\/","title":{"rendered":"Zelenskyj p\u00e5 vei for \u00e5 m\u00f8te Trump"},"content":{"rendered":"\n<p class=\"_lead_o9xde_2 _lead_xtcu6_50 layout-component text-serif-m layout-normal text-serif-l layout-component layout-wide layout-padded _wide_17hqh_1 layout-padded\">Den ukrainske presidenten er p\u00e5 vei for \u00e5 m\u00f8te USAs president. F\u00f8rst skal han m\u00f8te den kanadiske statsministeren. <\/p>\n<p><img alt=\"Forrige gang Donald Trump og Volodymyr Zelenskyj m\u00f8ttes i Det hvite hus.  Foto: TOM BRENNER \/ AFP\" class=\"_image_qp4xg_65 layout-component layout-wide\" data-fullscreen- data-track-element-type=\"Article image fullscreen\" data-track-name=\"ImageFullscreen\" fetchpriority=\"high\" decoding=\"sync\" loading=\"eager\" height=\"3668\" itemprop=\"image\"  src=\"https:\/\/www.europesays.com\/no\/wp-content\/uploads\/2025\/12\/479f393f-fd24-4cbf-ba51-fec183d142d3\"  style=\"object-position:0% 0%\" width=\"5502\"\/>Forrige gang Donald Trump og Volodymyr Zelenskyj m\u00f8ttes i Det hvite hus.  Foto: TOM BRENNER \/ AFP<\/p>\n<ul aria-hidden=\"true\" class=\"_images_ntbth_112\">\n<li><a class=\"_link_ntbth_117\" href=\"https:\/\/www.vg.no\/forfatter\/elise-kvien\" style=\"z-index:2\" title=\"Elise Kvien\" rel=\"nofollow noopener\" target=\"_blank\"><img alt=\"Bilde av Elise Kvien\" class=\"_image_ntbth_93\" fetchpriority=\"low\" loading=\"lazy\" decoding=\"async\" itemprop=\"image\"  src=\"https:\/\/www.europesays.com\/no\/wp-content\/uploads\/2025\/12\/1766856372_913_e9d71b6f-2a15-4dd1-85be-ea8fb873046c\"  width=\"480\"\/><\/a><\/li>\n<li><a class=\"_link_ntbth_117\" href=\"https:\/\/www.vg.no\/forfatter\/ntb\" style=\"z-index:1\" title=\"NTB\" rel=\"nofollow noopener\" target=\"_blank\"><img alt=\"Bilde av NTB\" class=\"_image_ntbth_93\" fetchpriority=\"low\" loading=\"lazy\" decoding=\"async\" itemprop=\"image\"  src=\"https:\/\/www.europesays.com\/no\/wp-content\/uploads\/2025\/12\/1766856373_473_c33980b0-5d07-4027-84a1-813f90a7c8d6\"  width=\"480\"\/><\/a><\/li>\n<\/ul>\n<p> Oppdatert l\u00f8rdag 27. desember kl. 12:14     <\/p>\n<p class=\"_paragraph_o9xde_4 _paragraph_xtcu6_10 layout-component text-serif-m layout-normal text-serif-m layout-padded\">Ukrainas president <a href=\"https:\/\/www.vg.no\/tag\/volodymyr-zelenskyj?utm_source=vg-article&amp;utm_medium=auto-tagger&amp;utm_campaign=XMgzmB\" class=\"_link_o9xde_39\" rel=\"nofollow noopener\" target=\"_blank\">Volodymyr Zelenskyj<\/a> sier if\u00f8lge Reuters at han er p\u00e5 et fly p\u00e5 vei til USA. <\/p>\n<p class=\"_paragraph_o9xde_4 _paragraph_xtcu6_10 layout-component text-serif-m layout-normal text-serif-m layout-padded\">F\u00f8rst skal han stanse i Canada for \u00e5 m\u00f8te Canadas statsminister Mark Carney. <\/p>\n<p class=\"_paragraph_o9xde_4 _paragraph_xtcu6_10 layout-component text-serif-m layout-normal text-serif-m layout-padded\">Etter planen skal Zelenskyj og Trump <a href=\"https:\/\/www.vg.no\/nyheter\/i\/8pmOVE\/zelenskyj-skal-moete-trump-soendag\" data-track-element-type=\"Link\" data-track-id=\"link:8pmOVE\" class=\"_link_o9xde_39\" rel=\"nofollow noopener\" target=\"_blank\">ha et m\u00f8te p\u00e5 s\u00f8ndag<\/a> for \u00e5 diskutere sikkerhetsgarantier og gjenoppbygging. <\/p>\n<p class=\"_paragraph_o9xde_4 _paragraph_xtcu6_10 layout-component text-serif-m layout-normal text-serif-m layout-padded\">\u2013 Kan ikke si om s\u00f8ndagens m\u00f8te med Trump vil f\u00f8re til at noen avtaler signeres, sa han fredag. <\/p>\n<p>St\u00f8re skal i m\u00f8te<\/p>\n<p class=\"_paragraph_o9xde_4 _paragraph_xtcu6_10 layout-component text-serif-m layout-normal text-serif-m layout-padded\">Statsminister Jonas Gahr St\u00f8re deltar p\u00e5 et digitalt m\u00f8te med Ukrainas president Volodymyr Zelenskyj og europeiske ledere i kveld, i forkant av det planlagte m\u00f8tet mellom Zelenskyj og USAs president Donald Trump i Florida i morgen s\u00f8ndag, opplyser Statsministerens kontor (SMK) til NTB.<\/p>\n<p class=\"_paragraph_o9xde_4 _paragraph_xtcu6_10 layout-component text-serif-m layout-normal text-serif-m layout-padded\">Ogs\u00e5 EU-kommisjonens leder Ursula von der Leyen skal delta i telefonm\u00f8tet<\/p>\n<p class=\"_paragraph_o9xde_4 _paragraph_xtcu6_10 layout-component text-serif-m layout-normal text-serif-m layout-padded\">Temaet for m\u00f8tet skal if\u00f8lge SMK v\u00e6re prosessen mot en v\u00e5penhvile og arbeidet med en varig og rettferdig fred i Ukraina.<\/p>\n<p>    <img decoding=\"async\" alt=\"Tips oss illustrasjon\" src=\"https:\/\/www.europesays.com\/no\/wp-content\/uploads\/2025\/10\/pssst-small.webp.webp\"\/>    <\/p>\n<p class=\"title-serif-s\">Har du tips?<\/p>\n<p class=\"text-sans-m\">Send oss informasjon, bilder eller video.<\/p>\n<p>  <a href=\"https:\/\/www.vg.no\/tips-oss\" rel=\"nofollow noopener\" target=\"_blank\"> Tips oss <\/a>      <\/p>\n","protected":false},"excerpt":{"rendered":"Den ukrainske presidenten er p\u00e5 vei for \u00e5 m\u00f8te USAs president. F\u00f8rst skal han m\u00f8te den kanadiske statsministeren.&hellip;\n","protected":false},"author":2,"featured_media":122953,"comment_status":"","ping_status":"","sticky":false,"template":"","format":"standard","meta":{"footnotes":""},"categories":[12],"tags":[31,20,21,24,25,15,179,22,23,13,30,28,29,14,16,26,27,50,42,488,43,44,45],"class_list":{"0":"post-122952","1":"post","2":"type-post","3":"status-publish","4":"format-standard","5":"has-post-thumbnail","7":"category-verden","8":"tag-breaking","9":"tag-breaking-news","10":"tag-breakingnews","11":"tag-featured-news","12":"tag-featurednews","13":"tag-headlines","14":"tag-krigen-i-ukraina","15":"tag-latest-news","16":"tag-latestnews","17":"tag-news","18":"tag-no","19":"tag-norge","20":"tag-norway","21":"tag-nyheter","22":"tag-overskrifter","23":"tag-top-stories","24":"tag-topstories","25":"tag-usa","26":"tag-verden","27":"tag-volodymyr-zelenskyj","28":"tag-world","29":"tag-world-news","30":"tag-worldnews"},"share_on_mastodon":{"url":"https:\/\/pubeurope.com\/@no\/115792707014027099","error":""},"_links":{"self":[{"href":"https:\/\/www.europesays.com\/no\/wp-json\/wp\/v2\/posts\/122952","targetHints":{"allow":["GET"]}}],"collection":[{"href":"https:\/\/www.europesays.com\/no\/wp-json\/wp\/v2\/posts"}],"about":[{"href":"https:\/\/www.europesays.com\/no\/wp-json\/wp\/v2\/types\/post"}],"author":[{"embeddable":true,"href":"https:\/\/www.europesays.com\/no\/wp-json\/wp\/v2\/users\/2"}],"replies":[{"embeddable":true,"href":"https:\/\/www.europesays.com\/no\/wp-json\/wp\/v2\/comments?post=122952"}],"version-history":[{"count":0,"href":"https:\/\/www.europesays.com\/no\/wp-json\/wp\/v2\/posts\/122952\/revisions"}],"wp:featuredmedia":[{"embeddable":true,"href":"https:\/\/www.europesays.com\/no\/wp-json\/wp\/v2\/media\/122953"}],"wp:attachment":[{"href":"https:\/\/www.europesays.com\/no\/wp-json\/wp\/v2\/media?parent=122952"}],"wp:term":[{"taxonomy":"category","embeddable":true,"href":"https:\/\/www.europesays.com\/no\/wp-json\/wp\/v2\/categories?post=122952"},{"taxonomy":"post_tag","embeddable":true,"href":"https:\/\/www.europesays.com\/no\/wp-json\/wp\/v2\/tags?post=122952"}],"curies":[{"name":"wp","href":"https:\/\/api.w.org\/{rel}","templated":true}]}}