{"id":122954,"date":"2025-12-27T17:27:22","date_gmt":"2025-12-27T17:27:22","guid":{"rendered":"https:\/\/www.europesays.com\/no\/122954\/"},"modified":"2025-12-27T17:27:22","modified_gmt":"2025-12-27T17:27:22","slug":"soket-avsluttes-dagbladet","status":"publish","type":"post","link":"https:\/\/www.europesays.com\/no\/122954\/","title":{"rendered":"S\u00f8ket avsluttes &#8211; Dagbladet"},"content":{"rendered":"<ol>\n<li><a href=\"https:\/\/news.google.com\/rss\/articles\/CBMiaEFVX3lxTE9JV1c5dDcxVFVvbG12VEJjdE8zTTVYbk82Y181ZEQyMFdKckZYaU50MkdvVGZYaEc4c01Fd0JPeF9PVGlKRUoxWU0tNDNOaG5Xc0dZc0s0ODJKR1M4RU9GRzdjbUVsVlhr?oc=5\" target=\"_blank\" rel=\"nofollow noopener\">S\u00f8ket avsluttes<\/a>&nbsp;&nbsp;Dagbladet<\/li>\n<li><a href=\"https:\/\/news.google.com\/rss\/articles\/CBMipgFBVV95cUxOMVpTYWJNbktLWmF4UWhJbWtDNkszbGVfbmhFUURSWnlhOGtyUE5aTjFYdTUxTG51NEFHaXRaS1FkdGUzMWxNcXlSVmp0Y19FYXBhRHozYVRZTG1FcENKRzBhbW5wdmpEVVYwNjZ2TmpHWm5wZTRrdWp5dkw0LTQ1dnlUUmhSSU44aElwd1VHOW9iNDJveHBtMkY1NVFTWFZPdl9oSWRR?oc=5\" target=\"_blank\" rel=\"nofollow noopener\">\u2013 Mine tanker g\u00e5r til den savnede kvinnen og hennes p\u00e5r\u00f8rende<\/a>&nbsp;&nbsp;lister24.no<\/li>\n<li><a href=\"https:\/\/news.google.com\/rss\/articles\/CBMirwFBVV95cUxNazJscXp4NU9mUkswY1dKUEpTRzRQdVZjbGpaR1JkRmxhU2VYczNpdm9HTWt2a3R5bmx6TldyM1BvemRkaThrT1VWQVM4d3hBRWhaUnByaUsxRXRHRVV6VmtpLWlNVEkwdTBQZlM1YUVsbnpVVGw2NGRsQUd2MG5kNUc0MWUzSVNTT1VBU1pHWHJLV3JFU0FjSzBjWk1ybHk5T3VVSm4teVAxc0g2N3hZ?oc=5\" target=\"_blank\" rel=\"nofollow noopener\">Leteaksjon, Jul | Forlot julemiddagen for \u00e5 s\u00f8ke etter savnet kvinne: \u2013 Enkelt valg<\/a>&nbsp;&nbsp;Tvedestrandsposten<\/li>\n<li><a href=\"https:\/\/news.google.com\/rss\/articles\/CBMiqwFBVV95cUxPTnoyUFNZeGxlMDF2eTg5T0F4NHBjeGhLOWF2aGlpYl8xUTUyWnk0NGZ6bi1WYTQtS21RZnd0NmRUMUNQcEFRS2JuakFpMHc2N1N3eTVlbm9qRWZSTGdBYy1LbWRNYlRSQkpoX29LZHNnMmN1bEd4X2dkMUVKdm9QdTBKczk4Qm1YeklRU0M5R0U4UjBxMzJ4ODZYWGJwdVJ2clpic20zVTdnVkE?oc=5\" target=\"_blank\" rel=\"nofollow noopener\">Har avsluttet operativt s\u00f8k: \u2013 Alle gj\u00f8r sitt ytterste, s\u00e5 det er tungt<\/a>&nbsp;&nbsp;fvn.no<\/li>\n<li><a href=\"https:\/\/news.google.com\/rss\/articles\/CBMikgFBVV95cUxPWmxwZjR1NzV3SHdiVUoyeHhra3lxR21aRGtMR2VBY01MemphTl9VaWNNMmYyVTNTRWE5bVJad0R0cmhVeEkwYVpyMHJnT0JlMV9qTE8yREVleVdscHE1RGwxanU1VHRrcXpVZzd1WWpiOC0ySFMtbW1ldjR4UVJtODJMbUtUR01zWHNmMTE2aDEwUQ?oc=5\" target=\"_blank\" rel=\"nofollow noopener\">Frivillige fra Rogaland forlot julefeiringen for leteaksjon i Lyngdal<\/a>&nbsp;&nbsp;Stavanger Aftenblad<\/li>\n<\/ol>\n","protected":false},"excerpt":{"rendered":"S\u00f8ket avsluttes&nbsp;&nbsp;Dagbladet \u2013 Mine tanker g\u00e5r til den savnede kvinnen og hennes p\u00e5r\u00f8rende&nbsp;&nbsp;lister24.no Leteaksjon, Jul | Forlot julemiddagen&hellip;\n","protected":false},"author":2,"featured_media":122955,"comment_status":"","ping_status":"","sticky":false,"template":"","format":"standard","meta":{"footnotes":""},"categories":[10],"tags":[20,21,24,25,15,2539,22,23,13,30,28,29,14,16,26,27],"class_list":{"0":"post-122954","1":"post","2":"type-post","3":"status-publish","4":"format-standard","5":"has-post-thumbnail","7":"category-norge","8":"tag-breaking-news","9":"tag-breakingnews","10":"tag-featured-news","11":"tag-featurednews","12":"tag-headlines","13":"tag-innenriks","14":"tag-latest-news","15":"tag-latestnews","16":"tag-news","17":"tag-no","18":"tag-norge","19":"tag-norway","20":"tag-nyheter","21":"tag-overskrifter","22":"tag-top-stories","23":"tag-topstories"},"share_on_mastodon":{"url":"https:\/\/pubeurope.com\/@no\/115792710393695242","error":""},"_links":{"self":[{"href":"https:\/\/www.europesays.com\/no\/wp-json\/wp\/v2\/posts\/122954","targetHints":{"allow":["GET"]}}],"collection":[{"href":"https:\/\/www.europesays.com\/no\/wp-json\/wp\/v2\/posts"}],"about":[{"href":"https:\/\/www.europesays.com\/no\/wp-json\/wp\/v2\/types\/post"}],"author":[{"embeddable":true,"href":"https:\/\/www.europesays.com\/no\/wp-json\/wp\/v2\/users\/2"}],"replies":[{"embeddable":true,"href":"https:\/\/www.europesays.com\/no\/wp-json\/wp\/v2\/comments?post=122954"}],"version-history":[{"count":0,"href":"https:\/\/www.europesays.com\/no\/wp-json\/wp\/v2\/posts\/122954\/revisions"}],"wp:featuredmedia":[{"embeddable":true,"href":"https:\/\/www.europesays.com\/no\/wp-json\/wp\/v2\/media\/122955"}],"wp:attachment":[{"href":"https:\/\/www.europesays.com\/no\/wp-json\/wp\/v2\/media?parent=122954"}],"wp:term":[{"taxonomy":"category","embeddable":true,"href":"https:\/\/www.europesays.com\/no\/wp-json\/wp\/v2\/categories?post=122954"},{"taxonomy":"post_tag","embeddable":true,"href":"https:\/\/www.europesays.com\/no\/wp-json\/wp\/v2\/tags?post=122954"}],"curies":[{"name":"wp","href":"https:\/\/api.w.org\/{rel}","templated":true}]}}