{"id":122958,"date":"2025-12-27T17:33:40","date_gmt":"2025-12-27T17:33:40","guid":{"rendered":"https:\/\/www.europesays.com\/no\/122958\/"},"modified":"2025-12-27T17:33:40","modified_gmt":"2025-12-27T17:33:40","slug":"over-320-000-husstander-uten-varme-og-strom-etter-russiske-angrep-i-kyiv","status":"publish","type":"post","link":"https:\/\/www.europesays.com\/no\/122958\/","title":{"rendered":"Over 320.000 husstander uten varme og str\u00f8m etter russiske angrep i Kyiv"},"content":{"rendered":"<p class=\"extendedContent hyperion-css-eyn926\" data-test-tag=\"lead-text\">Str\u00f8mmen har blitt kuttet i store deler av Kyiv etter nattens russiske luftangrep mot hovedstaden. Flere hundre tusen st\u00e5r uten varme i desemberkulda. <\/p>\n<p><img decoding=\"async\" class=\"image-asset hyperion-css-u06ts1\" data-test-tag=\"image-asset\" src=\"https:\/\/www.europesays.com\/no\/wp-content\/uploads\/2025\/12\/452ca0b2-ee9c-40eb-a3e5-544390889d3f\"  alt=\"Redningsarbeidere jobber ved en \u00f8delagt bygning i Kyiv i Ukraina l\u00f8rdag. \"  loading=\"eager\" fetchpriority=\"high\" style=\"aspect-ratio:2048 \/ 1365\"\/>Redningsarbeidere jobber ved en \u00f8delagt bygning i Kyiv i Ukraina l\u00f8rdag. Foto: Jefrem Lukatskyj \/ AP \/ NTB<\/p>\n<p>Publisert: 27.12.2025 08:13 |\u00a0Oppdatert: 27.12.2025 10:12<\/p>\n<p class=\"paywall hyperion-css-1j42uic\">Natt til l\u00f8rdag angrep Russland Ukrainas hovedstad og flere andre regioner i landet med droner og raketter. I Kyiv ble det h\u00f8rt kraftig eksplosjoner.<\/p>\n<p class=\"paywall hyperion-css-1j42uic\">If\u00f8lge myndigheter i Kyiv har \u00e9n person blitt drept og minst 20 mennesker blitt s\u00e5ret. <\/p>\n<p class=\"paywall hyperion-css-1j42uic\">Ukrainas st\u00f8rste str\u00f8mselskap har m\u00e5ttet kutte str\u00f8mmen. Over 320.000 husstander, 187 barnehager og 138 skoler st\u00e5r dermed uten str\u00f8m l\u00f8rdag. <\/p>\n<p class=\"paywall hyperion-css-1j42uic\">Ukrainas president Volodymyr Zelenskyj sier reparasjonsarbeidet enkelte steder p\u00e5g\u00e5r, mens noe personell fortsatt befinner seg i tilfluktsrom og ikke f\u00e5r startet arbeidet f\u00f8r flyalarmen opph\u00f8rer.<\/p>\n<p class=\"paywall hyperion-css-1j42uic\">Temperaturen har i l\u00f8pet av det siste d\u00f8gnet ligget p\u00e5 rundt 0 grader i Kyiv.<\/p>\n<p>Ettersp\u00f8r grep fra allierte<\/p>\n<p class=\"paywall hyperion-css-1j42uic\">Zelenskyj skriver i en melding p\u00e5 X klokken 10 l\u00f8rdag at angrepene fortsatt p\u00e5g\u00e5r. <\/p>\n<p class=\"paywall hyperion-css-1j42uic\">\u2013 Dessverre har bygninger blitt truffet, og vanlige boligbygg er skadet. Redningsmannskaper leter etter en person som er fanget under ruinene av en av dem, skriver presidenten.<\/p>\n<p class=\"paywall hyperion-css-1j42uic\">Det ble benyttet over 500 droner og 40 raketter i angrepene, if\u00f8lge Zelenskyj.<\/p>\n<p class=\"paywall hyperion-css-1j42uic\">\u2013 Hvis Russland gj\u00f8r selv jul- og nytt\u00e5rsperioden til en tid med \u00f8delagte hjem, utbrente leiligheter og med \u00f8delagte kraftverk, kan denne syke aktiviteten bare m\u00f8tes med virkelig sterke skritt. USA har denne evnen. Europa har denne evnen. Mange av v\u00e5re partnere har denne evnen. N\u00f8kkelen er \u00e5 bruke den, skriver Zelenskyj.<\/p>\n<p>Samtale mellom Zelenskyj og Trump<\/p>\n<p class=\"paywall hyperion-css-1j42uic\">Angrepene skjer dagen f\u00f8r Zelenskyj og Trump skal m\u00f8tes ved Trumps eiendom Mar-a-Lago i Florida. <\/p>\n<p class=\"paywall hyperion-css-1j42uic\">Tidligere denne uken la Zelenskyj fram et utkast til en fredsplan p\u00e5 20-punkter, en nedskalert versjon av planen p\u00e5 28 punkter som USA tidligere har dr\u00f8ftet med russerne.<\/p>\n<p class=\"paywall hyperion-css-1j42uic\">\u2013 Diplomati vil ikke fungere uten sikkerhet. Sikkerhet m\u00e5 sikres av verdens sterkeste makter, og vi skal diskutere dette spesielt i dag og i morgen med europeiske ledere, med Canadas statsminister og med USAs president, avslutter Zelenskyj.<\/p>\n","protected":false},"excerpt":{"rendered":"Str\u00f8mmen har blitt kuttet i store deler av Kyiv etter nattens russiske luftangrep mot hovedstaden. Flere hundre tusen&hellip;\n","protected":false},"author":2,"featured_media":122959,"comment_status":"","ping_status":"","sticky":false,"template":"","format":"standard","meta":{"footnotes":""},"categories":[12],"tags":[20,21,24,25,15,22,23,13,30,28,29,14,16,26,27,42,43,44,45],"class_list":{"0":"post-122958","1":"post","2":"type-post","3":"status-publish","4":"format-standard","5":"has-post-thumbnail","7":"category-verden","8":"tag-breaking-news","9":"tag-breakingnews","10":"tag-featured-news","11":"tag-featurednews","12":"tag-headlines","13":"tag-latest-news","14":"tag-latestnews","15":"tag-news","16":"tag-no","17":"tag-norge","18":"tag-norway","19":"tag-nyheter","20":"tag-overskrifter","21":"tag-top-stories","22":"tag-topstories","23":"tag-verden","24":"tag-world","25":"tag-world-news","26":"tag-worldnews"},"share_on_mastodon":{"url":"https:\/\/pubeurope.com\/@no\/115792734386039459","error":""},"_links":{"self":[{"href":"https:\/\/www.europesays.com\/no\/wp-json\/wp\/v2\/posts\/122958","targetHints":{"allow":["GET"]}}],"collection":[{"href":"https:\/\/www.europesays.com\/no\/wp-json\/wp\/v2\/posts"}],"about":[{"href":"https:\/\/www.europesays.com\/no\/wp-json\/wp\/v2\/types\/post"}],"author":[{"embeddable":true,"href":"https:\/\/www.europesays.com\/no\/wp-json\/wp\/v2\/users\/2"}],"replies":[{"embeddable":true,"href":"https:\/\/www.europesays.com\/no\/wp-json\/wp\/v2\/comments?post=122958"}],"version-history":[{"count":0,"href":"https:\/\/www.europesays.com\/no\/wp-json\/wp\/v2\/posts\/122958\/revisions"}],"wp:featuredmedia":[{"embeddable":true,"href":"https:\/\/www.europesays.com\/no\/wp-json\/wp\/v2\/media\/122959"}],"wp:attachment":[{"href":"https:\/\/www.europesays.com\/no\/wp-json\/wp\/v2\/media?parent=122958"}],"wp:term":[{"taxonomy":"category","embeddable":true,"href":"https:\/\/www.europesays.com\/no\/wp-json\/wp\/v2\/categories?post=122958"},{"taxonomy":"post_tag","embeddable":true,"href":"https:\/\/www.europesays.com\/no\/wp-json\/wp\/v2\/tags?post=122958"}],"curies":[{"name":"wp","href":"https:\/\/api.w.org\/{rel}","templated":true}]}}