{"id":122960,"date":"2025-12-27T17:34:12","date_gmt":"2025-12-27T17:34:12","guid":{"rendered":"https:\/\/www.europesays.com\/no\/122960\/"},"modified":"2025-12-27T17:34:12","modified_gmt":"2025-12-27T17:34:12","slug":"byttekaos-pa-strommen-storsenter-romerikes-blad","status":"publish","type":"post","link":"https:\/\/www.europesays.com\/no\/122960\/","title":{"rendered":"Byttekaos p\u00e5 Str\u00f8mmen Storsenter &#8211; Romerikes Blad"},"content":{"rendered":"<ol>\n<li><a href=\"https:\/\/news.google.com\/rss\/articles\/CBMic0FVX3lxTE9hSXNNbFd0MEp0QzlOcERCMms3ZU9xRXJ3R0hRTXhIcE5vWm10cWhTMFQyWEhZbzl3azNLQ0VhRFJtQVd2NFloTnlWblZOWnFLcnhLZnVMdjViU1J6UG0yTlBTa2VuTFVZelh0d0xxRE1LVnc?oc=5\" target=\"_blank\" rel=\"nofollow noopener\">Byttekaos p\u00e5 Str\u00f8mmen Storsenter<\/a>&nbsp;&nbsp;Romerikes Blad<\/li>\n<li><a href=\"https:\/\/news.google.com\/rss\/articles\/CBMioAFBVV95cUxPcGJPVXpwZjl4M1g0dmJwRjlYRVVEbzhJQURXSmV4ajl5UXRxSTduOF9IR1FzRmZCcHJXUXpHLXVzekdrV0kxdkU4dFhPajk4RkVaUTBtWDl5ZUYzUmphSXVXclgtdGRxMlQ5OXFTQ01hQkdtV1JwVEdhZFpHUE9KUGNZaTIya2UyZlhWc1JEeG1JXzVMMmRCNVlzSkxRblpq?oc=5\" target=\"_blank\" rel=\"nofollow noopener\">De har v\u00e6rt sammen i 20 \u00e5r. For f\u00f8rste gang m\u00e5 Janine Opheim bytte en gave.<\/a>&nbsp;&nbsp;Bergens Tidende<\/li>\n<li><a href=\"https:\/\/news.google.com\/rss\/articles\/CBMif0FVX3lxTE14aWFmYVhaajVwb04wcFZfZ09MZHY2a05SQlZxdGRfOFVVOGd1VThkcXdBZlV5bE11dU02M1NPaHFjY1JEQlUxWk9LYzgtS0RoMXc5ZWlRcExoRXNwMGthckdIUXA4dnRzVU1PU3U5UjBoYUY1WEJVSkdhNDh0U3c?oc=5\" target=\"_blank\" rel=\"nofollow noopener\">I dag kom \u00aballe\u00bb innom: \u2013 Bare tre som ikke byttet<\/a>&nbsp;&nbsp;agderposten.no<\/li>\n<li><a href=\"https:\/\/news.google.com\/rss\/articles\/CBMilAFBVV95cUxORUJwd3kwQkdPMHQ2a2ZwWXdKMkE2WXE2Q2VqWU1yZFBaYnRkM3lSRVhkT3I3S0lHaXBjdkJ5Qm9TMUdXWXFjSktMeEJkbWlSbUgyVEtGMmlDenFkN19zMHEzdFJjMFplaFVwcEk4cjNwRTM3QTZXUWZBdW5QZ2t3RkhJODlQdVNjbnBrS0hpUG1OY3Bf?oc=5\" target=\"_blank\" rel=\"nofollow noopener\">Bytte en julegave? \u2013 dette har du krav p\u00e5<\/a>&nbsp;&nbsp;NRK<\/li>\n<li><a href=\"https:\/\/news.google.com\/rss\/articles\/CBMickFVX3lxTFBMUVpqM3Nkckt1b0F1MDBneU5KTk1pUlNGSU1nUkhSaHV3ZE51YzV3YXdiVFB0QUhwOS1xWm9GMGo3S3VOa2huR0FCd1pOTVlmRWk1NnhQbFl4c1BDX0xRUXZicm1UNDJITmhWZWplTkZrUQ?oc=5\" target=\"_blank\" rel=\"nofollow noopener\">(+) \u2013 Noe av det falt ikke helt i smak<\/a>&nbsp;&nbsp;fvn.no<\/li>\n<\/ol>\n","protected":false},"excerpt":{"rendered":"Byttekaos p\u00e5 Str\u00f8mmen Storsenter&nbsp;&nbsp;Romerikes Blad De har v\u00e6rt sammen i 20 \u00e5r. For f\u00f8rste gang m\u00e5 Janine Opheim&hellip;\n","protected":false},"author":2,"featured_media":122961,"comment_status":"","ping_status":"","sticky":false,"template":"","format":"standard","meta":{"footnotes":""},"categories":[10],"tags":[20,21,24,25,15,22,23,13,30,28,29,14,16,26,27],"class_list":{"0":"post-122960","1":"post","2":"type-post","3":"status-publish","4":"format-standard","5":"has-post-thumbnail","7":"category-norge","8":"tag-breaking-news","9":"tag-breakingnews","10":"tag-featured-news","11":"tag-featurednews","12":"tag-headlines","13":"tag-latest-news","14":"tag-latestnews","15":"tag-news","16":"tag-no","17":"tag-norge","18":"tag-norway","19":"tag-nyheter","20":"tag-overskrifter","21":"tag-top-stories","22":"tag-topstories"},"share_on_mastodon":{"url":"https:\/\/pubeurope.com\/@no\/115792737914953296","error":""},"_links":{"self":[{"href":"https:\/\/www.europesays.com\/no\/wp-json\/wp\/v2\/posts\/122960","targetHints":{"allow":["GET"]}}],"collection":[{"href":"https:\/\/www.europesays.com\/no\/wp-json\/wp\/v2\/posts"}],"about":[{"href":"https:\/\/www.europesays.com\/no\/wp-json\/wp\/v2\/types\/post"}],"author":[{"embeddable":true,"href":"https:\/\/www.europesays.com\/no\/wp-json\/wp\/v2\/users\/2"}],"replies":[{"embeddable":true,"href":"https:\/\/www.europesays.com\/no\/wp-json\/wp\/v2\/comments?post=122960"}],"version-history":[{"count":0,"href":"https:\/\/www.europesays.com\/no\/wp-json\/wp\/v2\/posts\/122960\/revisions"}],"wp:featuredmedia":[{"embeddable":true,"href":"https:\/\/www.europesays.com\/no\/wp-json\/wp\/v2\/media\/122961"}],"wp:attachment":[{"href":"https:\/\/www.europesays.com\/no\/wp-json\/wp\/v2\/media?parent=122960"}],"wp:term":[{"taxonomy":"category","embeddable":true,"href":"https:\/\/www.europesays.com\/no\/wp-json\/wp\/v2\/categories?post=122960"},{"taxonomy":"post_tag","embeddable":true,"href":"https:\/\/www.europesays.com\/no\/wp-json\/wp\/v2\/tags?post=122960"}],"curies":[{"name":"wp","href":"https:\/\/api.w.org\/{rel}","templated":true}]}}