{"id":122962,"date":"2025-12-27T17:41:13","date_gmt":"2025-12-27T17:41:13","guid":{"rendered":"https:\/\/www.europesays.com\/no\/122962\/"},"modified":"2025-12-27T17:41:13","modified_gmt":"2025-12-27T17:41:13","slug":"valdresflye-vinterstenging-stengt-til-paske-oppland-arbeiderblad","status":"publish","type":"post","link":"https:\/\/www.europesays.com\/no\/122962\/","title":{"rendered":"Valdresflye, Vinterstenging | Stengt til p\u00e5ske &#8211; Oppland Arbeiderblad"},"content":{"rendered":"<ol>\n<li><a href=\"https:\/\/news.google.com\/rss\/articles\/CBMiXkFVX3lxTE9mb0doR05sTThJWE1XOE5YVUtlcThQa3RqbWlTTlRaa3Z0ZmpRNmZncGs4RURuQkZNbWczUnNkTGtvcUdVazJhN2l0Rk9Yb1VRbEtQcTU4SGFNNlhkekE?oc=5\" target=\"_blank\" rel=\"nofollow noopener\">Valdresflye, Vinterstenging | Stengt til p\u00e5ske<\/a>&nbsp;&nbsp;Oppland Arbeiderblad<\/li>\n<li><a href=\"https:\/\/news.google.com\/rss\/articles\/CBMiiwFBVV95cUxNZHJRN3lVQUJBRVEyZnUwWUtBUzV5VVN0a1pGSEs3amlHaWt1U0VOWHhsTTZjZVo1RnlvWjhmUE9GVzRweDRqUEJDZFBTWGJ6ckZPaGFMQTlnQUoyLVJRMjRyclFWS3p6S2NkREh4Q1N3QWFtemVrUjg1RVFFSlhaUmsxWUw1R1NqcnNV?oc=5\" target=\"_blank\" rel=\"nofollow noopener\">Fjellovergangen Valdresflye er vinterstengt<\/a>&nbsp;&nbsp;NRK<\/li>\n<li><a href=\"https:\/\/news.google.com\/rss\/articles\/CBMivgFBVV95cUxQb1VYLXhRNzlaSUREakdCRWpYbmp1Ml85Vjl5a25ObXFvOGl1YzFMcnhsQUIxbnRmVXVKUEVoVm9CbFg0NnpEdktheXRmRjBfYXpRYmNhZjQ2YmszSWtZMEpTZW9rQ3pBYmJqWHE3QktfTGxPX0UyRnpUZ1RScXRFcFQ3WE5GX1lFaWVQNzFkM085aXdWQjVPUmlvY25UY1lvSjNfSjNNNFN4UWJXZk1sa0luQ2wyUGYtajM1RGlB?oc=5\" target=\"_blank\" rel=\"nofollow noopener\">Vind, Uv\u00e6r | Meldt opp mot orkan i kastene: \u2013 Betydelig sannsynlighet for at vegen m\u00e5 stenges<\/a>&nbsp;&nbsp;Avisa Valdres<\/li>\n<li><a href=\"https:\/\/news.google.com\/rss\/articles\/CBMilwFBVV95cUxQcjFLUTdGMkI2OUdabF9TOExxMWpZbHFEN3FXZzBLWGlJZkZuSkVWSU5JYnc1dlh1VDNjaVdwSzRmU1pRbzRTcmtHb0doczVKVmQxZGNsWWF5bWpJUFdOcnFhdU9iV3Z1b25YZ2NELXEzT1F6WEg0TU4zU3RVNzBLRW5HYXdmc3VBWlI3Q0NfOUJsUDBJSkI4?oc=5\" target=\"_blank\" rel=\"nofollow noopener\">V\u00e5g\u00e5, Trafikk | &#8211; Vil v\u00e6re \u00e5pen til over nytt\u00e5r om v\u00e6rvarselet sl\u00e5r til<\/a>&nbsp;&nbsp;Norddalen<\/li>\n<li><a href=\"https:\/\/news.google.com\/rss\/articles\/CBMihwFBVV95cUxPMjNqYWJEWTdjM3ZkdmxnQUY4aW5Od3l0SFpaWUpTdy1La2lHY2tTaEpuSjRqdUNXRkhIeDVudlRwTlJGNTFhQm5WUFpidFJOdkJfRUtYVkpfOHU2V0I2STRRM1Z4azh5NXVROHJnVVRIeHBBeG5qOE1yZDJodE9WSGhydjRlcjg?oc=5\" target=\"_blank\" rel=\"nofollow noopener\">Fylkesveg over Valdresflye er stengt<\/a>&nbsp;&nbsp;Avisa Valdres<\/li>\n<\/ol>\n","protected":false},"excerpt":{"rendered":"Valdresflye, Vinterstenging | Stengt til p\u00e5ske&nbsp;&nbsp;Oppland Arbeiderblad Fjellovergangen Valdresflye er vinterstengt&nbsp;&nbsp;NRK Vind, Uv\u00e6r | Meldt opp mot orkan&hellip;\n","protected":false},"author":2,"featured_media":122963,"comment_status":"","ping_status":"","sticky":false,"template":"","format":"standard","meta":{"footnotes":""},"categories":[10],"tags":[20,21,24,25,15,22,23,13,30,28,29,14,16,26,27],"class_list":{"0":"post-122962","1":"post","2":"type-post","3":"status-publish","4":"format-standard","5":"has-post-thumbnail","7":"category-norge","8":"tag-breaking-news","9":"tag-breakingnews","10":"tag-featured-news","11":"tag-featurednews","12":"tag-headlines","13":"tag-latest-news","14":"tag-latestnews","15":"tag-news","16":"tag-no","17":"tag-norge","18":"tag-norway","19":"tag-nyheter","20":"tag-overskrifter","21":"tag-top-stories","22":"tag-topstories"},"share_on_mastodon":{"url":"https:\/\/pubeurope.com\/@no\/115792765437208712","error":""},"_links":{"self":[{"href":"https:\/\/www.europesays.com\/no\/wp-json\/wp\/v2\/posts\/122962","targetHints":{"allow":["GET"]}}],"collection":[{"href":"https:\/\/www.europesays.com\/no\/wp-json\/wp\/v2\/posts"}],"about":[{"href":"https:\/\/www.europesays.com\/no\/wp-json\/wp\/v2\/types\/post"}],"author":[{"embeddable":true,"href":"https:\/\/www.europesays.com\/no\/wp-json\/wp\/v2\/users\/2"}],"replies":[{"embeddable":true,"href":"https:\/\/www.europesays.com\/no\/wp-json\/wp\/v2\/comments?post=122962"}],"version-history":[{"count":0,"href":"https:\/\/www.europesays.com\/no\/wp-json\/wp\/v2\/posts\/122962\/revisions"}],"wp:featuredmedia":[{"embeddable":true,"href":"https:\/\/www.europesays.com\/no\/wp-json\/wp\/v2\/media\/122963"}],"wp:attachment":[{"href":"https:\/\/www.europesays.com\/no\/wp-json\/wp\/v2\/media?parent=122962"}],"wp:term":[{"taxonomy":"category","embeddable":true,"href":"https:\/\/www.europesays.com\/no\/wp-json\/wp\/v2\/categories?post=122962"},{"taxonomy":"post_tag","embeddable":true,"href":"https:\/\/www.europesays.com\/no\/wp-json\/wp\/v2\/tags?post=122962"}],"curies":[{"name":"wp","href":"https:\/\/api.w.org\/{rel}","templated":true}]}}